{"id":98,"date":"2013-06-06T00:00:00","date_gmt":"2013-06-06T00:00:00","guid":{"rendered":"https:\/\/ramib.org\/oficial\/index.php\/conferencia-estructura-psicologica-de-la-personalitat-juniperiana\/"},"modified":"2019-09-03T10:23:31","modified_gmt":"2019-09-03T10:23:31","slug":"conferencia-estructura-psicologica-de-la-personalitat-juniperiana","status":"publish","type":"post","link":"https:\/\/ramib.org\/oficial\/index.php\/2013\/06\/06\/conferencia-estructura-psicologica-de-la-personalitat-juniperiana\/","title":{"rendered":"CONFERENCIA: Estructura psicol\u00f2gica de la personalitat juniperiana"},"content":{"rendered":"<p><span class=\"cargoMiembro\">CONFERENCIA : Ens va oferir el passat dia 30 de maig, segons havia estat anunciada la confer\u00e8ncia que nostra Acad\u00e8mica Dra Joana M\u00aa. Sureda Trujillo en la Reial Acad\u00e8mia d\u2019Estudis Hist\u00f2rics de Mallorca, situada a la seu que li \u00e9s habitual de Can Campaner de ciutat, amb el t\u00edtol \u201cEstructura psicol\u00f2gica de la personalitat juniperiana\u201d, presentada als presents per l&#8217;acad\u00e8mic i president d&#8217;aquella Dr. Rom\u00e1n Pi\u00f1a Homs.<\/span><\/p>\n<p>  <!--more-->  <\/p>\n<p>\u00a0<\/p>\n<p>Ens va oferir el passat dia 30 de maig, segons havia estat anunciada la confer\u00e8ncia que nostra Acad\u00e8mica <strong>Dra Joana M\u00aa. Sureda Trujillo<\/strong> en la Reial Acad\u00e8mia d\u2019Estudis Hist\u00f2rics de Mallorca, situada a la seu que li \u00e9s habitual de Can Campaner de ciutat, amb el t\u00edtol \u201c<strong>Estructura psicol\u00f2gica de la personalitat juniperiana<\/strong>\u201d, presentada als presents per l&#8217;acad\u00e8mic i president d&#8217;aquella <strong>Dr. Rom\u00e1n Pi\u00f1a Homs.<\/strong><\/p>\n<p>Justifica en haver estat inclosa en el cicle dedicat al <strong>III Centenari de<\/strong> <strong>fra Jun\u00edpero Serra<\/strong> \u2013francisc\u00e0 illenc d&#8217;intensa vocaci\u00f3 missionera i evangelizadora, sent primigeni colonitzador de la pen\u00ednsula de Calif\u00f2rnia-.<\/p>\n<p>Aquesta aportaci\u00f3 cient\u00edfica igualment programada dins d&#8217;un conveni subscrit entre la Reial Acad\u00e8mia esmentada i la Conselleria de Presid\u00e8ncia del Govern dels Illes Balears; va explicar a m\u00e9s amb la col\u00b7laboraci\u00f3 del Rotary Club \u201cJun\u00edpero Serra\u201d.<\/p>\n<p><span class=\"cargoMiembro\">Amb una notable assist\u00e8ncia de p\u00fablic interessat en el tema cient\u00edfic per suggeridor, que va contestar l&#8217;exposici\u00f3 il\u00b7lustrada amb un calor\u00f3s aplaudiment, de la m\u00e0 d&#8217;acad\u00e8mics, membres rotaris, psic\u00f2legs, sacerdots, historiadors i simpatitzants, que van fer compartit col\u00b7loqui i dist\u00e8s per am\u00e8, el tancament de l&#8217;acte acad\u00e8mic.<\/span><\/p>\n","protected":false},"excerpt":{"rendered":"<p>CONFERENCIA : Ens va oferir el passat dia 30 de maig, segons havia estat anunciada la confer\u00e8ncia que nostra Acad\u00e8mica Dra Joana M\u00aa. Sureda Trujillo en la Reial Acad\u00e8mia d\u2019Estudis [&hellip;]<\/p>\n","protected":false},"author":2,"featured_media":0,"comment_status":"closed","ping_status":"closed","sticky":false,"template":"","format":"standard","meta":{"_monsterinsights_skip_tracking":false,"_monsterinsights_sitenote_active":false,"_monsterinsights_sitenote_note":"","_monsterinsights_sitenote_category":0,"footnotes":""},"categories":[],"tags":[],"_links":{"self":[{"href":"https:\/\/ramib.org\/oficial\/index.php\/wp-json\/wp\/v2\/posts\/98"}],"collection":[{"href":"https:\/\/ramib.org\/oficial\/index.php\/wp-json\/wp\/v2\/posts"}],"about":[{"href":"https:\/\/ramib.org\/oficial\/index.php\/wp-json\/wp\/v2\/types\/post"}],"author":[{"embeddable":true,"href":"https:\/\/ramib.org\/oficial\/index.php\/wp-json\/wp\/v2\/users\/2"}],"replies":[{"embeddable":true,"href":"https:\/\/ramib.org\/oficial\/index.php\/wp-json\/wp\/v2\/comments?post=98"}],"version-history":[{"count":1,"href":"https:\/\/ramib.org\/oficial\/index.php\/wp-json\/wp\/v2\/posts\/98\/revisions"}],"predecessor-version":[{"id":991,"href":"https:\/\/ramib.org\/oficial\/index.php\/wp-json\/wp\/v2\/posts\/98\/revisions\/991"}],"wp:attachment":[{"href":"https:\/\/ramib.org\/oficial\/index.php\/wp-json\/wp\/v2\/media?parent=98"}],"wp:term":[{"taxonomy":"category","embeddable":true,"href":"https:\/\/ramib.org\/oficial\/index.php\/wp-json\/wp\/v2\/categories?post=98"},{"taxonomy":"post_tag","embeddable":true,"href":"https:\/\/ramib.org\/oficial\/index.php\/wp-json\/wp\/v2\/tags?post=98"}],"curies":[{"name":"wp","href":"https:\/\/api.w.org\/{rel}","templated":true}]}}