{"id":7518,"date":"2026-09-06T10:57:57","date_gmt":"2026-09-06T10:57:57","guid":{"rendered":"https:\/\/ramib.org\/oficial\/?p=7518"},"modified":"2026-09-06T10:57:58","modified_gmt":"2026-09-06T10:57:58","slug":"24-11-2026-sessio-cientifica-cancer-de-prostata-2026-present-passat-i-futur","status":"publish","type":"post","link":"https:\/\/ramib.org\/oficial\/index.php\/2026\/09\/06\/24-11-2026-sessio-cientifica-cancer-de-prostata-2026-present-passat-i-futur\/","title":{"rendered":"24\/11\/2026: Sessi\u00f3 Cient\u00edfica \u00abC\u00e0ncer de Pr\u00f2stata 2026, present, passat i futur\u00bb"},"content":{"rendered":"\n<h1 class=\"wp-block-heading\"><strong>Campanya Internacional Movember | Reial Acad\u00e8mia de Medicina de les Illes Balears<\/strong><\/h1>\n\n\n\n<p>El c\u00e0ncer de pr\u00f2stata \u00e9s el tumor m\u00e9s freq\u00fcent en l\u2019home i representa un problema de salut p\u00fablica de primera magnitud a causa de la seva elevada incid\u00e8ncia i del seu impacte en la qualitat de vida. En el marc de la iniciativa internacional <strong>Movember<\/strong>, orientada a conscienciar sobre la salut masculina, la Reial Acad\u00e8mia de Medicina de les Illes Balears (RAMIB) organitza aquesta jornada cient\u00edfica divulgativa per abordar de manera integral la realitat d\u2019aquesta patologia.<\/p>\n\n\n\n<p>En aquest context, la RAMIB vol contribuir amb la sessi\u00f3 programada, amb els objectius seg\u00fcents:<\/p>\n\n\n\n<ul>\n<li>Actualitzar diferents aspectes d\u2019inter\u00e8s i actualitat en aquesta patologia, com ara el paper de la <strong>intel\u00b7lig\u00e8ncia artificial en el c\u00e0ncer de pr\u00f2stata<\/strong>.<\/li>\n\n\n\n<li>Analitzar el benefici cl\u00ednic del <strong>cribratge poblacional<\/strong> i de les pol\u00edtiques de diagn\u00f2stic preco\u00e7.<\/li>\n\n\n\n<li>Sensibilitzar la poblaci\u00f3 general sobre la import\u00e0ncia de la <strong>salut masculina<\/strong>.<\/li>\n\n\n\n<li>Afavorir l\u2019<strong>intercanvi multidisciplinari<\/strong>.<\/li>\n<\/ul>\n\n\n\n<h3 class=\"wp-block-heading\"><strong>Programa cient\u00edfic<\/strong><\/h3>\n\n\n\n<ul>\n<li><strong>17.00 \u2013 17.15 h:<\/strong> Benvinguda institucional i presentaci\u00f3 de la sessi\u00f3.<br><em>Dr. Joan Benejam Gual<\/em><\/li>\n\n\n\n<li><strong>17.15 \u2013 17.45 h:<\/strong> <em>Del passat a l\u2019actualitat en el c\u00e0ncer de pr\u00f2stata: recorregut hist\u00f2ric.<\/em><br><em>Prof. Dr. Antoni Gelabert Mas<\/em><\/li>\n\n\n\n<li><strong>17.45 \u2013 18.15 h:<\/strong> <em>C\u00e0ncer de pr\u00f2stata i pacients d\u2019edat avan\u00e7ada: ha de modificar o limitar els nostres protocols terap\u00e8utics?<\/em><br><em>Prof. Dr. \u00c1ngel Borque Fernando<\/em><\/li>\n\n\n\n<li><strong>18.15 \u2013 18.45 h:<\/strong> <em>Ha arribat el moment d\u2019iniciar campanyes de cribratge poblacional?<\/em><br><em>Dr. Joan Benejam Gual<\/em><\/li>\n\n\n\n<li><strong>18.45 \u2013 19.15 h:<\/strong> <em>Intel\u00b7lig\u00e8ncia artificial i c\u00e0ncer de pr\u00f2stata: estat actual.<\/em><br><em>Prof. Dr. \u00c1ngel Borque Fernando<\/em><\/li>\n\n\n\n<li><strong>19.15 \u2013 19.45 h:<\/strong> <strong>Taula rodona: Casos cl\u00ednics amb metges residents.<\/strong><br><em>Moderadora: Dra. Yumaira Hern\u00e1ndez<\/em><\/li>\n\n\n\n<li><strong>19.45 \u2013 20.00 h:<\/strong> Debat obert al p\u00fablic i cloenda.<\/li>\n<\/ul>\n\n\n\n<h3 class=\"wp-block-heading\"><strong>Ponents<\/strong><\/h3>\n\n\n\n<ul>\n<li><strong>Dr. Joan Benejam Gual:<\/strong> Cap del Servei d\u2019Urologia de l\u2019Hospital de Manacor. President de la RAMIB.<\/li>\n\n\n\n<li><strong>Prof. Dr. \u00c1ngel Borque Fernando:<\/strong> Cap de Secci\u00f3 d\u2019Urologia de l\u2019Hospital Miguel Servet (Saragossa) i professor titular d\u2019Urologia de la Universitat de Saragossa.<\/li>\n\n\n\n<li><strong>Prof. Dr. Antoni Gelabert Mas:<\/strong> Catedr\u00e0tic em\u00e8rit d\u2019Urologia de la Universitat Aut\u00f2noma de Barcelona (UAB) i acad\u00e8mic corresponent de la RAMIB.<\/li>\n\n\n\n<li><strong>Dra. Yumaira Hern\u00e1ndez:<\/strong> Ur\u00f2loga de l\u2019Hospital de Manacor.<\/li>\n<\/ul>\n\n\n\n<p><strong>L\u2019entrada a l\u2019acte \u00e9s lliure i gratu\u00efta.<\/strong><\/p>\n\n\n\n<p>La jornada es podr\u00e0 seguir <strong>en directe a trav\u00e9s del canal de YouTube de la corporaci\u00f3<\/strong>:<br><a target=\"_blank\" rel=\"noreferrer noopener\" href=\"https:\/\/www.youtube.com\/@REIALACADEMIAMEDICINABALEARS?utm_source=chatgpt.com\">REIAL ACADEMIA DE MEDICINA BALEARS \u2013 YouTube<\/a><\/p>\n\n\n\n<figure class=\"wp-block-image size-full\"><img loading=\"lazy\" decoding=\"async\" width=\"1024\" height=\"576\" src=\"https:\/\/ramib.org\/oficial\/wp-content\/uploads\/2023\/09\/SALON.jpg\" alt=\"\" class=\"wp-image-4775\" srcset=\"https:\/\/ramib.org\/oficial\/wp-content\/uploads\/2023\/09\/SALON.jpg 1024w, https:\/\/ramib.org\/oficial\/wp-content\/uploads\/2023\/09\/SALON-300x169.jpg 300w, https:\/\/ramib.org\/oficial\/wp-content\/uploads\/2023\/09\/SALON-768x432.jpg 768w, https:\/\/ramib.org\/oficial\/wp-content\/uploads\/2023\/09\/SALON-696x392.jpg 696w, https:\/\/ramib.org\/oficial\/wp-content\/uploads\/2023\/09\/SALON-747x420.jpg 747w\" sizes=\"(max-width: 1024px) 100vw, 1024px\" \/><\/figure>\n","protected":false},"excerpt":{"rendered":"<p>Campanya Internacional Movember | Reial Acad\u00e8mia de Medicina de les Illes Balears El c\u00e0ncer de pr\u00f2stata \u00e9s el tumor m\u00e9s freq\u00fcent en l\u2019home i representa un problema de salut p\u00fablica [&hellip;]<\/p>\n","protected":false},"author":3,"featured_media":7519,"comment_status":"open","ping_status":"closed","sticky":false,"template":"","format":"standard","meta":{"_monsterinsights_skip_tracking":false,"_monsterinsights_sitenote_active":false,"_monsterinsights_sitenote_note":"","_monsterinsights_sitenote_category":0,"footnotes":""},"categories":[14,24,1800,17],"tags":[1821,2353,2356,2357,2355,2354,2358,199,1598,1835,1167],"_links":{"self":[{"href":"https:\/\/ramib.org\/oficial\/index.php\/wp-json\/wp\/v2\/posts\/7518"}],"collection":[{"href":"https:\/\/ramib.org\/oficial\/index.php\/wp-json\/wp\/v2\/posts"}],"about":[{"href":"https:\/\/ramib.org\/oficial\/index.php\/wp-json\/wp\/v2\/types\/post"}],"author":[{"embeddable":true,"href":"https:\/\/ramib.org\/oficial\/index.php\/wp-json\/wp\/v2\/users\/3"}],"replies":[{"embeddable":true,"href":"https:\/\/ramib.org\/oficial\/index.php\/wp-json\/wp\/v2\/comments?post=7518"}],"version-history":[{"count":1,"href":"https:\/\/ramib.org\/oficial\/index.php\/wp-json\/wp\/v2\/posts\/7518\/revisions"}],"predecessor-version":[{"id":7521,"href":"https:\/\/ramib.org\/oficial\/index.php\/wp-json\/wp\/v2\/posts\/7518\/revisions\/7521"}],"wp:featuredmedia":[{"embeddable":true,"href":"https:\/\/ramib.org\/oficial\/index.php\/wp-json\/wp\/v2\/media\/7519"}],"wp:attachment":[{"href":"https:\/\/ramib.org\/oficial\/index.php\/wp-json\/wp\/v2\/media?parent=7518"}],"wp:term":[{"taxonomy":"category","embeddable":true,"href":"https:\/\/ramib.org\/oficial\/index.php\/wp-json\/wp\/v2\/categories?post=7518"},{"taxonomy":"post_tag","embeddable":true,"href":"https:\/\/ramib.org\/oficial\/index.php\/wp-json\/wp\/v2\/tags?post=7518"}],"curies":[{"name":"wp","href":"https:\/\/api.w.org\/{rel}","templated":true}]}}