{"id":7513,"date":"2026-09-06T10:42:46","date_gmt":"2026-09-06T10:42:46","guid":{"rendered":"https:\/\/ramib.org\/oficial\/?p=7513"},"modified":"2026-09-06T10:49:20","modified_gmt":"2026-09-06T10:49:20","slug":"24-11-2026-sesion-cientifica-cancer-de-prostata-2026-presente-pasado-y-futuro","status":"publish","type":"post","link":"https:\/\/ramib.org\/oficial\/index.php\/2026\/09\/06\/24-11-2026-sesion-cientifica-cancer-de-prostata-2026-presente-pasado-y-futuro\/?lang=es","title":{"rendered":"24\/11\/2026: Sesi\u00f3n Cient\u00edfica &#8220;C\u00e1ncer de Pr\u00f3stata 2026, presente, pasado y futuro&#8221;"},"content":{"rendered":"\n<p><strong>Campa\u00f1a Internacional Movember | Reial Acad\u00e8mia de Medicina de les Illes Balears<\/strong><\/p>\n\n\n\n<p>El c\u00e1ncer de pr\u00f3stata es el tumor m\u00e1s frecuente en el var\u00f3n y representa un problema de salud p\u00fablica de primera magnitud debido a su elevada incidencia y a su impacto en la calidad de vida. En el marco de la iniciativa internacional <strong>Movember<\/strong>, orientada a concienciar sobre la salud masculina, la Reial Acad\u00e8mia de Medicina de les Illes Balears (RAMIB) organiza esta jornada cient\u00edfica divulgativa para abordar de forma integral la realidad de esta patolog\u00eda.<\/p>\n\n\n\n<p>En este contexto, la RAMIB quiere contribuir con la sesi\u00f3n programada, pretendiendo:<\/p>\n\n\n\n<ul>\n<li>Actualizar distintos aspectos de inter\u00e9s y actualidad en esta patolog\u00eda, como puede ser el papel de la Inteligencia Artificial y c\u00e1ncer de Pr\u00f3stata.<\/li>\n\n\n\n<li>Analizar el beneficio cl\u00ednico del screening poblacional o pol\u00edticas de diagn\u00f3stico precoz.<\/li>\n\n\n\n<li>Sensibilizar a la poblaci\u00f3n general sobre la importancia de la salud masculina.<\/li>\n\n\n\n<li>Favorecer el intercambio multidisciplinar.<\/li>\n<\/ul>\n\n\n\n<h3 class=\"wp-block-heading\">Programa Cient\u00edfico<\/h3>\n\n\n\n<ul>\n<li><strong>17:00 &#8211; 17:15 h:<\/strong> Bienvenida institucional y presentaci\u00f3n de la sesi\u00f3n.<em>Dr. Joan Benejam Gual<\/em><\/li>\n\n\n\n<li><strong>17:15 &#8211; 17:45 h:<\/strong> Del pasado a la actualidad en el c\u00e1ncer de pr\u00f3stata: recorrido hist\u00f3rico.<em>Prof. Dr. Antoni Gelabert Mas<\/em><\/li>\n\n\n\n<li><strong>17:45 &#8211; 18:15 h:<\/strong> C\u00e1ncer de pr\u00f3stata y pacientes a\u00f1osos: \u00bfdebe modificar \/ limitar nuestros protocolos terap\u00e9uticos?<em>Prof. Dr. \u00c1ngel Borque Fernando<\/em><\/li>\n\n\n\n<li><strong>18:15 &#8211; 18:45 h:<\/strong> \u00bfHa llegado el momento de iniciar campa\u00f1as de cribado poblacional?<em>Dr. Joan Benejam Gual<\/em><\/li>\n\n\n\n<li><strong>18:45 &#8211; 19:15 h:<\/strong> Inteligencia Artificial y c\u00e1ncer de pr\u00f3stata: estado actual.<em>Prof. Dr. \u00c1ngel Borque Fernando<\/em><\/li>\n\n\n\n<li><strong>19:15 &#8211; 19:45 h:<\/strong> Mesa Redonda: Casos cl\u00ednicos con M\u00e9dicos Residentes.<em>Moderadora: Dra. Yumaira Hern\u00e1ndez<\/em><\/li>\n\n\n\n<li><strong>19:45 &#8211; 20:00 h:<\/strong> Debate abierto al p\u00fablico y clausura.<\/li>\n<\/ul>\n\n\n\n<h3 class=\"wp-block-heading\">Ponentes<\/h3>\n\n\n\n<ul>\n<li><strong>Dr. Joan Benejam Gual:<\/strong> Jefe del Servicio de Urolog\u00eda del Hospital de Manacor. Presidente de la RAMIB.<\/li>\n\n\n\n<li><strong>Prof. Dr. \u00c1ngel Borque Fernando:<\/strong> Jefe de Secci\u00f3n de Urolog\u00eda del Hospital Miguel Servet (Zaragoza) y Profesor Titular de Urolog\u00eda de la Universidad de Zaragoza.<\/li>\n\n\n\n<li><strong>Prof. Dr. Antoni Gelabert Mas:<\/strong> Catedr\u00e1tico em\u00e9rito de Urolog\u00eda de la Universidad Aut\u00f3noma de Barcelona (UAB) y Acad\u00e9mico correspondiente de la RAMIB.<\/li>\n\n\n\n<li><strong>Dra. Yumaira Hern\u00e1ndez:<\/strong> Ur\u00f3loga del Hospital de Manacor.<\/li>\n<\/ul>\n\n\n\n<p>La entrada al acto es libre y gratuita.<\/p>\n\n\n\n<p>Podr\u00e1 visualizar la jornada en directo en el canal de youtube de la corporaci\u00f3n <a href=\"https:\/\/www.youtube.com\/@REIALACADEMIAMEDICINABALEARS\">https:\/\/www.youtube.com\/@REIALACADEMIAMEDICINABALEARS<\/a><\/p>\n\n\n\n<figure class=\"wp-block-image size-full\"><img loading=\"lazy\" decoding=\"async\" width=\"1024\" height=\"578\" src=\"https:\/\/ramib.org\/oficial\/wp-content\/uploads\/2023\/01\/inau2023port.jpg\" alt=\"\" class=\"wp-image-4263\" srcset=\"https:\/\/ramib.org\/oficial\/wp-content\/uploads\/2023\/01\/inau2023port.jpg 1024w, https:\/\/ramib.org\/oficial\/wp-content\/uploads\/2023\/01\/inau2023port-300x169.jpg 300w, https:\/\/ramib.org\/oficial\/wp-content\/uploads\/2023\/01\/inau2023port-768x434.jpg 768w, https:\/\/ramib.org\/oficial\/wp-content\/uploads\/2023\/01\/inau2023port-696x393.jpg 696w, https:\/\/ramib.org\/oficial\/wp-content\/uploads\/2023\/01\/inau2023port-744x420.jpg 744w\" sizes=\"(max-width: 1024px) 100vw, 1024px\" \/><\/figure>\n","protected":false},"excerpt":{"rendered":"<p>Campa\u00f1a Internacional Movember | Reial Acad\u00e8mia de Medicina de les Illes Balears El c\u00e1ncer de pr\u00f3stata es el tumor m\u00e1s frecuente en el var\u00f3n y representa un problema de salud [&hellip;]<\/p>\n","protected":false},"author":3,"featured_media":7514,"comment_status":"open","ping_status":"closed","sticky":false,"template":"","format":"standard","meta":{"_monsterinsights_skip_tracking":false,"_monsterinsights_sitenote_active":false,"_monsterinsights_sitenote_note":"","_monsterinsights_sitenote_category":0,"footnotes":""},"categories":[14,24,1800,17],"tags":[2328,2339,2340,2335,2341,2336,2331,1842,1807,2342,2327,1845,2333,2332,2343,2325,2344,555,558,191,2345,2346,2329,2347,2338,2337,2348,562,570,199,73,2326,2349,1835,1860,1804,2350,2324,2351,2330,54,193,1167,1178,2352,2334],"_links":{"self":[{"href":"https:\/\/ramib.org\/oficial\/index.php\/wp-json\/wp\/v2\/posts\/7513"}],"collection":[{"href":"https:\/\/ramib.org\/oficial\/index.php\/wp-json\/wp\/v2\/posts"}],"about":[{"href":"https:\/\/ramib.org\/oficial\/index.php\/wp-json\/wp\/v2\/types\/post"}],"author":[{"embeddable":true,"href":"https:\/\/ramib.org\/oficial\/index.php\/wp-json\/wp\/v2\/users\/3"}],"replies":[{"embeddable":true,"href":"https:\/\/ramib.org\/oficial\/index.php\/wp-json\/wp\/v2\/comments?post=7513"}],"version-history":[{"count":1,"href":"https:\/\/ramib.org\/oficial\/index.php\/wp-json\/wp\/v2\/posts\/7513\/revisions"}],"predecessor-version":[{"id":7516,"href":"https:\/\/ramib.org\/oficial\/index.php\/wp-json\/wp\/v2\/posts\/7513\/revisions\/7516"}],"wp:featuredmedia":[{"embeddable":true,"href":"https:\/\/ramib.org\/oficial\/index.php\/wp-json\/wp\/v2\/media\/7514"}],"wp:attachment":[{"href":"https:\/\/ramib.org\/oficial\/index.php\/wp-json\/wp\/v2\/media?parent=7513"}],"wp:term":[{"taxonomy":"category","embeddable":true,"href":"https:\/\/ramib.org\/oficial\/index.php\/wp-json\/wp\/v2\/categories?post=7513"},{"taxonomy":"post_tag","embeddable":true,"href":"https:\/\/ramib.org\/oficial\/index.php\/wp-json\/wp\/v2\/tags?post=7513"}],"curies":[{"name":"wp","href":"https:\/\/api.w.org\/{rel}","templated":true}]}}