{"id":7283,"date":"2026-04-29T19:04:57","date_gmt":"2026-04-29T19:04:57","guid":{"rendered":"https:\/\/ramib.org\/oficial\/?p=7283"},"modified":"2026-04-29T19:05:42","modified_gmt":"2026-04-29T19:05:42","slug":"sindrome-de-ehlers-danlos-revision-clinica-y-genetica-2","status":"publish","type":"post","link":"https:\/\/ramib.org\/oficial\/index.php\/2026\/04\/29\/sindrome-de-ehlers-danlos-revision-clinica-y-genetica-2\/?lang=es","title":{"rendered":"S\u00edndrome de Ehlers-Danlos: Revisi\u00f3n cl\u00ednica y gen\u00e9tica"},"content":{"rendered":"\n<figure class=\"wp-block-embed aligncenter is-type-video is-provider-youtube wp-block-embed-youtube wp-embed-aspect-16-9 wp-has-aspect-ratio\"><div class=\"wp-block-embed__wrapper\">\n<iframe loading=\"lazy\" title=\"S\u00edndrome de Ehlers-Danlos: Revisi\u00f3n cl\u00ednica y gen\u00e9tica\" width=\"696\" height=\"392\" src=\"https:\/\/www.youtube.com\/embed\/UXqet-lNrTI?feature=oembed\" frameborder=\"0\" allow=\"accelerometer; autoplay; clipboard-write; encrypted-media; gyroscope; picture-in-picture; web-share\" referrerpolicy=\"strict-origin-when-cross-origin\" allowfullscreen><\/iframe>\n<\/div><\/figure>\n\n\n\n<p>P\u00edldora cient\u00edfica realizada por el Dr. Jordi Rosell Andreo, jefe Secci\u00f3n Gen\u00e9tica del Hospital Universitari Son Espases.<br>El Dr. Rosell ofrece una revisi\u00f3n cl\u00ednica y gen\u00e9tica del s\u00edndrome de Ehlers-Danlos (SED), explicando que se trata de un grupo de trastornos hereditarios del tejido conectivo que afectan principalmente al col\u00e1geno. Durante la ponencia aborda los principales signos cl\u00ednicos, como la hiperlaxitud articular, el dolor cr\u00f3nico, la fragilidad tisular y la afectaci\u00f3n multisist\u00e9mica, destacando la complejidad del diagn\u00f3stico y la frecuente demora diagn\u00f3stica. Tambi\u00e9n analiza la importancia del estudio gen\u00e9tico, la interpretaci\u00f3n de variantes y la necesidad de un abordaje cl\u00ednico integral centrado en la persona. El Dr. Rosell subraya que no basta con estudiar la gen\u00e9tica: es fundamental comprender la evoluci\u00f3n completa del paciente para mejorar el diagn\u00f3stico, seguimiento y calidad de vida.<\/p>\n","protected":false},"excerpt":{"rendered":"<p>P\u00edldora cient\u00edfica realizada por el Dr. Jordi Rosell Andreo, jefe Secci\u00f3n Gen\u00e9tica del Hospital Universitari Son Espases.El Dr. Rosell ofrece una revisi\u00f3n cl\u00ednica y gen\u00e9tica del s\u00edndrome de Ehlers-Danlos (SED), [&hellip;]<\/p>\n","protected":false},"author":3,"featured_media":7280,"comment_status":"open","ping_status":"closed","sticky":false,"template":"","format":"standard","meta":{"_monsterinsights_skip_tracking":false,"_monsterinsights_sitenote_active":false,"_monsterinsights_sitenote_note":"","_monsterinsights_sitenote_category":0,"footnotes":""},"categories":[14,24,1800],"tags":[2052,2066,2061,2067,2068,2054,2057,2069,2064,2070,2048,2071,2017,2034,2049,2072,2073,2047,2074,2059,2063,2075,2076,2056,2060,2077,2078,2062,2079,2053,1534,1853,2080,2051,42,232,537,340,2081,2055,2082,2046,2050,2083,2084,2065,2058,2085],"_links":{"self":[{"href":"https:\/\/ramib.org\/oficial\/index.php\/wp-json\/wp\/v2\/posts\/7283"}],"collection":[{"href":"https:\/\/ramib.org\/oficial\/index.php\/wp-json\/wp\/v2\/posts"}],"about":[{"href":"https:\/\/ramib.org\/oficial\/index.php\/wp-json\/wp\/v2\/types\/post"}],"author":[{"embeddable":true,"href":"https:\/\/ramib.org\/oficial\/index.php\/wp-json\/wp\/v2\/users\/3"}],"replies":[{"embeddable":true,"href":"https:\/\/ramib.org\/oficial\/index.php\/wp-json\/wp\/v2\/comments?post=7283"}],"version-history":[{"count":1,"href":"https:\/\/ramib.org\/oficial\/index.php\/wp-json\/wp\/v2\/posts\/7283\/revisions"}],"predecessor-version":[{"id":7284,"href":"https:\/\/ramib.org\/oficial\/index.php\/wp-json\/wp\/v2\/posts\/7283\/revisions\/7284"}],"wp:featuredmedia":[{"embeddable":true,"href":"https:\/\/ramib.org\/oficial\/index.php\/wp-json\/wp\/v2\/media\/7280"}],"wp:attachment":[{"href":"https:\/\/ramib.org\/oficial\/index.php\/wp-json\/wp\/v2\/media?parent=7283"}],"wp:term":[{"taxonomy":"category","embeddable":true,"href":"https:\/\/ramib.org\/oficial\/index.php\/wp-json\/wp\/v2\/categories?post=7283"},{"taxonomy":"post_tag","embeddable":true,"href":"https:\/\/ramib.org\/oficial\/index.php\/wp-json\/wp\/v2\/tags?post=7283"}],"curies":[{"name":"wp","href":"https:\/\/api.w.org\/{rel}","templated":true}]}}