{"id":7278,"date":"2026-04-29T19:03:21","date_gmt":"2026-04-29T19:03:21","guid":{"rendered":"https:\/\/ramib.org\/oficial\/?p=7278"},"modified":"2026-04-29T19:03:33","modified_gmt":"2026-04-29T19:03:33","slug":"sindrome-de-ehlers-danlos-revision-clinica-y-genetica","status":"publish","type":"post","link":"https:\/\/ramib.org\/oficial\/index.php\/2026\/04\/29\/sindrome-de-ehlers-danlos-revision-clinica-y-genetica\/","title":{"rendered":"S\u00edndrome de Ehlers-Danlos: Revisi\u00f3 cl\u00ednica i gen\u00e8tica"},"content":{"rendered":"\n<figure class=\"wp-block-embed aligncenter is-type-video is-provider-youtube wp-block-embed-youtube wp-embed-aspect-16-9 wp-has-aspect-ratio\"><div class=\"wp-block-embed__wrapper\">\n<iframe loading=\"lazy\" title=\"S\u00edndrome de Ehlers-Danlos: Revisi\u00f3n cl\u00ednica y gen\u00e9tica\" width=\"696\" height=\"392\" src=\"https:\/\/www.youtube.com\/embed\/UXqet-lNrTI?start=4&#038;feature=oembed\" frameborder=\"0\" allow=\"accelerometer; autoplay; clipboard-write; encrypted-media; gyroscope; picture-in-picture; web-share\" referrerpolicy=\"strict-origin-when-cross-origin\" allowfullscreen><\/iframe>\n<\/div><\/figure>\n\n\n\n<p>P\u00edndola cient\u00edfica realitzada pel Dr. Jordi Rosell Andreo, cap Secci\u00f3 Gen\u00e8tica de l&#8217;Hospital Universitari S\u00f3n Espases.<br>El Dr. Rosell ofereix una revisi\u00f3 cl\u00ednica i gen\u00e8tica de la s\u00edndrome de Ehlers-Danlos (SET), explicant que es tracta d&#8217;un grup de trastorns hereditaris del teixit connectiu que afecten principalment el col\u00b7lagen. Durant la pon\u00e8ncia aborda els principals signes cl\u00ednics, com la hiperlaxitud articular, el dolor cr\u00f2nic, la fragilitat tissular i l&#8217;afectaci\u00f3 multisist\u00e8mica, destacant la complexitat del diagn\u00f2stic i la freq\u00fcent demora diagn\u00f2stica. Tamb\u00e9 analitza la import\u00e0ncia de l&#8217;estudi gen\u00e8tic, la interpretaci\u00f3 de variants i la necessitat d&#8217;un abordatge cl\u00ednic integral centrat en la persona. El Dr. Rosell subratlla que no n&#8217;hi ha prou amb estudiar la gen\u00e8tica: \u00e9s fonamental comprendre l&#8217;evoluci\u00f3 completa del pacient per a millorar el diagn\u00f2stic, seguiment i qualitat de vida.<\/p>\n","protected":false},"excerpt":{"rendered":"<p>P\u00edndola cient\u00edfica realitzada pel Dr. Jordi Rosell Andreo, cap Secci\u00f3 Gen\u00e8tica de l&#8217;Hospital Universitari S\u00f3n Espases.El Dr. Rosell ofereix una revisi\u00f3 cl\u00ednica i gen\u00e8tica de la s\u00edndrome de Ehlers-Danlos (SET), [&hellip;]<\/p>\n","protected":false},"author":3,"featured_media":7279,"comment_status":"open","ping_status":"closed","sticky":false,"template":"","format":"standard","meta":{"_monsterinsights_skip_tracking":false,"_monsterinsights_sitenote_active":false,"_monsterinsights_sitenote_note":"","_monsterinsights_sitenote_category":0,"footnotes":""},"categories":[14,24,1800,17],"tags":[2052,2061,2054,2057,2064,2048,2017,2049,2047,2059,2063,2056,2060,2062,2053,1534,2051,232,340,2055,2046,2050,2065,2058],"_links":{"self":[{"href":"https:\/\/ramib.org\/oficial\/index.php\/wp-json\/wp\/v2\/posts\/7278"}],"collection":[{"href":"https:\/\/ramib.org\/oficial\/index.php\/wp-json\/wp\/v2\/posts"}],"about":[{"href":"https:\/\/ramib.org\/oficial\/index.php\/wp-json\/wp\/v2\/types\/post"}],"author":[{"embeddable":true,"href":"https:\/\/ramib.org\/oficial\/index.php\/wp-json\/wp\/v2\/users\/3"}],"replies":[{"embeddable":true,"href":"https:\/\/ramib.org\/oficial\/index.php\/wp-json\/wp\/v2\/comments?post=7278"}],"version-history":[{"count":2,"href":"https:\/\/ramib.org\/oficial\/index.php\/wp-json\/wp\/v2\/posts\/7278\/revisions"}],"predecessor-version":[{"id":7282,"href":"https:\/\/ramib.org\/oficial\/index.php\/wp-json\/wp\/v2\/posts\/7278\/revisions\/7282"}],"wp:featuredmedia":[{"embeddable":true,"href":"https:\/\/ramib.org\/oficial\/index.php\/wp-json\/wp\/v2\/media\/7279"}],"wp:attachment":[{"href":"https:\/\/ramib.org\/oficial\/index.php\/wp-json\/wp\/v2\/media?parent=7278"}],"wp:term":[{"taxonomy":"category","embeddable":true,"href":"https:\/\/ramib.org\/oficial\/index.php\/wp-json\/wp\/v2\/categories?post=7278"},{"taxonomy":"post_tag","embeddable":true,"href":"https:\/\/ramib.org\/oficial\/index.php\/wp-json\/wp\/v2\/tags?post=7278"}],"curies":[{"name":"wp","href":"https:\/\/api.w.org\/{rel}","templated":true}]}}