{"id":7178,"date":"2026-03-13T10:13:10","date_gmt":"2026-03-13T10:13:10","guid":{"rendered":"https:\/\/ramib.org\/oficial\/?p=7178"},"modified":"2026-03-23T15:26:35","modified_gmt":"2026-03-23T15:26:35","slug":"7178","status":"publish","type":"post","link":"https:\/\/ramib.org\/oficial\/index.php\/2026\/03\/13\/7178\/","title":{"rendered":"19\/03\/2026: \u201cDels algorismes a les decisions cl\u00edniques: Entendre i regular la Intel\u00b7lig\u00e8ncia Artificial en Medicina\u201d"},"content":{"rendered":"\n<p>El passat 19 de mar\u00e7 de 2026 va tenir lloc en la seu de la RAMIB la taula rodona \u201cDels algorismes a les decisions cl\u00edniques: Entendre i regular la Intel\u00b7lig\u00e8ncia Artificial en Medicina\u201d, una trobada que va reunir especialistes de l&#8217;\u00e0mbit cient\u00edfic i jur\u00eddic per a reflexionar sobre el paper creixent de la intel\u00b7lig\u00e8ncia artificial (IA) en l&#8217;entorn sanitari.<\/p>\n\n\n<div class=\"wp-block-image\">\n<figure class=\"aligncenter size-large\"><img loading=\"lazy\" decoding=\"async\" width=\"1024\" height=\"677\" src=\"https:\/\/ramib.org\/oficial\/wp-content\/uploads\/2026\/03\/IMG_9352-1024x677.jpg\" alt=\"\" class=\"wp-image-7194\" srcset=\"https:\/\/ramib.org\/oficial\/wp-content\/uploads\/2026\/03\/IMG_9352-1024x677.jpg 1024w, https:\/\/ramib.org\/oficial\/wp-content\/uploads\/2026\/03\/IMG_9352-300x198.jpg 300w, https:\/\/ramib.org\/oficial\/wp-content\/uploads\/2026\/03\/IMG_9352-768x508.jpg 768w, https:\/\/ramib.org\/oficial\/wp-content\/uploads\/2026\/03\/IMG_9352-696x460.jpg 696w, https:\/\/ramib.org\/oficial\/wp-content\/uploads\/2026\/03\/IMG_9352-1068x706.jpg 1068w, https:\/\/ramib.org\/oficial\/wp-content\/uploads\/2026\/03\/IMG_9352-635x420.jpg 635w, https:\/\/ramib.org\/oficial\/wp-content\/uploads\/2026\/03\/IMG_9352.jpg 1500w\" sizes=\"(max-width: 1024px) 100vw, 1024px\" \/><figcaption class=\"wp-element-caption\">.<\/figcaption><\/figure><\/div>\n\n<div class=\"wp-block-image\">\n<figure class=\"aligncenter size-large\"><img loading=\"lazy\" decoding=\"async\" width=\"1024\" height=\"677\" src=\"https:\/\/ramib.org\/oficial\/wp-content\/uploads\/2026\/03\/IMG_9358-1024x677.jpg\" alt=\"\" class=\"wp-image-7196\" srcset=\"https:\/\/ramib.org\/oficial\/wp-content\/uploads\/2026\/03\/IMG_9358-1024x677.jpg 1024w, https:\/\/ramib.org\/oficial\/wp-content\/uploads\/2026\/03\/IMG_9358-300x198.jpg 300w, https:\/\/ramib.org\/oficial\/wp-content\/uploads\/2026\/03\/IMG_9358-768x508.jpg 768w, https:\/\/ramib.org\/oficial\/wp-content\/uploads\/2026\/03\/IMG_9358-696x460.jpg 696w, https:\/\/ramib.org\/oficial\/wp-content\/uploads\/2026\/03\/IMG_9358-1068x706.jpg 1068w, https:\/\/ramib.org\/oficial\/wp-content\/uploads\/2026\/03\/IMG_9358-635x420.jpg 635w, https:\/\/ramib.org\/oficial\/wp-content\/uploads\/2026\/03\/IMG_9358.jpg 1500w\" sizes=\"(max-width: 1024px) 100vw, 1024px\" \/><\/figure><\/div>\n\n\n<p>Van obrir l&#8217;acte els Excms. Presidents de la Reial Acad\u00e8mia de Jurisprud\u00e8ncia de les illes Balears i de la Reial Acad\u00e8mia de Medicina dels Illes Balears agraint a les autoritats i al p\u00fablic present la seva assist\u00e8ncia.<\/p>\n\n\n<div class=\"wp-block-image\">\n<figure class=\"aligncenter size-large\"><img loading=\"lazy\" decoding=\"async\" width=\"1024\" height=\"677\" src=\"https:\/\/ramib.org\/oficial\/wp-content\/uploads\/2026\/03\/IMG_9364-1024x677.jpg\" alt=\"\" class=\"wp-image-7198\" srcset=\"https:\/\/ramib.org\/oficial\/wp-content\/uploads\/2026\/03\/IMG_9364-1024x677.jpg 1024w, https:\/\/ramib.org\/oficial\/wp-content\/uploads\/2026\/03\/IMG_9364-300x198.jpg 300w, https:\/\/ramib.org\/oficial\/wp-content\/uploads\/2026\/03\/IMG_9364-768x508.jpg 768w, https:\/\/ramib.org\/oficial\/wp-content\/uploads\/2026\/03\/IMG_9364-696x460.jpg 696w, https:\/\/ramib.org\/oficial\/wp-content\/uploads\/2026\/03\/IMG_9364-1068x706.jpg 1068w, https:\/\/ramib.org\/oficial\/wp-content\/uploads\/2026\/03\/IMG_9364-635x420.jpg 635w, https:\/\/ramib.org\/oficial\/wp-content\/uploads\/2026\/03\/IMG_9364.jpg 1500w\" sizes=\"(max-width: 1024px) 100vw, 1024px\" \/><\/figure><\/div>\n\n\n<p>La sessi\u00f3 va comptar amb la participaci\u00f3 de la Dra. Irene Garc\u00eda Mosquera i la Dra. Cristina Gil Membrado, totes dues de la Universitat de les Illes Balears (UIB), i va estar moderada pel Dr. Antonio Monserrat (RAJLIB) i el Dr. Joan Benejam (RAMIB). El programa es va estructurar en dues pon\u00e8ncies principals, seguides d&#8217;un torn obert de preguntes amb els assistents.<\/p>\n\n\n<div class=\"wp-block-image\">\n<figure class=\"aligncenter size-large\"><img loading=\"lazy\" decoding=\"async\" width=\"1024\" height=\"677\" src=\"https:\/\/ramib.org\/oficial\/wp-content\/uploads\/2026\/03\/IMG_9368-1024x677.jpg\" alt=\"\" class=\"wp-image-7200\" srcset=\"https:\/\/ramib.org\/oficial\/wp-content\/uploads\/2026\/03\/IMG_9368-1024x677.jpg 1024w, https:\/\/ramib.org\/oficial\/wp-content\/uploads\/2026\/03\/IMG_9368-300x198.jpg 300w, https:\/\/ramib.org\/oficial\/wp-content\/uploads\/2026\/03\/IMG_9368-768x508.jpg 768w, https:\/\/ramib.org\/oficial\/wp-content\/uploads\/2026\/03\/IMG_9368-696x460.jpg 696w, https:\/\/ramib.org\/oficial\/wp-content\/uploads\/2026\/03\/IMG_9368-1068x706.jpg 1068w, https:\/\/ramib.org\/oficial\/wp-content\/uploads\/2026\/03\/IMG_9368-635x420.jpg 635w, https:\/\/ramib.org\/oficial\/wp-content\/uploads\/2026\/03\/IMG_9368.jpg 1500w\" sizes=\"(max-width: 1024px) 100vw, 1024px\" \/><\/figure><\/div>\n\n\n<p>La primera intervenci\u00f3, a c\u00e0rrec de la Dra. Garc\u00eda Mosquera, es va centrar en els fonaments de la intel\u00b7lig\u00e8ncia artificial i en la comprensi\u00f3 del seu funcionament. Durant la seva exposici\u00f3, va explicar com els sistemes d&#8217;aprenentatge autom\u00e0tic processen dades i generen prediccions de car\u00e0cter probabil\u00edstic, subratllant que \u201caprendre\u201d en el cas d&#8217;una m\u00e0quina implica identificar patrons a partir de grans volums d&#8217;informaci\u00f3. A trav\u00e9s d&#8217;exemples cl\u00ednics, va mostrar el potencial d&#8217;aquestes eines en \u00e0mbits com el diagn\u00f2stic o el pron\u00f2stic de malalties, al mateix temps que va insistir en la import\u00e0ncia de con\u00e8ixer els seus l\u00edmits per a evitar una confian\u00e7a excessiva en els seus resultats.<\/p>\n\n\n<div class=\"wp-block-image\">\n<figure class=\"aligncenter size-large\"><img loading=\"lazy\" decoding=\"async\" width=\"1024\" height=\"677\" src=\"https:\/\/ramib.org\/oficial\/wp-content\/uploads\/2026\/03\/IMG_9372-1024x677.jpg\" alt=\"\" class=\"wp-image-7202\" srcset=\"https:\/\/ramib.org\/oficial\/wp-content\/uploads\/2026\/03\/IMG_9372-1024x677.jpg 1024w, https:\/\/ramib.org\/oficial\/wp-content\/uploads\/2026\/03\/IMG_9372-300x198.jpg 300w, https:\/\/ramib.org\/oficial\/wp-content\/uploads\/2026\/03\/IMG_9372-768x508.jpg 768w, https:\/\/ramib.org\/oficial\/wp-content\/uploads\/2026\/03\/IMG_9372-696x460.jpg 696w, https:\/\/ramib.org\/oficial\/wp-content\/uploads\/2026\/03\/IMG_9372-1068x706.jpg 1068w, https:\/\/ramib.org\/oficial\/wp-content\/uploads\/2026\/03\/IMG_9372-635x420.jpg 635w, https:\/\/ramib.org\/oficial\/wp-content\/uploads\/2026\/03\/IMG_9372.jpg 1500w\" sizes=\"(max-width: 1024px) 100vw, 1024px\" \/><\/figure><\/div>\n\n\n<p>Doctora en Enginyeria i especialista en estad\u00edstica matem\u00e0tica, la Dra. Garc\u00eda desenvolupa la seva activitat investigadora en l&#8217;\u00e0mbit del modelatge estad\u00edstic i l&#8217;aprenentatge autom\u00e0tic aplicat a la salut. El seu treball inclou, entre altres l\u00ednies, l&#8217;\u00fas d&#8217;intel\u00b7lig\u00e8ncia artificial en el diagn\u00f2stic diferencial de malalties, l&#8217;an\u00e0lisi de senyals biom\u00e8dics o la predicci\u00f3 de resultats cl\u00ednics, aix\u00ed com la seva participaci\u00f3 en projectes vinculats al disseny d&#8217;assajos cl\u00ednics i la farmacoeconom\u00eda.<\/p>\n\n\n<div class=\"wp-block-image\">\n<figure class=\"aligncenter size-large\"><img loading=\"lazy\" decoding=\"async\" width=\"1024\" height=\"677\" src=\"https:\/\/ramib.org\/oficial\/wp-content\/uploads\/2026\/03\/IMG_9380-1024x677.jpg\" alt=\"\" class=\"wp-image-7206\" srcset=\"https:\/\/ramib.org\/oficial\/wp-content\/uploads\/2026\/03\/IMG_9380-1024x677.jpg 1024w, https:\/\/ramib.org\/oficial\/wp-content\/uploads\/2026\/03\/IMG_9380-300x198.jpg 300w, https:\/\/ramib.org\/oficial\/wp-content\/uploads\/2026\/03\/IMG_9380-768x508.jpg 768w, https:\/\/ramib.org\/oficial\/wp-content\/uploads\/2026\/03\/IMG_9380-696x460.jpg 696w, https:\/\/ramib.org\/oficial\/wp-content\/uploads\/2026\/03\/IMG_9380-1068x706.jpg 1068w, https:\/\/ramib.org\/oficial\/wp-content\/uploads\/2026\/03\/IMG_9380-635x420.jpg 635w, https:\/\/ramib.org\/oficial\/wp-content\/uploads\/2026\/03\/IMG_9380.jpg 1500w\" sizes=\"(max-width: 1024px) 100vw, 1024px\" \/><\/figure><\/div>\n\n\n<p>Per part seva, la Dra. Cristina Gil Membrado va abordar l&#8217;aplicaci\u00f3 de la intel\u00b7lig\u00e8ncia artificial en medicina des d&#8217;una perspectiva jur\u00eddica i bio\u00e8tica. La seva intervenci\u00f3 es va centrar en els principals reptes que planteja la incorporaci\u00f3 d&#8217;aquests sistemes en la presa de decisions cl\u00edniques, analitzant q\u00fcestions com el biaix algor\u00edtmic, l&#8217;opacitat dels models, la delegaci\u00f3 de decisions i l&#8217;atribuci\u00f3 de responsabilitats en cas d&#8217;error.<\/p>\n\n\n<div class=\"wp-block-image\">\n<figure class=\"aligncenter size-large\"><img loading=\"lazy\" decoding=\"async\" width=\"1024\" height=\"677\" src=\"https:\/\/ramib.org\/oficial\/wp-content\/uploads\/2026\/03\/IMG_9382-1024x677.jpg\" alt=\"\" class=\"wp-image-7208\" srcset=\"https:\/\/ramib.org\/oficial\/wp-content\/uploads\/2026\/03\/IMG_9382-1024x677.jpg 1024w, https:\/\/ramib.org\/oficial\/wp-content\/uploads\/2026\/03\/IMG_9382-300x198.jpg 300w, https:\/\/ramib.org\/oficial\/wp-content\/uploads\/2026\/03\/IMG_9382-768x508.jpg 768w, https:\/\/ramib.org\/oficial\/wp-content\/uploads\/2026\/03\/IMG_9382-696x460.jpg 696w, https:\/\/ramib.org\/oficial\/wp-content\/uploads\/2026\/03\/IMG_9382-1068x706.jpg 1068w, https:\/\/ramib.org\/oficial\/wp-content\/uploads\/2026\/03\/IMG_9382-635x420.jpg 635w, https:\/\/ramib.org\/oficial\/wp-content\/uploads\/2026\/03\/IMG_9382.jpg 1500w\" sizes=\"(max-width: 1024px) 100vw, 1024px\" \/><\/figure><\/div>\n\n\n<p>Catedr\u00e0tica de Dret Civil i especialista en dret sanitari, la Dra. Gil va destacar la necessitat de garantir que l&#8217;\u00fas de la IA respecti els principis fonamentals de la bio\u00e8tica \u2014no malefic\u00e8ncia, benefic\u00e8ncia, autonomia i just\u00edcia\u2014, aix\u00ed com de preservar la relaci\u00f3 metge-pacient i assegurar l&#8217;equitat en l&#8217;acc\u00e9s a l&#8217;atenci\u00f3 sanit\u00e0ria. La seva traject\u00f2ria investigadora inclou nombroses publicacions en aquest \u00e0mbit i el lideratge de projectes centrats en l&#8217;impacte jur\u00eddic de la salut digital.<\/p>\n\n\n<div class=\"wp-block-image\">\n<figure class=\"aligncenter size-large\"><img loading=\"lazy\" decoding=\"async\" width=\"1024\" height=\"677\" src=\"https:\/\/ramib.org\/oficial\/wp-content\/uploads\/2026\/03\/IMG_20260319_191322-1024x677.jpg\" alt=\"\" class=\"wp-image-7217\" srcset=\"https:\/\/ramib.org\/oficial\/wp-content\/uploads\/2026\/03\/IMG_20260319_191322-1024x677.jpg 1024w, https:\/\/ramib.org\/oficial\/wp-content\/uploads\/2026\/03\/IMG_20260319_191322-300x198.jpg 300w, https:\/\/ramib.org\/oficial\/wp-content\/uploads\/2026\/03\/IMG_20260319_191322-768x508.jpg 768w, https:\/\/ramib.org\/oficial\/wp-content\/uploads\/2026\/03\/IMG_20260319_191322-696x460.jpg 696w, https:\/\/ramib.org\/oficial\/wp-content\/uploads\/2026\/03\/IMG_20260319_191322-1068x706.jpg 1068w, https:\/\/ramib.org\/oficial\/wp-content\/uploads\/2026\/03\/IMG_20260319_191322-635x420.jpg 635w, https:\/\/ramib.org\/oficial\/wp-content\/uploads\/2026\/03\/IMG_20260319_191322.jpg 1500w\" sizes=\"(max-width: 1024px) 100vw, 1024px\" \/><\/figure><\/div>\n\n\n<p>Totes dues ponents van coincidir a assenyalar que la intel\u00b7lig\u00e8ncia artificial ha d&#8217;entendre&#8217;s com una eina de suport al professional sanitari, i no com un substitut, destacant la import\u00e0ncia de mantenir el criteri cl\u00ednic i la supervisi\u00f3 humana en tot moment.<\/p>\n\n\n<div class=\"wp-block-image\">\n<figure class=\"aligncenter size-large\"><img loading=\"lazy\" decoding=\"async\" width=\"1024\" height=\"677\" src=\"https:\/\/ramib.org\/oficial\/wp-content\/uploads\/2026\/03\/IMG_20260319_191201-1024x677.jpg\" alt=\"\" class=\"wp-image-7215\" srcset=\"https:\/\/ramib.org\/oficial\/wp-content\/uploads\/2026\/03\/IMG_20260319_191201-1024x677.jpg 1024w, https:\/\/ramib.org\/oficial\/wp-content\/uploads\/2026\/03\/IMG_20260319_191201-300x198.jpg 300w, https:\/\/ramib.org\/oficial\/wp-content\/uploads\/2026\/03\/IMG_20260319_191201-768x508.jpg 768w, https:\/\/ramib.org\/oficial\/wp-content\/uploads\/2026\/03\/IMG_20260319_191201-696x460.jpg 696w, https:\/\/ramib.org\/oficial\/wp-content\/uploads\/2026\/03\/IMG_20260319_191201-1068x706.jpg 1068w, https:\/\/ramib.org\/oficial\/wp-content\/uploads\/2026\/03\/IMG_20260319_191201-635x420.jpg 635w, https:\/\/ramib.org\/oficial\/wp-content\/uploads\/2026\/03\/IMG_20260319_191201.jpg 1500w\" sizes=\"(max-width: 1024px) 100vw, 1024px\" \/><\/figure><\/div>\n\n\n<p>L&#8217;acte va concloure amb un torn obert de preguntes en el qual es van debatre q\u00fcestions clau com la regulaci\u00f3 de la intel\u00b7lig\u00e8ncia artificial, la formaci\u00f3 dels professionals sanitaris i els desafiaments que planteja la seva integraci\u00f3 en els sistemes de salut. La sessi\u00f3 es va tancar amb les paraules de clausura dels moderadors, els qui van subratllar la necessitat de continuar promovent espais de di\u00e0leg interdisciplinari davant la transformaci\u00f3 digital de la medicina<\/p>\n\n\n\n<p>L&#8217;acte es pot visualitzar en el seg\u00fcent enlla\u00e7:<\/p>\n\n\n\n<figure class=\"wp-block-embed aligncenter is-type-video is-provider-youtube wp-block-embed-youtube wp-embed-aspect-4-3 wp-has-aspect-ratio\"><div class=\"wp-block-embed__wrapper\">\n<iframe loading=\"lazy\" title=\"De los algoritmos a decisiones cl\u00ednicas: Entender y regular la Inteligencia Artificial en Medicina\" width=\"696\" height=\"522\" src=\"https:\/\/www.youtube.com\/embed\/5nbfGQj5zvY?feature=oembed\" frameborder=\"0\" allow=\"accelerometer; autoplay; clipboard-write; encrypted-media; gyroscope; picture-in-picture; web-share\" referrerpolicy=\"strict-origin-when-cross-origin\" allowfullscreen><\/iframe>\n<\/div><\/figure>\n","protected":false},"excerpt":{"rendered":"<p>El passat 19 de mar\u00e7 de 2026 va tenir lloc en la seu de la RAMIB la taula rodona \u201cDels algorismes a les decisions cl\u00edniques: Entendre i regular la Intel\u00b7lig\u00e8ncia [&hellip;]<\/p>\n","protected":false},"author":3,"featured_media":7213,"comment_status":"open","ping_status":"closed","sticky":false,"template":"","format":"standard","meta":{"_monsterinsights_skip_tracking":false,"_monsterinsights_sitenote_active":false,"_monsterinsights_sitenote_note":"","_monsterinsights_sitenote_category":0,"footnotes":""},"categories":[14,24,1800,17],"tags":[1941,1946,1945,1954,1939,1948,1943,1953,1940,1944,1942,1950,1949,1952,1951,1947],"_links":{"self":[{"href":"https:\/\/ramib.org\/oficial\/index.php\/wp-json\/wp\/v2\/posts\/7178"}],"collection":[{"href":"https:\/\/ramib.org\/oficial\/index.php\/wp-json\/wp\/v2\/posts"}],"about":[{"href":"https:\/\/ramib.org\/oficial\/index.php\/wp-json\/wp\/v2\/types\/post"}],"author":[{"embeddable":true,"href":"https:\/\/ramib.org\/oficial\/index.php\/wp-json\/wp\/v2\/users\/3"}],"replies":[{"embeddable":true,"href":"https:\/\/ramib.org\/oficial\/index.php\/wp-json\/wp\/v2\/comments?post=7178"}],"version-history":[{"count":2,"href":"https:\/\/ramib.org\/oficial\/index.php\/wp-json\/wp\/v2\/posts\/7178\/revisions"}],"predecessor-version":[{"id":7220,"href":"https:\/\/ramib.org\/oficial\/index.php\/wp-json\/wp\/v2\/posts\/7178\/revisions\/7220"}],"wp:featuredmedia":[{"embeddable":true,"href":"https:\/\/ramib.org\/oficial\/index.php\/wp-json\/wp\/v2\/media\/7213"}],"wp:attachment":[{"href":"https:\/\/ramib.org\/oficial\/index.php\/wp-json\/wp\/v2\/media?parent=7178"}],"wp:term":[{"taxonomy":"category","embeddable":true,"href":"https:\/\/ramib.org\/oficial\/index.php\/wp-json\/wp\/v2\/categories?post=7178"},{"taxonomy":"post_tag","embeddable":true,"href":"https:\/\/ramib.org\/oficial\/index.php\/wp-json\/wp\/v2\/tags?post=7178"}],"curies":[{"name":"wp","href":"https:\/\/api.w.org\/{rel}","templated":true}]}}