{"id":7173,"date":"2026-03-13T10:09:52","date_gmt":"2026-03-13T10:09:52","guid":{"rendered":"https:\/\/ramib.org\/oficial\/?p=7173"},"modified":"2026-03-23T15:27:04","modified_gmt":"2026-03-23T15:27:04","slug":"7173","status":"publish","type":"post","link":"https:\/\/ramib.org\/oficial\/index.php\/2026\/03\/13\/7173\/?lang=es","title":{"rendered":"19\/03\/2026: &#8220;De los algoritmos a las decisiones cl\u00ednicas: Entender y regular la Inteligencia Artificial en Medicina&#8221;"},"content":{"rendered":"\n<p>El pasado 19 de marzo de 2026 tuvo lugar en la sede de la RAMIB la mesa redonda <em>\u201cDe los algoritmos a las decisiones cl\u00ednicas: Entender y regular la Inteligencia Artificial en Medicina\u201d<\/em>, un encuentro que reuni\u00f3 a especialistas del \u00e1mbito cient\u00edfico y jur\u00eddico para reflexionar sobre el papel creciente de la inteligencia artificial (IA) en el entorno sanitario.<\/p>\n\n\n<div class=\"wp-block-image\">\n<figure class=\"aligncenter size-large\"><img loading=\"lazy\" decoding=\"async\" width=\"1024\" height=\"677\" src=\"https:\/\/ramib.org\/oficial\/wp-content\/uploads\/2026\/03\/IMG_9352-1024x677.jpg\" alt=\"\" class=\"wp-image-7193\" srcset=\"https:\/\/ramib.org\/oficial\/wp-content\/uploads\/2026\/03\/IMG_9352-1024x677.jpg 1024w, https:\/\/ramib.org\/oficial\/wp-content\/uploads\/2026\/03\/IMG_9352-300x198.jpg 300w, https:\/\/ramib.org\/oficial\/wp-content\/uploads\/2026\/03\/IMG_9352-768x508.jpg 768w, https:\/\/ramib.org\/oficial\/wp-content\/uploads\/2026\/03\/IMG_9352-696x460.jpg 696w, https:\/\/ramib.org\/oficial\/wp-content\/uploads\/2026\/03\/IMG_9352-1068x706.jpg 1068w, https:\/\/ramib.org\/oficial\/wp-content\/uploads\/2026\/03\/IMG_9352-635x420.jpg 635w, https:\/\/ramib.org\/oficial\/wp-content\/uploads\/2026\/03\/IMG_9352.jpg 1500w\" sizes=\"(max-width: 1024px) 100vw, 1024px\" \/><figcaption class=\"wp-element-caption\">.<\/figcaption><\/figure><\/div>\n\n<div class=\"wp-block-image\">\n<figure class=\"aligncenter size-large\"><img loading=\"lazy\" decoding=\"async\" width=\"1024\" height=\"677\" src=\"https:\/\/ramib.org\/oficial\/wp-content\/uploads\/2026\/03\/IMG_9358-1024x677.jpg\" alt=\"\" class=\"wp-image-7195\" srcset=\"https:\/\/ramib.org\/oficial\/wp-content\/uploads\/2026\/03\/IMG_9358-1024x677.jpg 1024w, https:\/\/ramib.org\/oficial\/wp-content\/uploads\/2026\/03\/IMG_9358-300x198.jpg 300w, https:\/\/ramib.org\/oficial\/wp-content\/uploads\/2026\/03\/IMG_9358-768x508.jpg 768w, https:\/\/ramib.org\/oficial\/wp-content\/uploads\/2026\/03\/IMG_9358-696x460.jpg 696w, https:\/\/ramib.org\/oficial\/wp-content\/uploads\/2026\/03\/IMG_9358-1068x706.jpg 1068w, https:\/\/ramib.org\/oficial\/wp-content\/uploads\/2026\/03\/IMG_9358-635x420.jpg 635w, https:\/\/ramib.org\/oficial\/wp-content\/uploads\/2026\/03\/IMG_9358.jpg 1500w\" sizes=\"(max-width: 1024px) 100vw, 1024px\" \/><\/figure><\/div>\n\n\n<p>Abrieron el acto los Excms. Presidentes de la Real Academia de Jurisprudencia de las Islas Baleares y de la Reial Acad\u00e8mia de Medicina de les Illes Balears agradeciendo a las autoridades y al p\u00fablico presente su asistencia.<\/p>\n\n\n<div class=\"wp-block-image\">\n<figure class=\"aligncenter size-large\"><img loading=\"lazy\" decoding=\"async\" width=\"1024\" height=\"677\" src=\"https:\/\/ramib.org\/oficial\/wp-content\/uploads\/2026\/03\/IMG_9364-1024x677.jpg\" alt=\"\" class=\"wp-image-7197\" srcset=\"https:\/\/ramib.org\/oficial\/wp-content\/uploads\/2026\/03\/IMG_9364-1024x677.jpg 1024w, https:\/\/ramib.org\/oficial\/wp-content\/uploads\/2026\/03\/IMG_9364-300x198.jpg 300w, https:\/\/ramib.org\/oficial\/wp-content\/uploads\/2026\/03\/IMG_9364-768x508.jpg 768w, https:\/\/ramib.org\/oficial\/wp-content\/uploads\/2026\/03\/IMG_9364-696x460.jpg 696w, https:\/\/ramib.org\/oficial\/wp-content\/uploads\/2026\/03\/IMG_9364-1068x706.jpg 1068w, https:\/\/ramib.org\/oficial\/wp-content\/uploads\/2026\/03\/IMG_9364-635x420.jpg 635w, https:\/\/ramib.org\/oficial\/wp-content\/uploads\/2026\/03\/IMG_9364.jpg 1500w\" sizes=\"(max-width: 1024px) 100vw, 1024px\" \/><\/figure><\/div>\n\n\n<p>La sesi\u00f3n cont\u00f3 con la participaci\u00f3n de la Dra. Irene Garc\u00eda Mosquera y la Dra. Cristina Gil Membrado, ambas de la Universitat de les Illes Balears (UIB), y estuvo moderada por el Dr. Antonio Monserrat (RAJLIB) y el Dr. Joan M\u00aa. Benejam (RAMIB). El programa se estructur\u00f3 en dos ponencias principales, seguidas de un turno abierto de preguntas con los asistentes.<\/p>\n\n\n<div class=\"wp-block-image\">\n<figure class=\"aligncenter size-large\"><img loading=\"lazy\" decoding=\"async\" width=\"1024\" height=\"677\" src=\"https:\/\/ramib.org\/oficial\/wp-content\/uploads\/2026\/03\/IMG_9368-1024x677.jpg\" alt=\"\" class=\"wp-image-7199\" srcset=\"https:\/\/ramib.org\/oficial\/wp-content\/uploads\/2026\/03\/IMG_9368-1024x677.jpg 1024w, https:\/\/ramib.org\/oficial\/wp-content\/uploads\/2026\/03\/IMG_9368-300x198.jpg 300w, https:\/\/ramib.org\/oficial\/wp-content\/uploads\/2026\/03\/IMG_9368-768x508.jpg 768w, https:\/\/ramib.org\/oficial\/wp-content\/uploads\/2026\/03\/IMG_9368-696x460.jpg 696w, https:\/\/ramib.org\/oficial\/wp-content\/uploads\/2026\/03\/IMG_9368-1068x706.jpg 1068w, https:\/\/ramib.org\/oficial\/wp-content\/uploads\/2026\/03\/IMG_9368-635x420.jpg 635w, https:\/\/ramib.org\/oficial\/wp-content\/uploads\/2026\/03\/IMG_9368.jpg 1500w\" sizes=\"(max-width: 1024px) 100vw, 1024px\" \/><\/figure><\/div>\n\n\n<p>La primera intervenci\u00f3n, a cargo de la Dra. Garc\u00eda Mosquera, se centr\u00f3 en los fundamentos de la inteligencia artificial y en la comprensi\u00f3n de su funcionamiento. Durante su exposici\u00f3n, explic\u00f3 c\u00f3mo los sistemas de aprendizaje autom\u00e1tico procesan datos y generan predicciones de car\u00e1cter probabil\u00edstico, subrayando que \u201caprender\u201d en el caso de una m\u00e1quina implica identificar patrones a partir de grandes vol\u00famenes de informaci\u00f3n. A trav\u00e9s de ejemplos cl\u00ednicos, mostr\u00f3 el potencial de estas herramientas en \u00e1mbitos como el diagn\u00f3stico o el pron\u00f3stico de enfermedades, al tiempo que insisti\u00f3 en la importancia de conocer sus l\u00edmites para evitar una confianza excesiva en sus resultados.<\/p>\n\n\n<div class=\"wp-block-image\">\n<figure class=\"aligncenter size-large\"><img loading=\"lazy\" decoding=\"async\" width=\"1024\" height=\"677\" src=\"https:\/\/ramib.org\/oficial\/wp-content\/uploads\/2026\/03\/IMG_9372-1024x677.jpg\" alt=\"\" class=\"wp-image-7201\" srcset=\"https:\/\/ramib.org\/oficial\/wp-content\/uploads\/2026\/03\/IMG_9372-1024x677.jpg 1024w, https:\/\/ramib.org\/oficial\/wp-content\/uploads\/2026\/03\/IMG_9372-300x198.jpg 300w, https:\/\/ramib.org\/oficial\/wp-content\/uploads\/2026\/03\/IMG_9372-768x508.jpg 768w, https:\/\/ramib.org\/oficial\/wp-content\/uploads\/2026\/03\/IMG_9372-696x460.jpg 696w, https:\/\/ramib.org\/oficial\/wp-content\/uploads\/2026\/03\/IMG_9372-1068x706.jpg 1068w, https:\/\/ramib.org\/oficial\/wp-content\/uploads\/2026\/03\/IMG_9372-635x420.jpg 635w, https:\/\/ramib.org\/oficial\/wp-content\/uploads\/2026\/03\/IMG_9372.jpg 1500w\" sizes=\"(max-width: 1024px) 100vw, 1024px\" \/><\/figure><\/div>\n\n\n<p>Doctora en Ingenier\u00eda y especialista en estad\u00edstica matem\u00e1tica, la Dra. Garc\u00eda desarrolla su actividad investigadora en el \u00e1mbito del modelado estad\u00edstico y el aprendizaje autom\u00e1tico aplicado a la salud. Su trabajo incluye, entre otras l\u00edneas, el uso de inteligencia artificial en el diagn\u00f3stico diferencial de enfermedades, el an\u00e1lisis de se\u00f1ales biom\u00e9dicas o la predicci\u00f3n de resultados cl\u00ednicos, as\u00ed como su participaci\u00f3n en proyectos vinculados al dise\u00f1o de ensayos cl\u00ednicos y la farmacoeconom\u00eda.<\/p>\n\n\n<div class=\"wp-block-image\">\n<figure class=\"aligncenter size-large\"><img loading=\"lazy\" decoding=\"async\" width=\"1024\" height=\"677\" src=\"https:\/\/ramib.org\/oficial\/wp-content\/uploads\/2026\/03\/IMG_9380-1024x677.jpg\" alt=\"\" class=\"wp-image-7205\" srcset=\"https:\/\/ramib.org\/oficial\/wp-content\/uploads\/2026\/03\/IMG_9380-1024x677.jpg 1024w, https:\/\/ramib.org\/oficial\/wp-content\/uploads\/2026\/03\/IMG_9380-300x198.jpg 300w, https:\/\/ramib.org\/oficial\/wp-content\/uploads\/2026\/03\/IMG_9380-768x508.jpg 768w, https:\/\/ramib.org\/oficial\/wp-content\/uploads\/2026\/03\/IMG_9380-696x460.jpg 696w, https:\/\/ramib.org\/oficial\/wp-content\/uploads\/2026\/03\/IMG_9380-1068x706.jpg 1068w, https:\/\/ramib.org\/oficial\/wp-content\/uploads\/2026\/03\/IMG_9380-635x420.jpg 635w, https:\/\/ramib.org\/oficial\/wp-content\/uploads\/2026\/03\/IMG_9380.jpg 1500w\" sizes=\"(max-width: 1024px) 100vw, 1024px\" \/><\/figure><\/div>\n\n\n<p>Por su parte, la Dra. Cristina Gil Membrado abord\u00f3 la aplicaci\u00f3n de la inteligencia artificial en medicina desde una perspectiva jur\u00eddica y bio\u00e9tica. Su intervenci\u00f3n se centr\u00f3 en los principales retos que plantea la incorporaci\u00f3n de estos sistemas en la toma de decisiones cl\u00ednicas, analizando cuestiones como el sesgo algor\u00edtmico, la opacidad de los modelos, la delegaci\u00f3n de decisiones y la atribuci\u00f3n de responsabilidades en caso de error.<\/p>\n\n\n<div class=\"wp-block-image\">\n<figure class=\"aligncenter size-large\"><img loading=\"lazy\" decoding=\"async\" width=\"1024\" height=\"677\" src=\"https:\/\/ramib.org\/oficial\/wp-content\/uploads\/2026\/03\/IMG_9382-1024x677.jpg\" alt=\"\" class=\"wp-image-7207\" srcset=\"https:\/\/ramib.org\/oficial\/wp-content\/uploads\/2026\/03\/IMG_9382-1024x677.jpg 1024w, https:\/\/ramib.org\/oficial\/wp-content\/uploads\/2026\/03\/IMG_9382-300x198.jpg 300w, https:\/\/ramib.org\/oficial\/wp-content\/uploads\/2026\/03\/IMG_9382-768x508.jpg 768w, https:\/\/ramib.org\/oficial\/wp-content\/uploads\/2026\/03\/IMG_9382-696x460.jpg 696w, https:\/\/ramib.org\/oficial\/wp-content\/uploads\/2026\/03\/IMG_9382-1068x706.jpg 1068w, https:\/\/ramib.org\/oficial\/wp-content\/uploads\/2026\/03\/IMG_9382-635x420.jpg 635w, https:\/\/ramib.org\/oficial\/wp-content\/uploads\/2026\/03\/IMG_9382.jpg 1500w\" sizes=\"(max-width: 1024px) 100vw, 1024px\" \/><\/figure><\/div>\n\n\n<p>Catedr\u00e1tica de Derecho Civil y especialista en derecho sanitario, la Dra. Gil destac\u00f3 la necesidad de garantizar que el uso de la IA respete los principios fundamentales de la bio\u00e9tica \u2014no maleficencia, beneficencia, autonom\u00eda y justicia\u2014, as\u00ed como de preservar la relaci\u00f3n m\u00e9dico-paciente y asegurar la equidad en el acceso a la atenci\u00f3n sanitaria. Su trayectoria investigadora incluye numerosas publicaciones en este \u00e1mbito y el liderazgo de proyectos centrados en el impacto jur\u00eddico de la salud digital.<\/p>\n\n\n<div class=\"wp-block-image\">\n<figure class=\"aligncenter size-large\"><img loading=\"lazy\" decoding=\"async\" width=\"1024\" height=\"677\" src=\"https:\/\/ramib.org\/oficial\/wp-content\/uploads\/2026\/03\/IMG_20260319_191322-1024x677.jpg\" alt=\"\" class=\"wp-image-7216\" srcset=\"https:\/\/ramib.org\/oficial\/wp-content\/uploads\/2026\/03\/IMG_20260319_191322-1024x677.jpg 1024w, https:\/\/ramib.org\/oficial\/wp-content\/uploads\/2026\/03\/IMG_20260319_191322-300x198.jpg 300w, https:\/\/ramib.org\/oficial\/wp-content\/uploads\/2026\/03\/IMG_20260319_191322-768x508.jpg 768w, https:\/\/ramib.org\/oficial\/wp-content\/uploads\/2026\/03\/IMG_20260319_191322-696x460.jpg 696w, https:\/\/ramib.org\/oficial\/wp-content\/uploads\/2026\/03\/IMG_20260319_191322-1068x706.jpg 1068w, https:\/\/ramib.org\/oficial\/wp-content\/uploads\/2026\/03\/IMG_20260319_191322-635x420.jpg 635w, https:\/\/ramib.org\/oficial\/wp-content\/uploads\/2026\/03\/IMG_20260319_191322.jpg 1500w\" sizes=\"(max-width: 1024px) 100vw, 1024px\" \/><\/figure><\/div>\n\n\n<p>Ambas ponentes coincidieron en se\u00f1alar que la inteligencia artificial debe entenderse como una herramienta de apoyo al profesional sanitario, y no como un sustituto, destacando la importancia de mantener el criterio cl\u00ednico y la supervisi\u00f3n humana en todo momento.<\/p>\n\n\n<div class=\"wp-block-image\">\n<figure class=\"aligncenter size-large\"><img loading=\"lazy\" decoding=\"async\" width=\"1024\" height=\"677\" src=\"https:\/\/ramib.org\/oficial\/wp-content\/uploads\/2026\/03\/IMG_20260319_191201-1024x677.jpg\" alt=\"\" class=\"wp-image-7214\" srcset=\"https:\/\/ramib.org\/oficial\/wp-content\/uploads\/2026\/03\/IMG_20260319_191201-1024x677.jpg 1024w, https:\/\/ramib.org\/oficial\/wp-content\/uploads\/2026\/03\/IMG_20260319_191201-300x198.jpg 300w, https:\/\/ramib.org\/oficial\/wp-content\/uploads\/2026\/03\/IMG_20260319_191201-768x508.jpg 768w, https:\/\/ramib.org\/oficial\/wp-content\/uploads\/2026\/03\/IMG_20260319_191201-696x460.jpg 696w, https:\/\/ramib.org\/oficial\/wp-content\/uploads\/2026\/03\/IMG_20260319_191201-1068x706.jpg 1068w, https:\/\/ramib.org\/oficial\/wp-content\/uploads\/2026\/03\/IMG_20260319_191201-635x420.jpg 635w, https:\/\/ramib.org\/oficial\/wp-content\/uploads\/2026\/03\/IMG_20260319_191201.jpg 1500w\" sizes=\"(max-width: 1024px) 100vw, 1024px\" \/><\/figure><\/div>\n\n\n<p>El acto concluy\u00f3 con un turno abierto de preguntas en el que se debatieron cuestiones clave como la regulaci\u00f3n de la inteligencia artificial, la formaci\u00f3n de los profesionales sanitarios y los desaf\u00edos que plantea su integraci\u00f3n en los sistemas de salud. La sesi\u00f3n se cerr\u00f3 con las palabras de clausura de los moderadores, quienes subrayaron la necesidad de seguir promoviendo espacios de di\u00e1logo interdisciplinar ante la transformaci\u00f3n digital de la medicina<\/p>\n\n\n\n<p>Podr\u00e1n seguir el acto en directo en el siguiente enlace:<\/p>\n\n\n\n<figure class=\"wp-block-embed aligncenter is-type-video is-provider-youtube wp-block-embed-youtube wp-embed-aspect-4-3 wp-has-aspect-ratio\"><div class=\"wp-block-embed__wrapper\">\n<iframe loading=\"lazy\" title=\"De los algoritmos a decisiones cl\u00ednicas: Entender y regular la Inteligencia Artificial en Medicina\" width=\"696\" height=\"522\" src=\"https:\/\/www.youtube.com\/embed\/5nbfGQj5zvY?feature=oembed\" frameborder=\"0\" allow=\"accelerometer; autoplay; clipboard-write; encrypted-media; gyroscope; picture-in-picture; web-share\" referrerpolicy=\"strict-origin-when-cross-origin\" allowfullscreen><\/iframe>\n<\/div><\/figure>\n","protected":false},"excerpt":{"rendered":"<p>El pasado 19 de marzo de 2026 tuvo lugar en la sede de la RAMIB la mesa redonda \u201cDe los algoritmos a las decisiones cl\u00ednicas: Entender y regular la Inteligencia [&hellip;]<\/p>\n","protected":false},"author":3,"featured_media":7212,"comment_status":"open","ping_status":"closed","sticky":false,"template":"","format":"standard","meta":{"_monsterinsights_skip_tracking":false,"_monsterinsights_sitenote_active":false,"_monsterinsights_sitenote_note":"","_monsterinsights_sitenote_category":0,"footnotes":""},"categories":[14,24,1800,17],"tags":[1955,1941,1956,1946,1945,1957,1958,1954,1939,1959,1948,1960,1961,1943,1962,1953,1940,1963,1964,1944,1942,1965,1950,1966,1967,1949,1952,1968,1951,1969,1947,1970],"_links":{"self":[{"href":"https:\/\/ramib.org\/oficial\/index.php\/wp-json\/wp\/v2\/posts\/7173"}],"collection":[{"href":"https:\/\/ramib.org\/oficial\/index.php\/wp-json\/wp\/v2\/posts"}],"about":[{"href":"https:\/\/ramib.org\/oficial\/index.php\/wp-json\/wp\/v2\/types\/post"}],"author":[{"embeddable":true,"href":"https:\/\/ramib.org\/oficial\/index.php\/wp-json\/wp\/v2\/users\/3"}],"replies":[{"embeddable":true,"href":"https:\/\/ramib.org\/oficial\/index.php\/wp-json\/wp\/v2\/comments?post=7173"}],"version-history":[{"count":4,"href":"https:\/\/ramib.org\/oficial\/index.php\/wp-json\/wp\/v2\/posts\/7173\/revisions"}],"predecessor-version":[{"id":7221,"href":"https:\/\/ramib.org\/oficial\/index.php\/wp-json\/wp\/v2\/posts\/7173\/revisions\/7221"}],"wp:featuredmedia":[{"embeddable":true,"href":"https:\/\/ramib.org\/oficial\/index.php\/wp-json\/wp\/v2\/media\/7212"}],"wp:attachment":[{"href":"https:\/\/ramib.org\/oficial\/index.php\/wp-json\/wp\/v2\/media?parent=7173"}],"wp:term":[{"taxonomy":"category","embeddable":true,"href":"https:\/\/ramib.org\/oficial\/index.php\/wp-json\/wp\/v2\/categories?post=7173"},{"taxonomy":"post_tag","embeddable":true,"href":"https:\/\/ramib.org\/oficial\/index.php\/wp-json\/wp\/v2\/tags?post=7173"}],"curies":[{"name":"wp","href":"https:\/\/api.w.org\/{rel}","templated":true}]}}