{"id":7014,"date":"2026-01-31T11:55:42","date_gmt":"2026-01-31T11:55:42","guid":{"rendered":"https:\/\/ramib.org\/oficial\/?p=7014"},"modified":"2026-02-01T07:28:24","modified_gmt":"2026-02-01T07:28:24","slug":"sessio-inaugural-del-curs-academic-2026","status":"publish","type":"post","link":"https:\/\/ramib.org\/oficial\/index.php\/2026\/01\/31\/sessio-inaugural-del-curs-academic-2026\/","title":{"rendered":"Sessi\u00f3 inaugural del curs acad\u00e8mic 2026"},"content":{"rendered":"\n<p>La Reial Acad\u00e8mia de Medicina de les Illes Balears (RAMIB) va celebrar el passat <strong>22 de gener de 2026<\/strong> la sessi\u00f3 inaugural del seu curs acad\u00e8mic, un acte que va reunir acad\u00e8mics, professionals sanitaris i representants de l\u2019\u00e0mbit cient\u00edfic, universitari i assistencial de les Illes Balears.<\/p>\n\n\n<div class=\"wp-block-image\">\n<figure class=\"aligncenter size-large\"><img loading=\"lazy\" decoding=\"async\" width=\"1024\" height=\"677\" src=\"https:\/\/ramib.org\/oficial\/wp-content\/uploads\/2026\/01\/IMG_9131-1024x677.jpg\" alt=\"\" class=\"wp-image-7015\" srcset=\"https:\/\/ramib.org\/oficial\/wp-content\/uploads\/2026\/01\/IMG_9131-1024x677.jpg 1024w, https:\/\/ramib.org\/oficial\/wp-content\/uploads\/2026\/01\/IMG_9131-300x198.jpg 300w, https:\/\/ramib.org\/oficial\/wp-content\/uploads\/2026\/01\/IMG_9131-768x508.jpg 768w, https:\/\/ramib.org\/oficial\/wp-content\/uploads\/2026\/01\/IMG_9131-696x460.jpg 696w, https:\/\/ramib.org\/oficial\/wp-content\/uploads\/2026\/01\/IMG_9131-1068x706.jpg 1068w, https:\/\/ramib.org\/oficial\/wp-content\/uploads\/2026\/01\/IMG_9131-635x420.jpg 635w, https:\/\/ramib.org\/oficial\/wp-content\/uploads\/2026\/01\/IMG_9131.jpg 1500w\" sizes=\"(max-width: 1024px) 100vw, 1024px\" \/><\/figure><\/div>\n\n\n<p>Va realitzar les paraules d&#8217;obertura el president de la corporaci\u00f3 Excm. Sr. Joan Besalduch Vidal, agraint a les autoritats i els assistents la seva pres\u00e8ncia en l&#8217;acte.<\/p>\n\n\n<div class=\"wp-block-image\">\n<figure class=\"aligncenter size-large\"><img loading=\"lazy\" decoding=\"async\" width=\"1024\" height=\"677\" src=\"https:\/\/ramib.org\/oficial\/wp-content\/uploads\/2026\/01\/IMG_9141-1024x677.jpg\" alt=\"\" class=\"wp-image-7019\" srcset=\"https:\/\/ramib.org\/oficial\/wp-content\/uploads\/2026\/01\/IMG_9141-1024x677.jpg 1024w, https:\/\/ramib.org\/oficial\/wp-content\/uploads\/2026\/01\/IMG_9141-300x198.jpg 300w, https:\/\/ramib.org\/oficial\/wp-content\/uploads\/2026\/01\/IMG_9141-768x508.jpg 768w, https:\/\/ramib.org\/oficial\/wp-content\/uploads\/2026\/01\/IMG_9141-696x460.jpg 696w, https:\/\/ramib.org\/oficial\/wp-content\/uploads\/2026\/01\/IMG_9141-1068x706.jpg 1068w, https:\/\/ramib.org\/oficial\/wp-content\/uploads\/2026\/01\/IMG_9141-635x420.jpg 635w, https:\/\/ramib.org\/oficial\/wp-content\/uploads\/2026\/01\/IMG_9141.jpg 1500w\" sizes=\"(max-width: 1024px) 100vw, 1024px\" \/><\/figure><\/div>\n\n\n<p>Posteriorment el secretari general, M. Il\u00b7ltre. Sr. Josep Maria Vicens G\u00f3mez, va donar lectura a la mem\u00f2ria acad\u00e8mica, destacant les activitats realitzades per la corporaci\u00f3 en l&#8217;any passat 2025, i recordant les figures dels Molt Il\u00b7lustres Doctors. Bartomeu Anguera i Ferran Tolosa, acad\u00e8mics morts en l&#8217;\u00faltim any.<\/p>\n\n\n<div class=\"wp-block-image\">\n<figure class=\"aligncenter size-large\"><img loading=\"lazy\" decoding=\"async\" width=\"1024\" height=\"677\" src=\"https:\/\/ramib.org\/oficial\/wp-content\/uploads\/2026\/01\/IMG_20260122_174710-1024x677.jpg\" alt=\"\" class=\"wp-image-7049\" srcset=\"https:\/\/ramib.org\/oficial\/wp-content\/uploads\/2026\/01\/IMG_20260122_174710-1024x677.jpg 1024w, https:\/\/ramib.org\/oficial\/wp-content\/uploads\/2026\/01\/IMG_20260122_174710-300x198.jpg 300w, https:\/\/ramib.org\/oficial\/wp-content\/uploads\/2026\/01\/IMG_20260122_174710-768x508.jpg 768w, https:\/\/ramib.org\/oficial\/wp-content\/uploads\/2026\/01\/IMG_20260122_174710-696x460.jpg 696w, https:\/\/ramib.org\/oficial\/wp-content\/uploads\/2026\/01\/IMG_20260122_174710-1068x706.jpg 1068w, https:\/\/ramib.org\/oficial\/wp-content\/uploads\/2026\/01\/IMG_20260122_174710-635x420.jpg 635w, https:\/\/ramib.org\/oficial\/wp-content\/uploads\/2026\/01\/IMG_20260122_174710.jpg 1500w\" sizes=\"(max-width: 1024px) 100vw, 1024px\" \/><\/figure><\/div>\n\n\n<p>La lli\u00e7\u00f3 inaugural va ser pronunciada per l\u2019acad\u00e8mic <strong>Dr. Joan M. Benejam Gual<\/strong>, sota el t\u00edtol <em>\u00abC\u00e0ncer de pr\u00f2stata 2026: algunes certeses, moltes inc\u00f2gnites\u00bb<\/em>. En la seva intervenci\u00f3, el Dr. Benejam va posar de manifest la rellev\u00e0ncia del c\u00e0ncer de pr\u00f2stata com un important problema de salut p\u00fablica, at\u00e8s que es tracta del tumor m\u00e9s freq\u00fcent entre els homes i una de les principals causes de mortalitat oncol\u00f2gica masculina. En l\u2019\u00e0mbit de les Illes Balears, va assenyalar que es diagnostiquen anualment al voltant de <strong>1.200 nous casos<\/strong>, amb aproximadament <strong>200 defuncions l\u2019any<\/strong> atribu\u00efbles a aquesta malaltia.<\/p>\n\n\n<div class=\"wp-block-image\">\n<figure class=\"aligncenter size-large\"><img loading=\"lazy\" decoding=\"async\" width=\"1024\" height=\"677\" src=\"https:\/\/ramib.org\/oficial\/wp-content\/uploads\/2026\/01\/IMG_9150-1024x677.jpg\" alt=\"\" class=\"wp-image-7021\" srcset=\"https:\/\/ramib.org\/oficial\/wp-content\/uploads\/2026\/01\/IMG_9150-1024x677.jpg 1024w, https:\/\/ramib.org\/oficial\/wp-content\/uploads\/2026\/01\/IMG_9150-300x198.jpg 300w, https:\/\/ramib.org\/oficial\/wp-content\/uploads\/2026\/01\/IMG_9150-768x508.jpg 768w, https:\/\/ramib.org\/oficial\/wp-content\/uploads\/2026\/01\/IMG_9150-696x460.jpg 696w, https:\/\/ramib.org\/oficial\/wp-content\/uploads\/2026\/01\/IMG_9150-1068x706.jpg 1068w, https:\/\/ramib.org\/oficial\/wp-content\/uploads\/2026\/01\/IMG_9150-635x420.jpg 635w, https:\/\/ramib.org\/oficial\/wp-content\/uploads\/2026\/01\/IMG_9150.jpg 1500w\" sizes=\"(max-width: 1024px) 100vw, 1024px\" \/><\/figure><\/div>\n\n\n<p>El discurs va abordar aspectes clau com els factors de risc, les limitacions de la prevenci\u00f3 prim\u00e0ria, el paper del PSA en el diagn\u00f2stic, els reptes del cribratge poblacional i els aven\u00e7os i controv\u00e8rsies terap\u00e8utiques, inclosa la cirurgia rob\u00f2tica. L\u2019acad\u00e8mic va subratllar la necessitat d\u2019una detecci\u00f3 preco\u00e7 racional i d\u2019una adequada presa de decisions cl\u00edniques, orientades a millorar la superviv\u00e8ncia i la qualitat de vida dels pacients.<\/p>\n\n\n<div class=\"wp-block-image\">\n<figure class=\"aligncenter size-large\"><img loading=\"lazy\" decoding=\"async\" width=\"1024\" height=\"677\" src=\"https:\/\/ramib.org\/oficial\/wp-content\/uploads\/2026\/01\/IMG_9133-1024x677.jpg\" alt=\"\" class=\"wp-image-7017\" srcset=\"https:\/\/ramib.org\/oficial\/wp-content\/uploads\/2026\/01\/IMG_9133-1024x677.jpg 1024w, https:\/\/ramib.org\/oficial\/wp-content\/uploads\/2026\/01\/IMG_9133-300x198.jpg 300w, https:\/\/ramib.org\/oficial\/wp-content\/uploads\/2026\/01\/IMG_9133-768x508.jpg 768w, https:\/\/ramib.org\/oficial\/wp-content\/uploads\/2026\/01\/IMG_9133-696x460.jpg 696w, https:\/\/ramib.org\/oficial\/wp-content\/uploads\/2026\/01\/IMG_9133-1068x706.jpg 1068w, https:\/\/ramib.org\/oficial\/wp-content\/uploads\/2026\/01\/IMG_9133-635x420.jpg 635w, https:\/\/ramib.org\/oficial\/wp-content\/uploads\/2026\/01\/IMG_9133.jpg 1500w\" sizes=\"(max-width: 1024px) 100vw, 1024px\" \/><\/figure><\/div>\n\n\n<p>Despr\u00e9s de la lli\u00e7\u00f3 inaugural, la RAMIB va procedir al <strong>lliurament dels premis i distincions corresponents al curs<\/strong>, amb els quals reconeix anualment l\u2019excel\u00b7l\u00e8ncia cient\u00edfica, investigadora i professional en l\u2019\u00e0mbit de la salut. En aquest marc, es concediren els seg\u00fcents guardons:<\/p>\n\n\n\n<p><strong>Premi de la Reial Acad\u00e8mia de Medicina de les Illes Balears i acad\u00e8mic corresponent per premi<\/strong> <\/p>\n\n\n\n<p>T\u00edtol: Avatrombopag reduces platelet transfusion requirement in chemotherapy.induced thrombocytopenia: a retrospective cohort study in hematologic patients.<\/p>\n\n\n\n<p>Autors: Aser Alonso-Carballo, Marta L\u00f3pez Cepero, Mar\u00eda Jim\u00e9nez Moya, Sandra P\u00e9rez Le\u00f3n, Luc\u00eda Garc\u00eda Ma\u00f1\u00f3, Jose Mar\u00eda S\u00e1nchez Raga, Leyre Bento de Miguel, Andr\u00e9s Novo Garc\u00eda, Albert P\u00e9rez Monta\u00f1a, Carmen Ballester Ruiz, Antonio Guti\u00e9rrez Garc\u00eda, Guiomar Puget I Juan, Bernat Galm\u00e9s Sureda, Antonio Palomero Massanet, Antonia Sampol Mayol i Mariana Canaro Hirnyk.<\/p>\n\n\n\n<p>Va fer entrega del premi l\u2019Excm. Sr. Joan Besalduch Vidal al Sr. Alonso el president de la Reial Acad\u00e8mia de Medicina de les Illes Balears.<\/p>\n\n\n<div class=\"wp-block-image\">\n<figure class=\"aligncenter size-large\"><img loading=\"lazy\" decoding=\"async\" width=\"1024\" height=\"677\" src=\"https:\/\/ramib.org\/oficial\/wp-content\/uploads\/2026\/01\/IMG_9175-1024x677.jpg\" alt=\"\" class=\"wp-image-7025\" srcset=\"https:\/\/ramib.org\/oficial\/wp-content\/uploads\/2026\/01\/IMG_9175-1024x677.jpg 1024w, https:\/\/ramib.org\/oficial\/wp-content\/uploads\/2026\/01\/IMG_9175-300x198.jpg 300w, https:\/\/ramib.org\/oficial\/wp-content\/uploads\/2026\/01\/IMG_9175-768x508.jpg 768w, https:\/\/ramib.org\/oficial\/wp-content\/uploads\/2026\/01\/IMG_9175-696x460.jpg 696w, https:\/\/ramib.org\/oficial\/wp-content\/uploads\/2026\/01\/IMG_9175-1068x706.jpg 1068w, https:\/\/ramib.org\/oficial\/wp-content\/uploads\/2026\/01\/IMG_9175-635x420.jpg 635w, https:\/\/ramib.org\/oficial\/wp-content\/uploads\/2026\/01\/IMG_9175.jpg 1500w\" sizes=\"(max-width: 1024px) 100vw, 1024px\" \/><\/figure><\/div>\n\n\n<p><strong>C\u00e8dula Fundacional 1788<\/strong>, atorgada a la <strong>Universitat de les Illes Balears<\/strong>, recollida pel seu rector <strong>Jaume Carot<\/strong> i l&#8217;anterior rector Lloren\u00e7 Huguet.<\/p>\n\n\n<div class=\"wp-block-image\">\n<figure class=\"aligncenter size-large\"><img loading=\"lazy\" decoding=\"async\" width=\"1024\" height=\"677\" src=\"https:\/\/ramib.org\/oficial\/wp-content\/uploads\/2026\/01\/IMG_9187-1024x677.jpg\" alt=\"\" class=\"wp-image-7029\" srcset=\"https:\/\/ramib.org\/oficial\/wp-content\/uploads\/2026\/01\/IMG_9187-1024x677.jpg 1024w, https:\/\/ramib.org\/oficial\/wp-content\/uploads\/2026\/01\/IMG_9187-300x198.jpg 300w, https:\/\/ramib.org\/oficial\/wp-content\/uploads\/2026\/01\/IMG_9187-768x508.jpg 768w, https:\/\/ramib.org\/oficial\/wp-content\/uploads\/2026\/01\/IMG_9187-696x460.jpg 696w, https:\/\/ramib.org\/oficial\/wp-content\/uploads\/2026\/01\/IMG_9187-1068x706.jpg 1068w, https:\/\/ramib.org\/oficial\/wp-content\/uploads\/2026\/01\/IMG_9187-635x420.jpg 635w, https:\/\/ramib.org\/oficial\/wp-content\/uploads\/2026\/01\/IMG_9187.jpg 1500w\" sizes=\"(max-width: 1024px) 100vw, 1024px\" \/><\/figure><\/div>\n\n\n<p><strong>Premi Mateu Orfila<\/strong>, a la traject\u00f2ria professional en l\u2019\u00e0mbit de la salut, concedit al <strong>Dr. Javier Cort\u00e9s Bordoy<\/strong>.<\/p>\n\n\n<div class=\"wp-block-image\">\n<figure class=\"aligncenter size-large\"><img loading=\"lazy\" decoding=\"async\" width=\"1024\" height=\"677\" src=\"https:\/\/ramib.org\/oficial\/wp-content\/uploads\/2026\/01\/IMG_9179-1024x677.jpg\" alt=\"\" class=\"wp-image-7027\" srcset=\"https:\/\/ramib.org\/oficial\/wp-content\/uploads\/2026\/01\/IMG_9179-1024x677.jpg 1024w, https:\/\/ramib.org\/oficial\/wp-content\/uploads\/2026\/01\/IMG_9179-300x198.jpg 300w, https:\/\/ramib.org\/oficial\/wp-content\/uploads\/2026\/01\/IMG_9179-768x508.jpg 768w, https:\/\/ramib.org\/oficial\/wp-content\/uploads\/2026\/01\/IMG_9179-696x460.jpg 696w, https:\/\/ramib.org\/oficial\/wp-content\/uploads\/2026\/01\/IMG_9179-1068x706.jpg 1068w, https:\/\/ramib.org\/oficial\/wp-content\/uploads\/2026\/01\/IMG_9179-635x420.jpg 635w, https:\/\/ramib.org\/oficial\/wp-content\/uploads\/2026\/01\/IMG_9179.jpg 1500w\" sizes=\"(max-width: 1024px) 100vw, 1024px\" \/><\/figure><\/div>\n\n\n<p><strong>Premi Prof. Jean Dausset <\/strong>a la millor tesi de Medicina i Ci\u00e8ncies Afins, elaborada a les Illes Balears dins el curs acad\u00e8mic 2025.<br>T\u00edtol: \u201cLas gu\u00edas de pr\u00e1ctica cl\u00ednica del s\u00edndrome coronario agudo: un an\u00e1lisis cr\u00edtico de su evidencia, generalizaci\u00f3n y aplicabilidad\u201d<br>Dra. Caterina Mas Llad\u00f3. Universitat de les Illes Balears, Palma.<br>Va fer entrega del premi l\u2019Il\u00b7lm. Sr. Carles Recasens Laguarda, president del Col\u00b7legi Oficial de Metges de les Illes Balears.<\/p>\n\n\n<div class=\"wp-block-image\">\n<figure class=\"aligncenter size-large\"><img loading=\"lazy\" decoding=\"async\" width=\"1024\" height=\"677\" src=\"https:\/\/ramib.org\/oficial\/wp-content\/uploads\/2026\/01\/IMG_9191-1024x677.jpg\" alt=\"\" class=\"wp-image-7031\" srcset=\"https:\/\/ramib.org\/oficial\/wp-content\/uploads\/2026\/01\/IMG_9191-1024x677.jpg 1024w, https:\/\/ramib.org\/oficial\/wp-content\/uploads\/2026\/01\/IMG_9191-300x198.jpg 300w, https:\/\/ramib.org\/oficial\/wp-content\/uploads\/2026\/01\/IMG_9191-768x508.jpg 768w, https:\/\/ramib.org\/oficial\/wp-content\/uploads\/2026\/01\/IMG_9191-696x460.jpg 696w, https:\/\/ramib.org\/oficial\/wp-content\/uploads\/2026\/01\/IMG_9191-1068x706.jpg 1068w, https:\/\/ramib.org\/oficial\/wp-content\/uploads\/2026\/01\/IMG_9191-635x420.jpg 635w, https:\/\/ramib.org\/oficial\/wp-content\/uploads\/2026\/01\/IMG_9191.jpg 1500w\" sizes=\"(max-width: 1024px) 100vw, 1024px\" \/><\/figure><\/div>\n\n\n<p><strong>Premi Doctor Ram\u00f3n Rotger Moner<\/strong> per al millor estudi sobre cirurgia i especialitats quir\u00fargiques.<br>T\u00edtol: \u201cCreaci\u00f3n de un prototipo y validaci\u00f3n te\u00f3rica en simuladores h\u00e1pticos tridimensionales\u201d<br>Dr. Ra\u00fal Cuesta-Rom\u00e1n.<\/p>\n\n\n\n<p><strong>Premi del Col\u00b7legi Oficial d\u2019Infermeres i Infermers de les Illes Balears<\/strong>, per al millor estudi d\u2019investigaci\u00f3 en infermeria en qualsevol dels seus \u00e0mbits.<\/p>\n\n\n\n<p>T\u00edtol: Diferencias ocupacionales en la resistencia a la insulina: evaluaci\u00f3n comparativa de m\u00e9dicos, enfermeros y trabajadores no sanitarios mediante los \u00edndices TyG, METS-IR y SPISE-IR.<\/p>\n\n\n\n<p>Autors: Alberto Ram\u00edrez Gallegos, Mar\u00eda Teresa Garc\u00eda Gonz\u00e1lez, Sheila Garc\u00eda Agudo, Mar\u00eda Gil, Jos\u00e9 Luis Ferrer Perell\u00f3 i Jos\u00e9 Ignacio Ram\u00edrez Manent.<\/p>\n\n\n\n<p>Recoeix el premi el Sr. Jos\u00e9 Luis Ferrer Perell\u00f3<\/p>\n\n\n\n<p>Fa entrega del premi la Il\u00b7lma. Sra. Maria Jos\u00e9 Sastre Parera, presidenta del Col\u00b7legi Oficial d\u2019Infermeres i Infermers de les Illes Balears.<\/p>\n\n\n<div class=\"wp-block-image\">\n<figure class=\"aligncenter size-large\"><img loading=\"lazy\" decoding=\"async\" width=\"1024\" height=\"677\" src=\"https:\/\/ramib.org\/oficial\/wp-content\/uploads\/2026\/01\/IMG_9196-1024x677.jpg\" alt=\"\" class=\"wp-image-7033\" srcset=\"https:\/\/ramib.org\/oficial\/wp-content\/uploads\/2026\/01\/IMG_9196-1024x677.jpg 1024w, https:\/\/ramib.org\/oficial\/wp-content\/uploads\/2026\/01\/IMG_9196-300x198.jpg 300w, https:\/\/ramib.org\/oficial\/wp-content\/uploads\/2026\/01\/IMG_9196-768x508.jpg 768w, https:\/\/ramib.org\/oficial\/wp-content\/uploads\/2026\/01\/IMG_9196-696x460.jpg 696w, https:\/\/ramib.org\/oficial\/wp-content\/uploads\/2026\/01\/IMG_9196-1068x706.jpg 1068w, https:\/\/ramib.org\/oficial\/wp-content\/uploads\/2026\/01\/IMG_9196-635x420.jpg 635w, https:\/\/ramib.org\/oficial\/wp-content\/uploads\/2026\/01\/IMG_9196.jpg 1500w\" sizes=\"(max-width: 1024px) 100vw, 1024px\" \/><\/figure><\/div>\n\n\n<p><strong>Premi Hospital Quir\u00f3nsalud PalmaPlanas<\/strong>, al millor estudi en especialitats m\u00e8diques.<\/p>\n\n\n\n<p>T\u00edtol: \u201cB\u00fasqueda de nuevos biomarcadores para la leucemia infantil. Dr. Pedro P. Medina Vico<\/p>\n\n\n\n<p>Va fer entrega del premi la Sra. Celia Moar, Directora M\u00e8dica del Hospital Quir\u00f3nsalud PalmaPlanas.<\/p>\n\n\n<div class=\"wp-block-image\">\n<figure class=\"aligncenter size-large\"><img loading=\"lazy\" decoding=\"async\" width=\"1024\" height=\"683\" src=\"https:\/\/ramib.org\/oficial\/wp-content\/uploads\/2026\/01\/IMG_9201-1024x683.jpg\" alt=\"\" class=\"wp-image-7037\" srcset=\"https:\/\/ramib.org\/oficial\/wp-content\/uploads\/2026\/01\/IMG_9201-1024x683.jpg 1024w, https:\/\/ramib.org\/oficial\/wp-content\/uploads\/2026\/01\/IMG_9201-300x200.jpg 300w, https:\/\/ramib.org\/oficial\/wp-content\/uploads\/2026\/01\/IMG_9201-768x512.jpg 768w, https:\/\/ramib.org\/oficial\/wp-content\/uploads\/2026\/01\/IMG_9201-696x464.jpg 696w, https:\/\/ramib.org\/oficial\/wp-content\/uploads\/2026\/01\/IMG_9201-1068x712.jpg 1068w, https:\/\/ramib.org\/oficial\/wp-content\/uploads\/2026\/01\/IMG_9201-630x420.jpg 630w, https:\/\/ramib.org\/oficial\/wp-content\/uploads\/2026\/01\/IMG_9201.jpg 1500w\" sizes=\"(max-width: 1024px) 100vw, 1024px\" \/><\/figure><\/div>\n\n\n<p><strong>Premi del Col\u00b7legi Oficial de Farmac\u00e8utics de les IllesBalears, per al millor estudi d\u2019investigaci\u00f3 en l\u2019\u00e0mbit de les ci\u00e8ncies farmac\u00e8utiques<\/strong><\/p>\n\n\n\n<p>T\u00edtol: \u201c\u00bfSe asocia el aislamiento social con un incremento en el consumo de f\u00e1rmacos?<\/p>\n\n\n\n<p>Autors: Jos\u00e9 Ignacio Ram\u00edrez Manent, Ignacio Ram\u00edrez Gallegos, Marta Marina Arroyo, Miguel Carlos Aguil\u00f3 Juanola, Katrina Riera Routon, Maria Gordito Soler, Alberto Ram\u00edrez Gallegos.<\/p>\n\n\n<div class=\"wp-block-image\">\n<figure class=\"aligncenter size-large\"><img loading=\"lazy\" decoding=\"async\" width=\"1024\" height=\"677\" src=\"https:\/\/ramib.org\/oficial\/wp-content\/uploads\/2026\/01\/IMG_9205-1024x677.jpg\" alt=\"\" class=\"wp-image-7041\" srcset=\"https:\/\/ramib.org\/oficial\/wp-content\/uploads\/2026\/01\/IMG_9205-1024x677.jpg 1024w, https:\/\/ramib.org\/oficial\/wp-content\/uploads\/2026\/01\/IMG_9205-300x198.jpg 300w, https:\/\/ramib.org\/oficial\/wp-content\/uploads\/2026\/01\/IMG_9205-768x508.jpg 768w, https:\/\/ramib.org\/oficial\/wp-content\/uploads\/2026\/01\/IMG_9205-696x460.jpg 696w, https:\/\/ramib.org\/oficial\/wp-content\/uploads\/2026\/01\/IMG_9205-1068x706.jpg 1068w, https:\/\/ramib.org\/oficial\/wp-content\/uploads\/2026\/01\/IMG_9205-635x420.jpg 635w, https:\/\/ramib.org\/oficial\/wp-content\/uploads\/2026\/01\/IMG_9205.jpg 1500w\" sizes=\"(max-width: 1024px) 100vw, 1024px\" \/><\/figure><\/div>\n\n\n<p><strong>Premi ADEMA, per al millor estudi de recerca en salut bucal i nutrici\u00f3.<\/strong><\/p>\n\n\n\n<p>T\u00edtol: \u201cInfluencia del entorno rural y urbano sobre los h\u00e1bitos de vida, la dieta y la salud bucodental en escolares de Mallorca\u201d.<\/p>\n\n\n\n<p>Autors: Irene Coll Campayo, Daniela Vallejos Rojas i Nora L\u00f3pez-Safont Dra.<\/p>\n\n\n\n<p>Va fer entrega del premi el M. Il. Sr. Pere Riutord Sbert, cap d&#8217;Estudis del Grau en Odontologia de l\u2019Escola Universit\u00e0ria ADEMA.<\/p>\n\n\n<div class=\"wp-block-image\">\n<figure class=\"aligncenter size-large\"><img loading=\"lazy\" decoding=\"async\" width=\"1024\" height=\"677\" src=\"https:\/\/ramib.org\/oficial\/wp-content\/uploads\/2026\/01\/IMG_9210-1024x677.jpg\" alt=\"\" class=\"wp-image-7043\" srcset=\"https:\/\/ramib.org\/oficial\/wp-content\/uploads\/2026\/01\/IMG_9210-1024x677.jpg 1024w, https:\/\/ramib.org\/oficial\/wp-content\/uploads\/2026\/01\/IMG_9210-300x198.jpg 300w, https:\/\/ramib.org\/oficial\/wp-content\/uploads\/2026\/01\/IMG_9210-768x508.jpg 768w, https:\/\/ramib.org\/oficial\/wp-content\/uploads\/2026\/01\/IMG_9210-696x460.jpg 696w, https:\/\/ramib.org\/oficial\/wp-content\/uploads\/2026\/01\/IMG_9210-1068x706.jpg 1068w, https:\/\/ramib.org\/oficial\/wp-content\/uploads\/2026\/01\/IMG_9210-635x420.jpg 635w, https:\/\/ramib.org\/oficial\/wp-content\/uploads\/2026\/01\/IMG_9210.jpg 1500w\" sizes=\"(max-width: 1024px) 100vw, 1024px\" \/><\/figure><\/div>\n\n\n<p><strong>Premi Laboratorio Dr. Cort\u00e9s, a la millor publicaci\u00f3 sobre Oncologia Ginecol\u00f2gica feta per professionals radicats a les Illes Balears.<\/strong><\/p>\n\n\n\n<p>T\u00edtol: \u201cEpigenetic determinants of an immuneevasive phenotype in HER2-low triplenegative breast cancer\u201d.<\/p>\n\n\n\n<p>Autors: Andr\u00e9s Bedoya-L\u00f3pez, SookyungAhn, Miquel Ensenyat-Mendez, Javier I. J. Orozco, Sandra I\u00f1iguez-Mu\u00f1oz, Pere Llin\u00e0s-Arias, Samantha Thomas, Jennifer Baker, Peggy S.Sullivan, Jitin Makker, Julie Steele, Sunil M. Kurian, Diego Marzese i Maggie DiNome<\/p>\n\n\n\n<p>Va recollir el premi el Sr. Andr\u00e9s F. Bedoya-L\u00f3pez en representaci\u00f3 del Laboratorio de Epigen\u00e9tica del C\u00e1ncer del IdISBA, Hospital Universitari Son Espases.<\/p>\n\n\n\n<p>Va fer entrega del premi el Sr. Yann Gaslain, CEO &amp; Founder de Procare Health Iberia.<\/p>\n\n\n<div class=\"wp-block-image\">\n<figure class=\"aligncenter size-large\"><img loading=\"lazy\" decoding=\"async\" width=\"1024\" height=\"677\" src=\"https:\/\/ramib.org\/oficial\/wp-content\/uploads\/2026\/01\/IMG_9215-1024x677.jpg\" alt=\"\" class=\"wp-image-7045\" srcset=\"https:\/\/ramib.org\/oficial\/wp-content\/uploads\/2026\/01\/IMG_9215-1024x677.jpg 1024w, https:\/\/ramib.org\/oficial\/wp-content\/uploads\/2026\/01\/IMG_9215-300x198.jpg 300w, https:\/\/ramib.org\/oficial\/wp-content\/uploads\/2026\/01\/IMG_9215-768x508.jpg 768w, https:\/\/ramib.org\/oficial\/wp-content\/uploads\/2026\/01\/IMG_9215-696x460.jpg 696w, https:\/\/ramib.org\/oficial\/wp-content\/uploads\/2026\/01\/IMG_9215-1068x706.jpg 1068w, https:\/\/ramib.org\/oficial\/wp-content\/uploads\/2026\/01\/IMG_9215-635x420.jpg 635w, https:\/\/ramib.org\/oficial\/wp-content\/uploads\/2026\/01\/IMG_9215.jpg 1500w\" sizes=\"(max-width: 1024px) 100vw, 1024px\" \/><\/figure><\/div>\n\n\n<p>La sessi\u00f3 inaugural del curs acad\u00e8mic 2026 va reafirmar el comprom\u00eds de la Reial Acad\u00e8mia de Medicina de les Illes Balears amb la promoci\u00f3 del coneixement cient\u00edfic, la recerca biom\u00e8dica i el reconeixement de l\u2019excel\u00b7l\u00e8ncia professional al servei de la societat.<\/p>\n\n\n<div class=\"wp-block-image\">\n<figure class=\"aligncenter size-large\"><img loading=\"lazy\" decoding=\"async\" width=\"1024\" height=\"677\" src=\"https:\/\/ramib.org\/oficial\/wp-content\/uploads\/2026\/01\/IMG_20260122_185621-1024x677.jpg\" alt=\"\" class=\"wp-image-7053\" srcset=\"https:\/\/ramib.org\/oficial\/wp-content\/uploads\/2026\/01\/IMG_20260122_185621-1024x677.jpg 1024w, https:\/\/ramib.org\/oficial\/wp-content\/uploads\/2026\/01\/IMG_20260122_185621-300x198.jpg 300w, https:\/\/ramib.org\/oficial\/wp-content\/uploads\/2026\/01\/IMG_20260122_185621-768x508.jpg 768w, https:\/\/ramib.org\/oficial\/wp-content\/uploads\/2026\/01\/IMG_20260122_185621-696x460.jpg 696w, https:\/\/ramib.org\/oficial\/wp-content\/uploads\/2026\/01\/IMG_20260122_185621-1068x706.jpg 1068w, https:\/\/ramib.org\/oficial\/wp-content\/uploads\/2026\/01\/IMG_20260122_185621-635x420.jpg 635w, https:\/\/ramib.org\/oficial\/wp-content\/uploads\/2026\/01\/IMG_20260122_185621.jpg 1500w\" sizes=\"(max-width: 1024px) 100vw, 1024px\" \/><\/figure><\/div>\n\n\n<p>Podeu visualitzar la llic\u00f3 inaugural en el seg\u00fcent enlla\u00e7:<\/p>\n\n\n\n<figure class=\"wp-block-embed aligncenter is-type-video is-provider-youtube wp-block-embed-youtube wp-embed-aspect-16-9 wp-has-aspect-ratio\"><div class=\"wp-block-embed__wrapper\">\n<iframe loading=\"lazy\" title=\"Discurs inaugural 22\/01\/2026: C\u00e0ncer de pr\u00f2stata 2026: algunes certeses, moltes inc\u00f2gnites\" width=\"696\" height=\"392\" src=\"https:\/\/www.youtube.com\/embed\/h2p6-7oZ5sQ?feature=oembed\" frameborder=\"0\" allow=\"accelerometer; autoplay; clipboard-write; encrypted-media; gyroscope; picture-in-picture; web-share\" referrerpolicy=\"strict-origin-when-cross-origin\" allowfullscreen><\/iframe>\n<\/div><\/figure>\n","protected":false},"excerpt":{"rendered":"<p>La Reial Acad\u00e8mia de Medicina de les Illes Balears (RAMIB) va celebrar el passat 22 de gener de 2026 la sessi\u00f3 inaugural del seu curs acad\u00e8mic, un acte que va [&hellip;]<\/p>\n","protected":false},"author":3,"featured_media":7047,"comment_status":"open","ping_status":"closed","sticky":false,"template":"","format":"standard","meta":{"_monsterinsights_skip_tracking":false,"_monsterinsights_sitenote_active":false,"_monsterinsights_sitenote_note":"","_monsterinsights_sitenote_category":0,"footnotes":""},"categories":[14,24,1800,18,187],"tags":[1805,1807,1806,1813,1810,1803,1815,1802,1816,1812,1811,562,1817,1808,199,1598,1804,1809,1814,193],"_links":{"self":[{"href":"https:\/\/ramib.org\/oficial\/index.php\/wp-json\/wp\/v2\/posts\/7014"}],"collection":[{"href":"https:\/\/ramib.org\/oficial\/index.php\/wp-json\/wp\/v2\/posts"}],"about":[{"href":"https:\/\/ramib.org\/oficial\/index.php\/wp-json\/wp\/v2\/types\/post"}],"author":[{"embeddable":true,"href":"https:\/\/ramib.org\/oficial\/index.php\/wp-json\/wp\/v2\/users\/3"}],"replies":[{"embeddable":true,"href":"https:\/\/ramib.org\/oficial\/index.php\/wp-json\/wp\/v2\/comments?post=7014"}],"version-history":[{"count":1,"href":"https:\/\/ramib.org\/oficial\/index.php\/wp-json\/wp\/v2\/posts\/7014\/revisions"}],"predecessor-version":[{"id":7055,"href":"https:\/\/ramib.org\/oficial\/index.php\/wp-json\/wp\/v2\/posts\/7014\/revisions\/7055"}],"wp:featuredmedia":[{"embeddable":true,"href":"https:\/\/ramib.org\/oficial\/index.php\/wp-json\/wp\/v2\/media\/7047"}],"wp:attachment":[{"href":"https:\/\/ramib.org\/oficial\/index.php\/wp-json\/wp\/v2\/media?parent=7014"}],"wp:term":[{"taxonomy":"category","embeddable":true,"href":"https:\/\/ramib.org\/oficial\/index.php\/wp-json\/wp\/v2\/categories?post=7014"},{"taxonomy":"post_tag","embeddable":true,"href":"https:\/\/ramib.org\/oficial\/index.php\/wp-json\/wp\/v2\/tags?post=7014"}],"curies":[{"name":"wp","href":"https:\/\/api.w.org\/{rel}","templated":true}]}}