{"id":6848,"date":"2025-10-30T07:28:36","date_gmt":"2025-10-30T07:28:36","guid":{"rendered":"https:\/\/ramib.org\/oficial\/?p=6848"},"modified":"2025-12-23T17:08:10","modified_gmt":"2025-12-23T17:08:10","slug":"tabaquismo-situacion-actual-y-tratamiento-de-eleccion-2","status":"publish","type":"post","link":"https:\/\/ramib.org\/oficial\/index.php\/2025\/10\/30\/tabaquismo-situacion-actual-y-tratamiento-de-eleccion-2\/?lang=es","title":{"rendered":"Tabaquismo: situaci\u00f3n actual y tratamiento de elecci\u00f3n"},"content":{"rendered":"\n<figure class=\"wp-block-embed aligncenter is-type-video is-provider-youtube wp-block-embed-youtube wp-embed-aspect-16-9 wp-has-aspect-ratio\"><div class=\"wp-block-embed__wrapper\">\n<iframe loading=\"lazy\" title=\"Tabaquismo: situaci\u00f3n actual y tratamiento de elecci\u00f3n\" width=\"696\" height=\"392\" src=\"https:\/\/www.youtube.com\/embed\/NqW2KAPTyi0?feature=oembed\" frameborder=\"0\" allow=\"accelerometer; autoplay; clipboard-write; encrypted-media; gyroscope; picture-in-picture; web-share\" referrerpolicy=\"strict-origin-when-cross-origin\" allowfullscreen><\/iframe>\n<\/div><\/figure>\n\n\n\n<p>P\u00edldora cient\u00edfica realizada por el Dr. Miguel Carlos Aguil\u00f3 Juanola, farmac\u00e9utico comunitario experto en tabaquismo.<\/p>\n\n\n\n<p>En esta p\u00edldora informativa expondr\u00e1, de forma sucinta, cu\u00e1l es la situaci\u00f3n epidemiol\u00f3gica del tabaquismo, particularmente en nuestra naci\u00f3n, y cu\u00e1l debe ser el enfoque terap\u00e9utico para conseguir la cesaci\u00f3n tab\u00e1quica del fumador, seg\u00fan la evidencia cient\u00edfica.<\/p>\n\n\n\n<p>El Dr. Aguil\u00f3 es acad\u00e9mico correspondiente de la Reial Acad\u00e8mia de Farm\u00e0cia de Catalunya y de la Reial Acad\u00e8mia de Medicina de les Illes Balears. Es doctor por la Universidad de las Islas Baleares (UIB) en el Programa de Doctorado en Investigaci\u00f3n Traslacional en Salud P\u00fablica y Enfermedades de Alta Prevalencia, habiendo obtenido la calificaci\u00f3n de excelente cum laude con la tesis: \u201cvaloraci\u00f3n de diferentes escalas relacionadas con el riesgo cardiometab\u00f3lico, h\u00edgado graso y resistencia a la insulina en trabajadores espa\u00f1oles fumadores y no fumadores\u201d.<\/p>\n\n\n\n<p>Coordinador de tabaquismo del Colegio de Farmac\u00e9uticos de Baleares (COFIB) y responsable en Baleares del grupo de respiratorio y tabaquismo de la Sociedad Espa\u00f1ola de Farmacia Cl\u00ednica, Familiar y Comunitaria (SEFAC) adem\u00e1s de miembro de la Sociedad Espa\u00f1ola de Especialistas en Tabaquismo (SEDET). M\u00e1ster en Atenci\u00f3n Farmac\u00e9utica Integral por la Universidad de Barcelona y en Prevenci\u00f3n y Tratamiento del Tabaquismo por la misma universidad.<\/p>\n\n\n\n<p>Lleva a cabo el servicio profesional de cesaci\u00f3n tab\u00e1quica en la farmacia comunitaria de su propiedad desde el a\u00f1o 1996, en el que han sido atendidos m\u00e1s de 500 fumadores.<\/p>\n\n\n\n<p>Autor de publicaciones relacionadas con el tabaquismo y docente en cursos, congresos y colegios profesionales, ha llevado a cabo sesiones cl\u00ednicas sobre tabaquismo para profesionales sanitarios en diferentes centros de salud de nuestra Comunidad.<\/p>\n\n\n\n<p>Esperamos que sea de su inter\u00e9s y le invitamos a dar difusi\u00f3n de esta actividad entre sus contactos si lo estima oportuno.<\/p>\n","protected":false},"excerpt":{"rendered":"<p>P\u00edldora cient\u00edfica realizada por el Dr. Miguel Carlos Aguil\u00f3 Juanola, farmac\u00e9utico comunitario experto en tabaquismo. En esta p\u00edldora informativa expondr\u00e1, de forma sucinta, cu\u00e1l es la situaci\u00f3n epidemiol\u00f3gica del tabaquismo, [&hellip;]<\/p>\n","protected":false},"author":3,"featured_media":6845,"comment_status":"open","ping_status":"closed","sticky":false,"template":"","format":"standard","meta":{"_monsterinsights_skip_tracking":false,"_monsterinsights_sitenote_active":false,"_monsterinsights_sitenote_note":"","_monsterinsights_sitenote_category":0,"footnotes":""},"categories":[14,24,1274,544],"tags":[1682,1685,1667,1686,1687,1681,1688,1676,881,1689,1690,1675,1668,1691,1671,1692,1693,1672,1694,1673,1695,1670,1679,1696,1678,1697,303,1698,1677,1699,1684,1683,1700,1701,1669,1680,1702,1703,1674],"_links":{"self":[{"href":"https:\/\/ramib.org\/oficial\/index.php\/wp-json\/wp\/v2\/posts\/6848"}],"collection":[{"href":"https:\/\/ramib.org\/oficial\/index.php\/wp-json\/wp\/v2\/posts"}],"about":[{"href":"https:\/\/ramib.org\/oficial\/index.php\/wp-json\/wp\/v2\/types\/post"}],"author":[{"embeddable":true,"href":"https:\/\/ramib.org\/oficial\/index.php\/wp-json\/wp\/v2\/users\/3"}],"replies":[{"embeddable":true,"href":"https:\/\/ramib.org\/oficial\/index.php\/wp-json\/wp\/v2\/comments?post=6848"}],"version-history":[{"count":1,"href":"https:\/\/ramib.org\/oficial\/index.php\/wp-json\/wp\/v2\/posts\/6848\/revisions"}],"predecessor-version":[{"id":6849,"href":"https:\/\/ramib.org\/oficial\/index.php\/wp-json\/wp\/v2\/posts\/6848\/revisions\/6849"}],"wp:featuredmedia":[{"embeddable":true,"href":"https:\/\/ramib.org\/oficial\/index.php\/wp-json\/wp\/v2\/media\/6845"}],"wp:attachment":[{"href":"https:\/\/ramib.org\/oficial\/index.php\/wp-json\/wp\/v2\/media?parent=6848"}],"wp:term":[{"taxonomy":"category","embeddable":true,"href":"https:\/\/ramib.org\/oficial\/index.php\/wp-json\/wp\/v2\/categories?post=6848"},{"taxonomy":"post_tag","embeddable":true,"href":"https:\/\/ramib.org\/oficial\/index.php\/wp-json\/wp\/v2\/tags?post=6848"}],"curies":[{"name":"wp","href":"https:\/\/api.w.org\/{rel}","templated":true}]}}