{"id":6843,"date":"2025-10-30T07:25:25","date_gmt":"2025-10-30T07:25:25","guid":{"rendered":"https:\/\/ramib.org\/oficial\/?p=6843"},"modified":"2025-12-23T17:08:34","modified_gmt":"2025-12-23T17:08:34","slug":"tabaquismo-situacion-actual-y-tratamiento-de-eleccion","status":"publish","type":"post","link":"https:\/\/ramib.org\/oficial\/index.php\/2025\/10\/30\/tabaquismo-situacion-actual-y-tratamiento-de-eleccion\/","title":{"rendered":"Tabaquismo: situaci\u00f3n actual y tratamiento de elecci\u00f3n"},"content":{"rendered":"\n<figure class=\"wp-block-embed aligncenter is-type-video is-provider-youtube wp-block-embed-youtube wp-embed-aspect-16-9 wp-has-aspect-ratio\"><div class=\"wp-block-embed__wrapper\">\n<iframe loading=\"lazy\" title=\"Tabaquismo: situaci\u00f3n actual y tratamiento de elecci\u00f3n\" width=\"696\" height=\"392\" src=\"https:\/\/www.youtube.com\/embed\/NqW2KAPTyi0?start=5&#038;feature=oembed\" frameborder=\"0\" allow=\"accelerometer; autoplay; clipboard-write; encrypted-media; gyroscope; picture-in-picture; web-share\" referrerpolicy=\"strict-origin-when-cross-origin\" allowfullscreen><\/iframe>\n<\/div><\/figure>\n\n\n\n<p>P\u00edndola cient\u00edfica realitzada pel Dr. Miguel Carlos Aguil\u00f3 Juanola, farmac\u00e8utic comunitari expert en tabaquisme.<\/p>\n\n\n\n<p>En aquesta p\u00edndola informativa exposar\u00e0, de manera succinta, quina \u00e9s la situaci\u00f3 epidemiol\u00f2gica del tabaquisme, particularment en la nostra naci\u00f3, i quin ha de ser l&#8217;enfocament terap\u00e8utic per a aconseguir la cessaci\u00f3 tab\u00e0quica del fumador, segons l&#8217;evid\u00e8ncia cient\u00edfica.<\/p>\n\n\n\n<p>El Dr. Aguil\u00f3 \u00e9s acad\u00e8mic corresponent de la Reial Acad\u00e8mia de Farm\u00e0cia de Catalunya i de la Reial Acad\u00e8mia de Medicina dels Illes Balears. \u00c9s doctor per la Universitat de les illes Balears (UIB) en el Programa de Doctorat en Recerca Translacional en Salut P\u00fablica i Malalties d&#8217;Alta Prevalen\u00e7a, havent obtingut la qualificaci\u00f3 d&#8217;excel\u00b7lent cum laude amb la tesi: \u201cvaloraci\u00f3 de diferents escales relacionades amb el risc cardiometab\u00f3lico, fetge gras i resist\u00e8ncia a la insulina en treballadors espanyols fumadors i no fumadors\u201d.<\/p>\n\n\n\n<p>Coordinador de tabaquisme del Col\u00b7legi de Farmac\u00e8utics de Balears (COFIB) i responsable a Balears del grup de respiratori i tabaquisme de la Societat Espanyola de Farm\u00e0cia Cl\u00ednica, Familiar i Comunit\u00e0ria (SEFAC) a m\u00e9s de membre de la Societat Espanyola d&#8217;Especialistes en Tabaquisme (SEDET). M\u00e0ster en Atenci\u00f3 Farmac\u00e8utica Integral per la Universitat de Barcelona i en Prevenci\u00f3 i Tractament del Tabaquisme per la mateixa universitat.<\/p>\n\n\n\n<p>Duu a terme el servei professional de cessaci\u00f3 tab\u00e0quica en la farm\u00e0cia comunit\u00e0ria de la seva propietat des de l&#8217;any 1996, en el qual han estat atesos m\u00e9s de 500 fumadors.<\/p>\n\n\n\n<p>Autor de publicacions relacionades amb el tabaquisme i docent en cursos, congressos i col\u00b7legis professionals, ha dut a terme sessions cl\u00edniques sobre tabaquisme per a professionals sanitaris en diferents centres de salut de la nostra Comunitat.<\/p>\n\n\n\n<p>Esperem que sigui del seu inter\u00e8s i li convidem a donar difusi\u00f3 d&#8217;aquesta activitat entre els seus contactes si ho estima oport\u00fa.<\/p>\n","protected":false},"excerpt":{"rendered":"<p>P\u00edndola cient\u00edfica realitzada pel Dr. Miguel Carlos Aguil\u00f3 Juanola, farmac\u00e8utic comunitari expert en tabaquisme. En aquesta p\u00edndola informativa exposar\u00e0, de manera succinta, quina \u00e9s la situaci\u00f3 epidemiol\u00f2gica del tabaquisme, particularment [&hellip;]<\/p>\n","protected":false},"author":3,"featured_media":6844,"comment_status":"open","ping_status":"closed","sticky":false,"template":"","format":"standard","meta":{"_monsterinsights_skip_tracking":false,"_monsterinsights_sitenote_active":false,"_monsterinsights_sitenote_note":"","_monsterinsights_sitenote_category":0,"footnotes":""},"categories":[14,24,1274,544],"tags":[1682,1667,1681,1676,881,1675,1668,1671,1672,1673,1670,1679,1678,303,1677,1684,1683,1669,1680,1674],"_links":{"self":[{"href":"https:\/\/ramib.org\/oficial\/index.php\/wp-json\/wp\/v2\/posts\/6843"}],"collection":[{"href":"https:\/\/ramib.org\/oficial\/index.php\/wp-json\/wp\/v2\/posts"}],"about":[{"href":"https:\/\/ramib.org\/oficial\/index.php\/wp-json\/wp\/v2\/types\/post"}],"author":[{"embeddable":true,"href":"https:\/\/ramib.org\/oficial\/index.php\/wp-json\/wp\/v2\/users\/3"}],"replies":[{"embeddable":true,"href":"https:\/\/ramib.org\/oficial\/index.php\/wp-json\/wp\/v2\/comments?post=6843"}],"version-history":[{"count":1,"href":"https:\/\/ramib.org\/oficial\/index.php\/wp-json\/wp\/v2\/posts\/6843\/revisions"}],"predecessor-version":[{"id":6846,"href":"https:\/\/ramib.org\/oficial\/index.php\/wp-json\/wp\/v2\/posts\/6843\/revisions\/6846"}],"wp:featuredmedia":[{"embeddable":true,"href":"https:\/\/ramib.org\/oficial\/index.php\/wp-json\/wp\/v2\/media\/6844"}],"wp:attachment":[{"href":"https:\/\/ramib.org\/oficial\/index.php\/wp-json\/wp\/v2\/media?parent=6843"}],"wp:term":[{"taxonomy":"category","embeddable":true,"href":"https:\/\/ramib.org\/oficial\/index.php\/wp-json\/wp\/v2\/categories?post=6843"},{"taxonomy":"post_tag","embeddable":true,"href":"https:\/\/ramib.org\/oficial\/index.php\/wp-json\/wp\/v2\/tags?post=6843"}],"curies":[{"name":"wp","href":"https:\/\/api.w.org\/{rel}","templated":true}]}}