{"id":6839,"date":"2025-10-21T20:18:53","date_gmt":"2025-10-21T20:18:53","guid":{"rendered":"https:\/\/ramib.org\/oficial\/?p=6839"},"modified":"2025-11-23T17:40:37","modified_gmt":"2025-11-23T17:40:37","slug":"04-11-2025-desafios-clinicos-actuales-en-el-diagnostico-y-tratamiento-de-inmunodeficiencias-primarias-y-secundarias","status":"publish","type":"post","link":"https:\/\/ramib.org\/oficial\/index.php\/2025\/10\/21\/04-11-2025-desafios-clinicos-actuales-en-el-diagnostico-y-tratamiento-de-inmunodeficiencias-primarias-y-secundarias\/?lang=es","title":{"rendered":"04\/11\/2025: &#8220;Desaf\u00edos cl\u00ednicos actuales en el diagn\u00f3stico y tratamiento de inmunodeficiencias primarias y secundarias&#8221;"},"content":{"rendered":"\n<p>El pasado 4 de noviembre, la Real Academia de Medicina de les Illes Balears acogi\u00f3 una interesante sesi\u00f3n cient\u00edfica a cargo del Jaume Pons, centrada en el diagn\u00f3stico y tratamiento de las inmunodeficiencias y en el uso adecuado de los antibi\u00f3ticos.<\/p>\n\n\n<div class=\"wp-block-image\">\n<figure class=\"aligncenter size-large\"><img loading=\"lazy\" decoding=\"async\" width=\"1024\" height=\"682\" src=\"https:\/\/ramib.org\/oficial\/wp-content\/uploads\/2025\/10\/Dr-Pons-1-1024x682.jpg\" alt=\"\" class=\"wp-image-6862\" srcset=\"https:\/\/ramib.org\/oficial\/wp-content\/uploads\/2025\/10\/Dr-Pons-1-1024x682.jpg 1024w, https:\/\/ramib.org\/oficial\/wp-content\/uploads\/2025\/10\/Dr-Pons-1-300x200.jpg 300w, https:\/\/ramib.org\/oficial\/wp-content\/uploads\/2025\/10\/Dr-Pons-1-768x512.jpg 768w, https:\/\/ramib.org\/oficial\/wp-content\/uploads\/2025\/10\/Dr-Pons-1-1536x1024.jpg 1536w, https:\/\/ramib.org\/oficial\/wp-content\/uploads\/2025\/10\/Dr-Pons-1-696x464.jpg 696w, https:\/\/ramib.org\/oficial\/wp-content\/uploads\/2025\/10\/Dr-Pons-1-1068x712.jpg 1068w, https:\/\/ramib.org\/oficial\/wp-content\/uploads\/2025\/10\/Dr-Pons-1-630x420.jpg 630w, https:\/\/ramib.org\/oficial\/wp-content\/uploads\/2025\/10\/Dr-Pons-1-1920x1280.jpg 1920w, https:\/\/ramib.org\/oficial\/wp-content\/uploads\/2025\/10\/Dr-Pons-1.jpg 2000w\" sizes=\"(max-width: 1024px) 100vw, 1024px\" \/><\/figure><\/div>\n\n\n<p>Abri\u00f3 el acto el presidente de la corporaci\u00f3n, Excm. Sr. Joan Besalduch Vidal, agradeciendo a los asistentes su presencia y al ponente la realizaci\u00f3n de la sesi\u00f3n.<\/p>\n\n\n<div class=\"wp-block-image\">\n<figure class=\"aligncenter size-large\"><img loading=\"lazy\" decoding=\"async\" width=\"1024\" height=\"682\" src=\"https:\/\/ramib.org\/oficial\/wp-content\/uploads\/2025\/10\/Dr.-Pons-2-1024x682.jpg\" alt=\"\" class=\"wp-image-6864\" srcset=\"https:\/\/ramib.org\/oficial\/wp-content\/uploads\/2025\/10\/Dr.-Pons-2-1024x682.jpg 1024w, https:\/\/ramib.org\/oficial\/wp-content\/uploads\/2025\/10\/Dr.-Pons-2-300x200.jpg 300w, https:\/\/ramib.org\/oficial\/wp-content\/uploads\/2025\/10\/Dr.-Pons-2-768x512.jpg 768w, https:\/\/ramib.org\/oficial\/wp-content\/uploads\/2025\/10\/Dr.-Pons-2-1536x1024.jpg 1536w, https:\/\/ramib.org\/oficial\/wp-content\/uploads\/2025\/10\/Dr.-Pons-2-696x464.jpg 696w, https:\/\/ramib.org\/oficial\/wp-content\/uploads\/2025\/10\/Dr.-Pons-2-1068x712.jpg 1068w, https:\/\/ramib.org\/oficial\/wp-content\/uploads\/2025\/10\/Dr.-Pons-2-630x420.jpg 630w, https:\/\/ramib.org\/oficial\/wp-content\/uploads\/2025\/10\/Dr.-Pons-2-1920x1280.jpg 1920w, https:\/\/ramib.org\/oficial\/wp-content\/uploads\/2025\/10\/Dr.-Pons-2.jpg 2000w\" sizes=\"(max-width: 1024px) 100vw, 1024px\" \/><\/figure><\/div>\n\n\n<p>El encargado de presentar el curr\u00edculum del ponente fue el acad\u00e9mico numerario M. Il. Sr. Jordi Reina Prieto.<\/p>\n\n\n<div class=\"wp-block-image\">\n<figure class=\"aligncenter size-large\"><img loading=\"lazy\" decoding=\"async\" width=\"1024\" height=\"682\" src=\"https:\/\/ramib.org\/oficial\/wp-content\/uploads\/2025\/10\/Dr.-Pons-5-1024x682.jpg\" alt=\"\" class=\"wp-image-6870\" srcset=\"https:\/\/ramib.org\/oficial\/wp-content\/uploads\/2025\/10\/Dr.-Pons-5-1024x682.jpg 1024w, https:\/\/ramib.org\/oficial\/wp-content\/uploads\/2025\/10\/Dr.-Pons-5-300x200.jpg 300w, https:\/\/ramib.org\/oficial\/wp-content\/uploads\/2025\/10\/Dr.-Pons-5-768x512.jpg 768w, https:\/\/ramib.org\/oficial\/wp-content\/uploads\/2025\/10\/Dr.-Pons-5-1536x1024.jpg 1536w, https:\/\/ramib.org\/oficial\/wp-content\/uploads\/2025\/10\/Dr.-Pons-5-696x464.jpg 696w, https:\/\/ramib.org\/oficial\/wp-content\/uploads\/2025\/10\/Dr.-Pons-5-1068x712.jpg 1068w, https:\/\/ramib.org\/oficial\/wp-content\/uploads\/2025\/10\/Dr.-Pons-5-630x420.jpg 630w, https:\/\/ramib.org\/oficial\/wp-content\/uploads\/2025\/10\/Dr.-Pons-5-1920x1280.jpg 1920w, https:\/\/ramib.org\/oficial\/wp-content\/uploads\/2025\/10\/Dr.-Pons-5.jpg 2000w\" sizes=\"(max-width: 1024px) 100vw, 1024px\" \/><\/figure><\/div>\n\n\n<p>En su ponencia, el Dr. Pons explic\u00f3 que las inmunodeficiencias \u2014ahora denominadas \u00aberrores cong\u00e9nitos de la inmunidad\u00bb\u2014 engloban m\u00e1s de 500 trastornos distintos que afectan al desarrollo o funcionamiento del sistema inmunitario. Subray\u00f3 que, adem\u00e1s de una mayor susceptibilidad a infecciones, estos pacientes pueden presentar autoinmunidad, inflamaci\u00f3n, alergias o mayor riesgo de neoplasias.<\/p>\n\n\n\n<p>Diferenci\u00f3 las inmunodeficiencias primarias (de origen gen\u00e9tico) de las secundarias (que aparecen a lo largo de la vida por otras enfermedades, tratamientos o envejecimiento).<\/p>\n\n\n<div class=\"wp-block-image\">\n<figure class=\"aligncenter size-large\"><img loading=\"lazy\" decoding=\"async\" width=\"1024\" height=\"682\" src=\"https:\/\/ramib.org\/oficial\/wp-content\/uploads\/2025\/10\/Dr.-Pons-3-1024x682.jpg\" alt=\"\" class=\"wp-image-6866\" srcset=\"https:\/\/ramib.org\/oficial\/wp-content\/uploads\/2025\/10\/Dr.-Pons-3-1024x682.jpg 1024w, https:\/\/ramib.org\/oficial\/wp-content\/uploads\/2025\/10\/Dr.-Pons-3-300x200.jpg 300w, https:\/\/ramib.org\/oficial\/wp-content\/uploads\/2025\/10\/Dr.-Pons-3-768x512.jpg 768w, https:\/\/ramib.org\/oficial\/wp-content\/uploads\/2025\/10\/Dr.-Pons-3-1536x1024.jpg 1536w, https:\/\/ramib.org\/oficial\/wp-content\/uploads\/2025\/10\/Dr.-Pons-3-696x464.jpg 696w, https:\/\/ramib.org\/oficial\/wp-content\/uploads\/2025\/10\/Dr.-Pons-3-1068x712.jpg 1068w, https:\/\/ramib.org\/oficial\/wp-content\/uploads\/2025\/10\/Dr.-Pons-3-630x420.jpg 630w, https:\/\/ramib.org\/oficial\/wp-content\/uploads\/2025\/10\/Dr.-Pons-3-1920x1280.jpg 1920w, https:\/\/ramib.org\/oficial\/wp-content\/uploads\/2025\/10\/Dr.-Pons-3.jpg 2000w\" sizes=\"(max-width: 1024px) 100vw, 1024px\" \/><\/figure><\/div>\n\n\n<p>Destac\u00f3 la importancia de una historia cl\u00ednica rigurosa, junto a estudios de laboratorio y gen\u00e9tica, para realizar un diagn\u00f3stico precoz. En Baleares, la unidad de Inmunolog\u00eda lleva m\u00e1s de 40 a\u00f1os dedicada a estos estudios.<\/p>\n\n\n\n<p>Asimismo, alert\u00f3 sobre un aspecto de gran inter\u00e9s para todo el \u00e1mbito sanitario y la poblaci\u00f3n: la correcta administraci\u00f3n de antibi\u00f3ticos. Indic\u00f3 que los antibi\u00f3ticos son fundamentales, pero que cuando se usan de forma incorrecta \u2014por ejemplo sin indicaci\u00f3n, mal pauta o interrupci\u00f3n prematura\u2014 pueden fomentar la aparici\u00f3n de bacterias resistentes, lo que agrava el problema de las infecciones tanto en personas con inmunodeficiencias como en la poblaci\u00f3n general.<\/p>\n\n\n<div class=\"wp-block-image\">\n<figure class=\"aligncenter size-large\"><img loading=\"lazy\" decoding=\"async\" width=\"1024\" height=\"682\" src=\"https:\/\/ramib.org\/oficial\/wp-content\/uploads\/2025\/10\/Dr.-pons-4-1024x682.jpg\" alt=\"\" class=\"wp-image-6868\" srcset=\"https:\/\/ramib.org\/oficial\/wp-content\/uploads\/2025\/10\/Dr.-pons-4-1024x682.jpg 1024w, https:\/\/ramib.org\/oficial\/wp-content\/uploads\/2025\/10\/Dr.-pons-4-300x200.jpg 300w, https:\/\/ramib.org\/oficial\/wp-content\/uploads\/2025\/10\/Dr.-pons-4-768x512.jpg 768w, https:\/\/ramib.org\/oficial\/wp-content\/uploads\/2025\/10\/Dr.-pons-4-1536x1024.jpg 1536w, https:\/\/ramib.org\/oficial\/wp-content\/uploads\/2025\/10\/Dr.-pons-4-696x464.jpg 696w, https:\/\/ramib.org\/oficial\/wp-content\/uploads\/2025\/10\/Dr.-pons-4-1068x712.jpg 1068w, https:\/\/ramib.org\/oficial\/wp-content\/uploads\/2025\/10\/Dr.-pons-4-630x420.jpg 630w, https:\/\/ramib.org\/oficial\/wp-content\/uploads\/2025\/10\/Dr.-pons-4-1920x1280.jpg 1920w, https:\/\/ramib.org\/oficial\/wp-content\/uploads\/2025\/10\/Dr.-pons-4.jpg 2000w\" sizes=\"(max-width: 1024px) 100vw, 1024px\" \/><\/figure><\/div>\n\n\n<p>El Dr. Pons incidi\u00f3 en que, en casos de inmunodeficiencia, el retraso en el diagn\u00f3stico o el fallo en prevenir infecciones repetidas puede llevar a da\u00f1o pulmonar o a deterioro de la funci\u00f3n respiratoria.<\/p>\n\n\n<div class=\"wp-block-image\">\n<figure class=\"aligncenter size-large\"><img loading=\"lazy\" decoding=\"async\" width=\"1024\" height=\"682\" src=\"https:\/\/ramib.org\/oficial\/wp-content\/uploads\/2025\/10\/Dr.-Pons-6-1024x682.jpg\" alt=\"\" class=\"wp-image-6872\" srcset=\"https:\/\/ramib.org\/oficial\/wp-content\/uploads\/2025\/10\/Dr.-Pons-6-1024x682.jpg 1024w, https:\/\/ramib.org\/oficial\/wp-content\/uploads\/2025\/10\/Dr.-Pons-6-300x200.jpg 300w, https:\/\/ramib.org\/oficial\/wp-content\/uploads\/2025\/10\/Dr.-Pons-6-768x512.jpg 768w, https:\/\/ramib.org\/oficial\/wp-content\/uploads\/2025\/10\/Dr.-Pons-6-1536x1024.jpg 1536w, https:\/\/ramib.org\/oficial\/wp-content\/uploads\/2025\/10\/Dr.-Pons-6-696x464.jpg 696w, https:\/\/ramib.org\/oficial\/wp-content\/uploads\/2025\/10\/Dr.-Pons-6-1068x712.jpg 1068w, https:\/\/ramib.org\/oficial\/wp-content\/uploads\/2025\/10\/Dr.-Pons-6-630x420.jpg 630w, https:\/\/ramib.org\/oficial\/wp-content\/uploads\/2025\/10\/Dr.-Pons-6-1920x1280.jpg 1920w, https:\/\/ramib.org\/oficial\/wp-content\/uploads\/2025\/10\/Dr.-Pons-6.jpg 2000w\" sizes=\"(max-width: 1024px) 100vw, 1024px\" \/><\/figure><\/div>\n\n\n<p>En cuanto a tratamiento, se\u00f1al\u00f3 que en la mayor\u00eda de los casos el d\u00e9ficit es de anticuerpos, y que el tratamiento habitual incluye inmunoglobulinas, antibi\u00f3ticos terap\u00e9uticos o preventivos, y vacunas. En algunas formas graves, se contempla trasplante de m\u00e9dula \u00f3sea y, aunque de forma a\u00fan emergente, terapia g\u00e9nica.<\/p>\n\n\n<div class=\"wp-block-image\">\n<figure class=\"aligncenter size-large\"><img loading=\"lazy\" decoding=\"async\" width=\"1024\" height=\"682\" src=\"https:\/\/ramib.org\/oficial\/wp-content\/uploads\/2025\/10\/Dr.-Pons-7-1024x682.jpg\" alt=\"\" class=\"wp-image-6874\" srcset=\"https:\/\/ramib.org\/oficial\/wp-content\/uploads\/2025\/10\/Dr.-Pons-7-1024x682.jpg 1024w, https:\/\/ramib.org\/oficial\/wp-content\/uploads\/2025\/10\/Dr.-Pons-7-300x200.jpg 300w, https:\/\/ramib.org\/oficial\/wp-content\/uploads\/2025\/10\/Dr.-Pons-7-768x512.jpg 768w, https:\/\/ramib.org\/oficial\/wp-content\/uploads\/2025\/10\/Dr.-Pons-7-1536x1024.jpg 1536w, https:\/\/ramib.org\/oficial\/wp-content\/uploads\/2025\/10\/Dr.-Pons-7-696x464.jpg 696w, https:\/\/ramib.org\/oficial\/wp-content\/uploads\/2025\/10\/Dr.-Pons-7-1068x712.jpg 1068w, https:\/\/ramib.org\/oficial\/wp-content\/uploads\/2025\/10\/Dr.-Pons-7-630x420.jpg 630w, https:\/\/ramib.org\/oficial\/wp-content\/uploads\/2025\/10\/Dr.-Pons-7-1920x1280.jpg 1920w, https:\/\/ramib.org\/oficial\/wp-content\/uploads\/2025\/10\/Dr.-Pons-7.jpg 2000w\" sizes=\"(max-width: 1024px) 100vw, 1024px\" \/><\/figure><\/div>\n\n\n<p>Esta conferencia permiti\u00f3 visibilizar un doble desaf\u00edo sanitario: por un lado, el reconocimiento y tratamiento adecuado de las inmunodeficiencias como parte esencial del servicio de salud; y por otro, la necesidad de una gesti\u00f3n responsable de los antibi\u00f3ticos para evitar la creciente amenaza de la resistencia bacteriana. El acto consolid\u00f3 as\u00ed un espacio de reflexi\u00f3n para profesionales sanitarios y gestores p\u00fablicos en Baleares.<\/p>\n\n\n<div class=\"wp-block-image\">\n<figure class=\"aligncenter size-large\"><img loading=\"lazy\" decoding=\"async\" width=\"1024\" height=\"682\" src=\"https:\/\/ramib.org\/oficial\/wp-content\/uploads\/2025\/10\/Dr.-Pons-8-1024x682.jpg\" alt=\"\" class=\"wp-image-6876\" srcset=\"https:\/\/ramib.org\/oficial\/wp-content\/uploads\/2025\/10\/Dr.-Pons-8-1024x682.jpg 1024w, https:\/\/ramib.org\/oficial\/wp-content\/uploads\/2025\/10\/Dr.-Pons-8-300x200.jpg 300w, https:\/\/ramib.org\/oficial\/wp-content\/uploads\/2025\/10\/Dr.-Pons-8-768x512.jpg 768w, https:\/\/ramib.org\/oficial\/wp-content\/uploads\/2025\/10\/Dr.-Pons-8-1536x1024.jpg 1536w, https:\/\/ramib.org\/oficial\/wp-content\/uploads\/2025\/10\/Dr.-Pons-8-696x464.jpg 696w, https:\/\/ramib.org\/oficial\/wp-content\/uploads\/2025\/10\/Dr.-Pons-8-1068x712.jpg 1068w, https:\/\/ramib.org\/oficial\/wp-content\/uploads\/2025\/10\/Dr.-Pons-8-630x420.jpg 630w, https:\/\/ramib.org\/oficial\/wp-content\/uploads\/2025\/10\/Dr.-Pons-8-1920x1280.jpg 1920w, https:\/\/ramib.org\/oficial\/wp-content\/uploads\/2025\/10\/Dr.-Pons-8.jpg 2000w\" sizes=\"(max-width: 1024px) 100vw, 1024px\" \/><\/figure><\/div>\n\n\n<p>Puede visualizar la sesi\u00f3n cient\u00edfica en el canal de youtube de la corporaci\u00f3n:<\/p>\n\n\n\n<figure class=\"wp-block-embed aligncenter is-type-video is-provider-youtube wp-block-embed-youtube wp-embed-aspect-16-9 wp-has-aspect-ratio\"><div class=\"wp-block-embed__wrapper\">\n<iframe loading=\"lazy\" title=\"Desaf\u00edos cl\u00ednicos en el diagn\u00f3stico y tratamiento de inmunodeficiencias primarias y secundarias\" width=\"696\" height=\"392\" src=\"https:\/\/www.youtube.com\/embed\/8evnmOHnGng?feature=oembed\" frameborder=\"0\" allow=\"accelerometer; autoplay; clipboard-write; encrypted-media; gyroscope; picture-in-picture; web-share\" referrerpolicy=\"strict-origin-when-cross-origin\" allowfullscreen><\/iframe>\n<\/div><\/figure>\n","protected":false},"excerpt":{"rendered":"<p>El pasado 4 de noviembre, la Real Academia de Medicina de les Illes Balears acogi\u00f3 una interesante sesi\u00f3n cient\u00edfica a cargo del Jaume Pons, centrada en el diagn\u00f3stico y tratamiento [&hellip;]<\/p>\n","protected":false},"author":3,"featured_media":6878,"comment_status":"open","ping_status":"closed","sticky":false,"template":"","format":"standard","meta":{"_monsterinsights_skip_tracking":false,"_monsterinsights_sitenote_active":false,"_monsterinsights_sitenote_note":"","_monsterinsights_sitenote_category":0,"footnotes":""},"categories":[14,24,1274,17],"tags":[1649,1642,1650,1640,1632,1651,1652,1647,1653,1641,1638,1654,1637,1655,1633,1656,1634,1657,1646,1658,1648,1659,1660,1639,1661,1645,1662,1636,1635,1663,1664,1631,1665,1644,1643,1666],"_links":{"self":[{"href":"https:\/\/ramib.org\/oficial\/index.php\/wp-json\/wp\/v2\/posts\/6839"}],"collection":[{"href":"https:\/\/ramib.org\/oficial\/index.php\/wp-json\/wp\/v2\/posts"}],"about":[{"href":"https:\/\/ramib.org\/oficial\/index.php\/wp-json\/wp\/v2\/types\/post"}],"author":[{"embeddable":true,"href":"https:\/\/ramib.org\/oficial\/index.php\/wp-json\/wp\/v2\/users\/3"}],"replies":[{"embeddable":true,"href":"https:\/\/ramib.org\/oficial\/index.php\/wp-json\/wp\/v2\/comments?post=6839"}],"version-history":[{"count":3,"href":"https:\/\/ramib.org\/oficial\/index.php\/wp-json\/wp\/v2\/posts\/6839\/revisions"}],"predecessor-version":[{"id":6885,"href":"https:\/\/ramib.org\/oficial\/index.php\/wp-json\/wp\/v2\/posts\/6839\/revisions\/6885"}],"wp:featuredmedia":[{"embeddable":true,"href":"https:\/\/ramib.org\/oficial\/index.php\/wp-json\/wp\/v2\/media\/6878"}],"wp:attachment":[{"href":"https:\/\/ramib.org\/oficial\/index.php\/wp-json\/wp\/v2\/media?parent=6839"}],"wp:term":[{"taxonomy":"category","embeddable":true,"href":"https:\/\/ramib.org\/oficial\/index.php\/wp-json\/wp\/v2\/categories?post=6839"},{"taxonomy":"post_tag","embeddable":true,"href":"https:\/\/ramib.org\/oficial\/index.php\/wp-json\/wp\/v2\/tags?post=6839"}],"curies":[{"name":"wp","href":"https:\/\/api.w.org\/{rel}","templated":true}]}}