{"id":6807,"date":"2025-10-18T18:03:20","date_gmt":"2025-10-18T18:03:20","guid":{"rendered":"https:\/\/ramib.org\/oficial\/?p=6807"},"modified":"2025-10-18T18:05:31","modified_gmt":"2025-10-18T18:05:31","slug":"22-09-2025-conferencia-carlos-campillo-confieso-que-he-vivido-40-anos-de-economia-de-la-salud","status":"publish","type":"post","link":"https:\/\/ramib.org\/oficial\/index.php\/2025\/10\/18\/22-09-2025-conferencia-carlos-campillo-confieso-que-he-vivido-40-anos-de-economia-de-la-salud\/?lang=es","title":{"rendered":"22\/09\/2025: conferencia &#8220;Carlos Campillo \u2013 Confieso que he vivido 40 a\u00f1os de Econom\u00eda de la Salud&#8221;"},"content":{"rendered":"\n<p>El economista Guillem L\u00f3pez Casasnovas, referente en el \u00e1mbito de la econom\u00eda de la salud, ofreci\u00f3 una conferencia muy especial titulada Carlos Campillo \u2013 Confieso que he vivido 40 a\u00f1os de Econom\u00eda de la Salud.<br>El acto se enmarc\u00f3 dentro del X Programa Experto en Pol\u00edtica Sanitaria y Farmacoeconom\u00eda, que re\u00fane cada a\u00f1o en especialistas nacionales e internacionales del sector y se llev\u00f3 a cabo en Mallorca durante los d\u00edas 21, 22 y 23 de septiembre.<\/p>\n\n\n<div class=\"wp-block-image\">\n<figure class=\"aligncenter size-large\"><img loading=\"lazy\" decoding=\"async\" width=\"1024\" height=\"683\" src=\"https:\/\/ramib.org\/oficial\/wp-content\/uploads\/2025\/10\/cresp1-1024x683.jpg\" alt=\"\" class=\"wp-image-6784\" srcset=\"https:\/\/ramib.org\/oficial\/wp-content\/uploads\/2025\/10\/cresp1-1024x683.jpg 1024w, https:\/\/ramib.org\/oficial\/wp-content\/uploads\/2025\/10\/cresp1-300x200.jpg 300w, https:\/\/ramib.org\/oficial\/wp-content\/uploads\/2025\/10\/cresp1-768x512.jpg 768w, https:\/\/ramib.org\/oficial\/wp-content\/uploads\/2025\/10\/cresp1-1536x1024.jpg 1536w, https:\/\/ramib.org\/oficial\/wp-content\/uploads\/2025\/10\/cresp1-2048x1365.jpg 2048w, https:\/\/ramib.org\/oficial\/wp-content\/uploads\/2025\/10\/cresp1-696x464.jpg 696w, https:\/\/ramib.org\/oficial\/wp-content\/uploads\/2025\/10\/cresp1-1068x712.jpg 1068w, https:\/\/ramib.org\/oficial\/wp-content\/uploads\/2025\/10\/cresp1-630x420.jpg 630w, https:\/\/ramib.org\/oficial\/wp-content\/uploads\/2025\/10\/cresp1-1920x1280.jpg 1920w\" sizes=\"(max-width: 1024px) 100vw, 1024px\" \/><\/figure><\/div>\n\n\n<p>Abri\u00f3 el acto el presidente de la RAMIB Excmo. Sr. Joan Besalduch Vidal y siguieron al presidente el Director General de Prestaciones y Farmacia Sr. Joan Simonet Borr\u00e1s y la Dra. Carme Pinyol Villena, representante de Novartis.<\/p>\n\n\n<div class=\"wp-block-image\">\n<figure class=\"aligncenter size-large\"><img loading=\"lazy\" decoding=\"async\" width=\"1024\" height=\"683\" src=\"https:\/\/ramib.org\/oficial\/wp-content\/uploads\/2025\/10\/IMG_8946-1024x683.jpg\" alt=\"\" class=\"wp-image-6800\" srcset=\"https:\/\/ramib.org\/oficial\/wp-content\/uploads\/2025\/10\/IMG_8946-1024x683.jpg 1024w, https:\/\/ramib.org\/oficial\/wp-content\/uploads\/2025\/10\/IMG_8946-300x200.jpg 300w, https:\/\/ramib.org\/oficial\/wp-content\/uploads\/2025\/10\/IMG_8946-768x512.jpg 768w, https:\/\/ramib.org\/oficial\/wp-content\/uploads\/2025\/10\/IMG_8946-1536x1024.jpg 1536w, https:\/\/ramib.org\/oficial\/wp-content\/uploads\/2025\/10\/IMG_8946-2048x1365.jpg 2048w, https:\/\/ramib.org\/oficial\/wp-content\/uploads\/2025\/10\/IMG_8946-696x464.jpg 696w, https:\/\/ramib.org\/oficial\/wp-content\/uploads\/2025\/10\/IMG_8946-1068x712.jpg 1068w, https:\/\/ramib.org\/oficial\/wp-content\/uploads\/2025\/10\/IMG_8946-630x420.jpg 630w, https:\/\/ramib.org\/oficial\/wp-content\/uploads\/2025\/10\/IMG_8946-1920x1280.jpg 1920w\" sizes=\"(max-width: 1024px) 100vw, 1024px\" \/><figcaption class=\"wp-element-caption\">.<\/figcaption><\/figure><\/div>\n\n<div class=\"wp-block-image\">\n<figure class=\"aligncenter size-large is-resized\"><img loading=\"lazy\" decoding=\"async\" width=\"1024\" height=\"683\" src=\"https:\/\/ramib.org\/oficial\/wp-content\/uploads\/2025\/10\/cresp3-1024x683.jpg\" alt=\"\" class=\"wp-image-6786\" style=\"width:726px;height:auto\" srcset=\"https:\/\/ramib.org\/oficial\/wp-content\/uploads\/2025\/10\/cresp3-1024x683.jpg 1024w, https:\/\/ramib.org\/oficial\/wp-content\/uploads\/2025\/10\/cresp3-300x200.jpg 300w, https:\/\/ramib.org\/oficial\/wp-content\/uploads\/2025\/10\/cresp3-768x512.jpg 768w, https:\/\/ramib.org\/oficial\/wp-content\/uploads\/2025\/10\/cresp3-1536x1024.jpg 1536w, https:\/\/ramib.org\/oficial\/wp-content\/uploads\/2025\/10\/cresp3-2048x1365.jpg 2048w, https:\/\/ramib.org\/oficial\/wp-content\/uploads\/2025\/10\/cresp3-696x464.jpg 696w, https:\/\/ramib.org\/oficial\/wp-content\/uploads\/2025\/10\/cresp3-1068x712.jpg 1068w, https:\/\/ramib.org\/oficial\/wp-content\/uploads\/2025\/10\/cresp3-630x420.jpg 630w, https:\/\/ramib.org\/oficial\/wp-content\/uploads\/2025\/10\/cresp3-1920x1280.jpg 1920w\" sizes=\"(max-width: 1024px) 100vw, 1024px\" \/><\/figure><\/div>\n\n\n<p>En su intervenci\u00f3n, L\u00f3pez Casasnovas realiz\u00f3 una reflexi\u00f3n cr\u00edtica y personal sobre su trayectoria profesional y la evoluci\u00f3n del sistema sanitario p\u00fablico en Espa\u00f1a, dedicando la conferencia a la memoria del doctor Carlos Campillo, con quien comparti\u00f3 a\u00f1os de colaboraci\u00f3n y compromiso con la mejora del sistema de salud. Aunque no quiso que fuera un memorial, s\u00ed que puso en valor la contribuci\u00f3n cl\u00ednica y humana de Campillo, clave para entender los retos sanitarios desde una perspectiva integral.<\/p>\n\n\n<div class=\"wp-block-image\">\n<figure class=\"aligncenter size-large\"><img loading=\"lazy\" decoding=\"async\" width=\"1024\" height=\"683\" src=\"https:\/\/ramib.org\/oficial\/wp-content\/uploads\/2025\/10\/cresp4-1024x683.jpg\" alt=\"\" class=\"wp-image-6788\" srcset=\"https:\/\/ramib.org\/oficial\/wp-content\/uploads\/2025\/10\/cresp4-1024x683.jpg 1024w, https:\/\/ramib.org\/oficial\/wp-content\/uploads\/2025\/10\/cresp4-300x200.jpg 300w, https:\/\/ramib.org\/oficial\/wp-content\/uploads\/2025\/10\/cresp4-768x512.jpg 768w, https:\/\/ramib.org\/oficial\/wp-content\/uploads\/2025\/10\/cresp4-1536x1024.jpg 1536w, https:\/\/ramib.org\/oficial\/wp-content\/uploads\/2025\/10\/cresp4-2048x1365.jpg 2048w, https:\/\/ramib.org\/oficial\/wp-content\/uploads\/2025\/10\/cresp4-696x464.jpg 696w, https:\/\/ramib.org\/oficial\/wp-content\/uploads\/2025\/10\/cresp4-1068x712.jpg 1068w, https:\/\/ramib.org\/oficial\/wp-content\/uploads\/2025\/10\/cresp4-630x420.jpg 630w, https:\/\/ramib.org\/oficial\/wp-content\/uploads\/2025\/10\/cresp4-1920x1280.jpg 1920w\" sizes=\"(max-width: 1024px) 100vw, 1024px\" \/><\/figure><\/div>\n\n\n<p>Durante la charla, el economista se\u00f1al\u00f3 que, a pesar de contar con menos recursos que otros pa\u00edses, el sistema sanitario espa\u00f1ol muestra buenos resultados en t\u00e9rminos generales. No obstante, advirti\u00f3 que mantener un modelo r\u00edgido puede ser un obst\u00e1culo frente a los grandes cambios que se avecinan, como la introducci\u00f3n de nuevas tecnolog\u00edas, la medicina personalizada o los tratamientos a medida.<\/p>\n\n\n<div class=\"wp-block-image\">\n<figure class=\"aligncenter size-large\"><img loading=\"lazy\" decoding=\"async\" width=\"1024\" height=\"683\" src=\"https:\/\/ramib.org\/oficial\/wp-content\/uploads\/2025\/10\/cresp5-1024x683.jpg\" alt=\"\" class=\"wp-image-6790\" srcset=\"https:\/\/ramib.org\/oficial\/wp-content\/uploads\/2025\/10\/cresp5-1024x683.jpg 1024w, https:\/\/ramib.org\/oficial\/wp-content\/uploads\/2025\/10\/cresp5-300x200.jpg 300w, https:\/\/ramib.org\/oficial\/wp-content\/uploads\/2025\/10\/cresp5-768x512.jpg 768w, https:\/\/ramib.org\/oficial\/wp-content\/uploads\/2025\/10\/cresp5-1536x1024.jpg 1536w, https:\/\/ramib.org\/oficial\/wp-content\/uploads\/2025\/10\/cresp5-2048x1365.jpg 2048w, https:\/\/ramib.org\/oficial\/wp-content\/uploads\/2025\/10\/cresp5-696x464.jpg 696w, https:\/\/ramib.org\/oficial\/wp-content\/uploads\/2025\/10\/cresp5-1068x712.jpg 1068w, https:\/\/ramib.org\/oficial\/wp-content\/uploads\/2025\/10\/cresp5-630x420.jpg 630w, https:\/\/ramib.org\/oficial\/wp-content\/uploads\/2025\/10\/cresp5-1920x1280.jpg 1920w\" sizes=\"(max-width: 1024px) 100vw, 1024px\" \/><\/figure><\/div>\n\n\n<p>Seg\u00fan L\u00f3pez Casasnovas, el verdadero reto no es solo financiero, sino de <strong>solvencia<\/strong>: es decir, de capacidad para adaptarse a nuevas necesidades con agilidad y eficacia. Subray\u00f3 la importancia de priorizar las intervenciones sanitarias seg\u00fan criterios de coste-efectividad, algo que ya se est\u00e1 aplicando mediante evaluaciones previas a nivel europeo antes de incorporar nuevos tratamientos a la cartera de servicios p\u00fablicos.<\/p>\n\n\n<div class=\"wp-block-image\">\n<figure class=\"aligncenter size-large\"><img loading=\"lazy\" decoding=\"async\" width=\"1024\" height=\"683\" src=\"https:\/\/ramib.org\/oficial\/wp-content\/uploads\/2025\/10\/cresp6-1024x683.jpg\" alt=\"\" class=\"wp-image-6792\" srcset=\"https:\/\/ramib.org\/oficial\/wp-content\/uploads\/2025\/10\/cresp6-1024x683.jpg 1024w, https:\/\/ramib.org\/oficial\/wp-content\/uploads\/2025\/10\/cresp6-300x200.jpg 300w, https:\/\/ramib.org\/oficial\/wp-content\/uploads\/2025\/10\/cresp6-768x512.jpg 768w, https:\/\/ramib.org\/oficial\/wp-content\/uploads\/2025\/10\/cresp6-1536x1024.jpg 1536w, https:\/\/ramib.org\/oficial\/wp-content\/uploads\/2025\/10\/cresp6-2048x1365.jpg 2048w, https:\/\/ramib.org\/oficial\/wp-content\/uploads\/2025\/10\/cresp6-696x464.jpg 696w, https:\/\/ramib.org\/oficial\/wp-content\/uploads\/2025\/10\/cresp6-1068x712.jpg 1068w, https:\/\/ramib.org\/oficial\/wp-content\/uploads\/2025\/10\/cresp6-630x420.jpg 630w, https:\/\/ramib.org\/oficial\/wp-content\/uploads\/2025\/10\/cresp6-1920x1280.jpg 1920w\" sizes=\"(max-width: 1024px) 100vw, 1024px\" \/><\/figure><\/div>\n\n\n<p>La conferencia sirvi\u00f3 para reafirmar el valor de una sanidad p\u00fablica eficiente, flexible y preparada para afrontar los retos del futuro, combinando el rigor econ\u00f3mico con una visi\u00f3n cl\u00ednica y humana de la cura de la salud y fue seguida con gran inter\u00e9s por todo el p\u00fablico asistente.<\/p>\n\n\n<div class=\"wp-block-image\">\n<figure class=\"aligncenter size-large\"><img loading=\"lazy\" decoding=\"async\" width=\"1024\" height=\"683\" src=\"https:\/\/ramib.org\/oficial\/wp-content\/uploads\/2025\/10\/crespportada-1024x683.jpg\" alt=\"\" class=\"wp-image-6798\" srcset=\"https:\/\/ramib.org\/oficial\/wp-content\/uploads\/2025\/10\/crespportada-1024x683.jpg 1024w, https:\/\/ramib.org\/oficial\/wp-content\/uploads\/2025\/10\/crespportada-300x200.jpg 300w, https:\/\/ramib.org\/oficial\/wp-content\/uploads\/2025\/10\/crespportada-768x512.jpg 768w, https:\/\/ramib.org\/oficial\/wp-content\/uploads\/2025\/10\/crespportada-1536x1024.jpg 1536w, https:\/\/ramib.org\/oficial\/wp-content\/uploads\/2025\/10\/crespportada-2048x1365.jpg 2048w, https:\/\/ramib.org\/oficial\/wp-content\/uploads\/2025\/10\/crespportada-696x464.jpg 696w, https:\/\/ramib.org\/oficial\/wp-content\/uploads\/2025\/10\/crespportada-1068x712.jpg 1068w, https:\/\/ramib.org\/oficial\/wp-content\/uploads\/2025\/10\/crespportada-630x420.jpg 630w, https:\/\/ramib.org\/oficial\/wp-content\/uploads\/2025\/10\/crespportada-1920x1280.jpg 1920w\" sizes=\"(max-width: 1024px) 100vw, 1024px\" \/><\/figure><\/div>","protected":false},"excerpt":{"rendered":"<p>El economista Guillem L\u00f3pez Casasnovas, referente en el \u00e1mbito de la econom\u00eda de la salud, ofreci\u00f3 una conferencia muy especial titulada Carlos Campillo \u2013 Confieso que he vivido 40 a\u00f1os [&hellip;]<\/p>\n","protected":false},"author":3,"featured_media":6796,"comment_status":"open","ping_status":"closed","sticky":false,"template":"","format":"standard","meta":{"_monsterinsights_skip_tracking":false,"_monsterinsights_sitenote_active":false,"_monsterinsights_sitenote_note":"","_monsterinsights_sitenote_category":0,"footnotes":""},"categories":[14,24,1274,17],"tags":[1205,1206,1628,1629,1627,1630,199,73,638,461],"_links":{"self":[{"href":"https:\/\/ramib.org\/oficial\/index.php\/wp-json\/wp\/v2\/posts\/6807"}],"collection":[{"href":"https:\/\/ramib.org\/oficial\/index.php\/wp-json\/wp\/v2\/posts"}],"about":[{"href":"https:\/\/ramib.org\/oficial\/index.php\/wp-json\/wp\/v2\/types\/post"}],"author":[{"embeddable":true,"href":"https:\/\/ramib.org\/oficial\/index.php\/wp-json\/wp\/v2\/users\/3"}],"replies":[{"embeddable":true,"href":"https:\/\/ramib.org\/oficial\/index.php\/wp-json\/wp\/v2\/comments?post=6807"}],"version-history":[{"count":1,"href":"https:\/\/ramib.org\/oficial\/index.php\/wp-json\/wp\/v2\/posts\/6807\/revisions"}],"predecessor-version":[{"id":6808,"href":"https:\/\/ramib.org\/oficial\/index.php\/wp-json\/wp\/v2\/posts\/6807\/revisions\/6808"}],"wp:featuredmedia":[{"embeddable":true,"href":"https:\/\/ramib.org\/oficial\/index.php\/wp-json\/wp\/v2\/media\/6796"}],"wp:attachment":[{"href":"https:\/\/ramib.org\/oficial\/index.php\/wp-json\/wp\/v2\/media?parent=6807"}],"wp:term":[{"taxonomy":"category","embeddable":true,"href":"https:\/\/ramib.org\/oficial\/index.php\/wp-json\/wp\/v2\/categories?post=6807"},{"taxonomy":"post_tag","embeddable":true,"href":"https:\/\/ramib.org\/oficial\/index.php\/wp-json\/wp\/v2\/tags?post=6807"}],"curies":[{"name":"wp","href":"https:\/\/api.w.org\/{rel}","templated":true}]}}