{"id":6776,"date":"2025-10-18T18:35:23","date_gmt":"2025-10-18T18:35:23","guid":{"rendered":"https:\/\/ramib.org\/oficial\/?p=6776"},"modified":"2025-10-18T18:35:24","modified_gmt":"2025-10-18T18:35:24","slug":"implementacion-de-la-terapia-car-t-en-las-islas-baleares-2","status":"publish","type":"post","link":"https:\/\/ramib.org\/oficial\/index.php\/2025\/10\/18\/implementacion-de-la-terapia-car-t-en-las-islas-baleares-2\/?lang=es","title":{"rendered":"07\/10\/2025: Implementaci\u00f3n de la terapia CAR-T en las Islas Baleares"},"content":{"rendered":"\n<p>El pasado martes 7 de octubre tuvo lugar en la sede de la RAMIB la sesi\u00f3n cient\u00edfica &#8220;Implementaci\u00f3n de la terapia CAR-T en las Islas Baleares.<\/p>\n\n\n\n<p>La sesi\u00f3n fue llevada a cabo por la Dra. Leyre Bento de Miguel, M\u00e9dico Adjunto de Hematolog\u00eda y coordinadora del Trasplante y Terapia Celular del Hospital Universitari Son Espases.<\/p>\n\n\n<div class=\"wp-block-image\">\n<figure class=\"aligncenter size-large\"><img loading=\"lazy\" decoding=\"async\" width=\"1024\" height=\"683\" src=\"https:\/\/ramib.org\/oficial\/wp-content\/uploads\/2025\/09\/leyre1-1024x683.jpg\" alt=\"\" class=\"wp-image-6809\" srcset=\"https:\/\/ramib.org\/oficial\/wp-content\/uploads\/2025\/09\/leyre1-1024x683.jpg 1024w, https:\/\/ramib.org\/oficial\/wp-content\/uploads\/2025\/09\/leyre1-300x200.jpg 300w, https:\/\/ramib.org\/oficial\/wp-content\/uploads\/2025\/09\/leyre1-768x512.jpg 768w, https:\/\/ramib.org\/oficial\/wp-content\/uploads\/2025\/09\/leyre1-1536x1024.jpg 1536w, https:\/\/ramib.org\/oficial\/wp-content\/uploads\/2025\/09\/leyre1-2048x1365.jpg 2048w, https:\/\/ramib.org\/oficial\/wp-content\/uploads\/2025\/09\/leyre1-696x464.jpg 696w, https:\/\/ramib.org\/oficial\/wp-content\/uploads\/2025\/09\/leyre1-1068x712.jpg 1068w, https:\/\/ramib.org\/oficial\/wp-content\/uploads\/2025\/09\/leyre1-630x420.jpg 630w, https:\/\/ramib.org\/oficial\/wp-content\/uploads\/2025\/09\/leyre1-1920x1280.jpg 1920w\" sizes=\"(max-width: 1024px) 100vw, 1024px\" \/><\/figure><\/div>\n\n\n<p>Abri\u00f3 el acto el presidente de la corporaci\u00f3n Excm. Sr. Joan Besalduch Vidal, que dio la bienvenida a las autoridades y al p\u00fablico asistente.<\/p>\n\n\n<div class=\"wp-block-image\">\n<figure class=\"aligncenter size-large\"><img loading=\"lazy\" decoding=\"async\" width=\"1024\" height=\"683\" src=\"https:\/\/ramib.org\/oficial\/wp-content\/uploads\/2025\/09\/leyre2-1024x683.jpg\" alt=\"\" class=\"wp-image-6811\" srcset=\"https:\/\/ramib.org\/oficial\/wp-content\/uploads\/2025\/09\/leyre2-1024x683.jpg 1024w, https:\/\/ramib.org\/oficial\/wp-content\/uploads\/2025\/09\/leyre2-300x200.jpg 300w, https:\/\/ramib.org\/oficial\/wp-content\/uploads\/2025\/09\/leyre2-768x512.jpg 768w, https:\/\/ramib.org\/oficial\/wp-content\/uploads\/2025\/09\/leyre2-1536x1024.jpg 1536w, https:\/\/ramib.org\/oficial\/wp-content\/uploads\/2025\/09\/leyre2-2048x1365.jpg 2048w, https:\/\/ramib.org\/oficial\/wp-content\/uploads\/2025\/09\/leyre2-696x464.jpg 696w, https:\/\/ramib.org\/oficial\/wp-content\/uploads\/2025\/09\/leyre2-1068x712.jpg 1068w, https:\/\/ramib.org\/oficial\/wp-content\/uploads\/2025\/09\/leyre2-630x420.jpg 630w, https:\/\/ramib.org\/oficial\/wp-content\/uploads\/2025\/09\/leyre2-1920x1280.jpg 1920w\" sizes=\"(max-width: 1024px) 100vw, 1024px\" \/><\/figure><\/div>\n\n\n<p>Posteriormente present\u00f3 el curr\u00edculum de la ponente y hizo una breve introducci\u00f3n al tema de la sesi\u00f3n la Dra. Antonia Sampol Mayol, Jefa de Servicio de Hematolog\u00eda y Hemoterapia del Hospital Universitario Son Espases y Coordinadora Auton\u00f3mica de Terapia Celular Avanzada de les Illes Balears.<\/p>\n\n\n<div class=\"wp-block-image\">\n<figure class=\"aligncenter size-large\"><img loading=\"lazy\" decoding=\"async\" width=\"1024\" height=\"683\" src=\"https:\/\/ramib.org\/oficial\/wp-content\/uploads\/2025\/09\/leyre4-1024x683.jpg\" alt=\"\" class=\"wp-image-6816\" srcset=\"https:\/\/ramib.org\/oficial\/wp-content\/uploads\/2025\/09\/leyre4-1024x683.jpg 1024w, https:\/\/ramib.org\/oficial\/wp-content\/uploads\/2025\/09\/leyre4-300x200.jpg 300w, https:\/\/ramib.org\/oficial\/wp-content\/uploads\/2025\/09\/leyre4-768x512.jpg 768w, https:\/\/ramib.org\/oficial\/wp-content\/uploads\/2025\/09\/leyre4-1536x1024.jpg 1536w, https:\/\/ramib.org\/oficial\/wp-content\/uploads\/2025\/09\/leyre4-2048x1365.jpg 2048w, https:\/\/ramib.org\/oficial\/wp-content\/uploads\/2025\/09\/leyre4-696x464.jpg 696w, https:\/\/ramib.org\/oficial\/wp-content\/uploads\/2025\/09\/leyre4-1068x712.jpg 1068w, https:\/\/ramib.org\/oficial\/wp-content\/uploads\/2025\/09\/leyre4-630x420.jpg 630w, https:\/\/ramib.org\/oficial\/wp-content\/uploads\/2025\/09\/leyre4-1920x1280.jpg 1920w\" sizes=\"(max-width: 1024px) 100vw, 1024px\" \/><\/figure><\/div>\n\n\n<p>Durante su intervenci\u00f3n, la Dra. Bento explic\u00f3 c\u00f3mo esta terapia celular avanzada ha supuesto un cambio de paradigma en el abordaje de enfermedades como el linfoma no Hodgkin, la leucemia linfobl\u00e1stica aguda B o el mieloma m\u00faltiple. La terapia CAR\u2011T consiste en modificar gen\u00e9ticamente los linfocitos T del propio paciente para que reconozcan y destruyan las c\u00e9lulas tumorales de forma dirigida.<\/p>\n\n\n<div class=\"wp-block-image\">\n<figure class=\"aligncenter size-large\"><img loading=\"lazy\" decoding=\"async\" width=\"1024\" height=\"683\" src=\"https:\/\/ramib.org\/oficial\/wp-content\/uploads\/2025\/09\/leyre3-1024x683.jpg\" alt=\"\" class=\"wp-image-6814\" srcset=\"https:\/\/ramib.org\/oficial\/wp-content\/uploads\/2025\/09\/leyre3-1024x683.jpg 1024w, https:\/\/ramib.org\/oficial\/wp-content\/uploads\/2025\/09\/leyre3-300x200.jpg 300w, https:\/\/ramib.org\/oficial\/wp-content\/uploads\/2025\/09\/leyre3-768x512.jpg 768w, https:\/\/ramib.org\/oficial\/wp-content\/uploads\/2025\/09\/leyre3-1536x1024.jpg 1536w, https:\/\/ramib.org\/oficial\/wp-content\/uploads\/2025\/09\/leyre3-2048x1365.jpg 2048w, https:\/\/ramib.org\/oficial\/wp-content\/uploads\/2025\/09\/leyre3-696x464.jpg 696w, https:\/\/ramib.org\/oficial\/wp-content\/uploads\/2025\/09\/leyre3-1068x712.jpg 1068w, https:\/\/ramib.org\/oficial\/wp-content\/uploads\/2025\/09\/leyre3-630x420.jpg 630w, https:\/\/ramib.org\/oficial\/wp-content\/uploads\/2025\/09\/leyre3-1920x1280.jpg 1920w\" sizes=\"(max-width: 1024px) 100vw, 1024px\" \/><\/figure><\/div>\n\n\n<p>Uno de los aspectos m\u00e1s destacados fue la implementaci\u00f3n de esta terapia en las Illes Balears a trav\u00e9s del Hospital Son Espases, designado en 2022 como centro de referencia por el Ministerio de Sanidad. Este avance ha sido posible gracias a la creaci\u00f3n de una unidad multidisciplinar especializada y a la coordinaci\u00f3n entre distintos servicios cl\u00ednicos, lo que ha permitido ofrecer este tratamiento innovador dentro del sistema sanitario p\u00fablico.<\/p>\n\n\n<div class=\"wp-block-image\">\n<figure class=\"aligncenter size-large\"><img loading=\"lazy\" decoding=\"async\" width=\"1024\" height=\"683\" src=\"https:\/\/ramib.org\/oficial\/wp-content\/uploads\/2025\/09\/leyre5-1024x683.jpg\" alt=\"\" class=\"wp-image-6818\" srcset=\"https:\/\/ramib.org\/oficial\/wp-content\/uploads\/2025\/09\/leyre5-1024x683.jpg 1024w, https:\/\/ramib.org\/oficial\/wp-content\/uploads\/2025\/09\/leyre5-300x200.jpg 300w, https:\/\/ramib.org\/oficial\/wp-content\/uploads\/2025\/09\/leyre5-768x512.jpg 768w, https:\/\/ramib.org\/oficial\/wp-content\/uploads\/2025\/09\/leyre5-1536x1024.jpg 1536w, https:\/\/ramib.org\/oficial\/wp-content\/uploads\/2025\/09\/leyre5-2048x1365.jpg 2048w, https:\/\/ramib.org\/oficial\/wp-content\/uploads\/2025\/09\/leyre5-696x464.jpg 696w, https:\/\/ramib.org\/oficial\/wp-content\/uploads\/2025\/09\/leyre5-1068x712.jpg 1068w, https:\/\/ramib.org\/oficial\/wp-content\/uploads\/2025\/09\/leyre5-630x420.jpg 630w, https:\/\/ramib.org\/oficial\/wp-content\/uploads\/2025\/09\/leyre5-1920x1280.jpg 1920w\" sizes=\"(max-width: 1024px) 100vw, 1024px\" \/><\/figure><\/div>\n\n\n<p>La Dra. Bento tambi\u00e9n subray\u00f3 la importancia de administrar la terapia CAR\u2011T en fases cada vez m\u00e1s tempranas de la enfermedad, lo que mejora significativamente la respuesta y la tolerancia al tratamiento. Adem\u00e1s, destac\u00f3 los retos actuales en la selecci\u00f3n de pacientes, el manejo de toxicidades asociadas y las futuras l\u00edneas de investigaci\u00f3n, que incluyen su aplicaci\u00f3n en otras patolog\u00edas hematol\u00f3gicas y enfermedades autoinmunes.<\/p>\n\n\n<div class=\"wp-block-image\">\n<figure class=\"aligncenter size-large\"><img loading=\"lazy\" decoding=\"async\" width=\"1024\" height=\"683\" src=\"https:\/\/ramib.org\/oficial\/wp-content\/uploads\/2025\/09\/leyre7-1024x683.jpg\" alt=\"\" class=\"wp-image-6822\" srcset=\"https:\/\/ramib.org\/oficial\/wp-content\/uploads\/2025\/09\/leyre7-1024x683.jpg 1024w, https:\/\/ramib.org\/oficial\/wp-content\/uploads\/2025\/09\/leyre7-300x200.jpg 300w, https:\/\/ramib.org\/oficial\/wp-content\/uploads\/2025\/09\/leyre7-768x512.jpg 768w, https:\/\/ramib.org\/oficial\/wp-content\/uploads\/2025\/09\/leyre7-1536x1024.jpg 1536w, https:\/\/ramib.org\/oficial\/wp-content\/uploads\/2025\/09\/leyre7-2048x1365.jpg 2048w, https:\/\/ramib.org\/oficial\/wp-content\/uploads\/2025\/09\/leyre7-696x464.jpg 696w, https:\/\/ramib.org\/oficial\/wp-content\/uploads\/2025\/09\/leyre7-1068x712.jpg 1068w, https:\/\/ramib.org\/oficial\/wp-content\/uploads\/2025\/09\/leyre7-630x420.jpg 630w, https:\/\/ramib.org\/oficial\/wp-content\/uploads\/2025\/09\/leyre7-1920x1280.jpg 1920w\" sizes=\"(max-width: 1024px) 100vw, 1024px\" \/><\/figure><\/div>\n\n\n<p>Una vez finalizada la sesi\u00f3n cient\u00edfica se llev\u00f3 a cabo el habitual coloquio entre el ponente y el p\u00fablico asistente.<\/p>\n\n\n\n<p>Al finalizar el debate el presidente de la corporaci\u00f3n agradeci\u00f3 a la Dra. Bento su magn\u00edfica ponencia y al p\u00fablico asistente su presencia en el acto.<\/p>\n\n\n<div class=\"wp-block-image\">\n<figure class=\"aligncenter size-large\"><img loading=\"lazy\" decoding=\"async\" width=\"1024\" height=\"683\" src=\"https:\/\/ramib.org\/oficial\/wp-content\/uploads\/2025\/09\/leyre9-1024x683.jpg\" alt=\"\" class=\"wp-image-6826\" srcset=\"https:\/\/ramib.org\/oficial\/wp-content\/uploads\/2025\/09\/leyre9-1024x683.jpg 1024w, https:\/\/ramib.org\/oficial\/wp-content\/uploads\/2025\/09\/leyre9-300x200.jpg 300w, https:\/\/ramib.org\/oficial\/wp-content\/uploads\/2025\/09\/leyre9-768x512.jpg 768w, https:\/\/ramib.org\/oficial\/wp-content\/uploads\/2025\/09\/leyre9-1536x1024.jpg 1536w, https:\/\/ramib.org\/oficial\/wp-content\/uploads\/2025\/09\/leyre9-2048x1365.jpg 2048w, https:\/\/ramib.org\/oficial\/wp-content\/uploads\/2025\/09\/leyre9-696x464.jpg 696w, https:\/\/ramib.org\/oficial\/wp-content\/uploads\/2025\/09\/leyre9-1068x712.jpg 1068w, https:\/\/ramib.org\/oficial\/wp-content\/uploads\/2025\/09\/leyre9-630x420.jpg 630w, https:\/\/ramib.org\/oficial\/wp-content\/uploads\/2025\/09\/leyre9-1920x1280.jpg 1920w\" sizes=\"(max-width: 1024px) 100vw, 1024px\" \/><\/figure><\/div>\n\n\n<p>Con esta sesi\u00f3n, la Reial Acad\u00e8mia de Medicina reafirma su compromiso con la divulgaci\u00f3n del conocimiento cient\u00edfico de vanguardia y con el reconocimiento a los profesionales que impulsan la innovaci\u00f3n m\u00e9dica en nuestras islas.<\/p>\n\n\n<div class=\"wp-block-image\">\n<figure class=\"aligncenter size-large\"><img loading=\"lazy\" decoding=\"async\" width=\"1024\" height=\"683\" src=\"https:\/\/ramib.org\/oficial\/wp-content\/uploads\/2025\/09\/leyre8-1024x683.jpg\" alt=\"\" class=\"wp-image-6824\" srcset=\"https:\/\/ramib.org\/oficial\/wp-content\/uploads\/2025\/09\/leyre8-1024x683.jpg 1024w, https:\/\/ramib.org\/oficial\/wp-content\/uploads\/2025\/09\/leyre8-300x200.jpg 300w, https:\/\/ramib.org\/oficial\/wp-content\/uploads\/2025\/09\/leyre8-768x512.jpg 768w, https:\/\/ramib.org\/oficial\/wp-content\/uploads\/2025\/09\/leyre8-1536x1024.jpg 1536w, https:\/\/ramib.org\/oficial\/wp-content\/uploads\/2025\/09\/leyre8-2048x1365.jpg 2048w, https:\/\/ramib.org\/oficial\/wp-content\/uploads\/2025\/09\/leyre8-696x464.jpg 696w, https:\/\/ramib.org\/oficial\/wp-content\/uploads\/2025\/09\/leyre8-1068x712.jpg 1068w, https:\/\/ramib.org\/oficial\/wp-content\/uploads\/2025\/09\/leyre8-630x420.jpg 630w, https:\/\/ramib.org\/oficial\/wp-content\/uploads\/2025\/09\/leyre8-1920x1280.jpg 1920w\" sizes=\"(max-width: 1024px) 100vw, 1024px\" \/><\/figure><\/div>\n\n\n<p>Puede visualizar la sesi\u00f3n cient\u00edfica en el canal de youtube de la corporaci\u00f3n en el siguiente enlace:<\/p>\n\n\n\n<figure class=\"wp-block-embed aligncenter is-type-video is-provider-youtube wp-block-embed-youtube wp-embed-aspect-16-9 wp-has-aspect-ratio\"><div class=\"wp-block-embed__wrapper\">\n<iframe loading=\"lazy\" title=\"07\/10\/2025: Implementaci\u00f3n de la terapia CAR-T en las Islas Baleares\" width=\"696\" height=\"392\" src=\"https:\/\/www.youtube.com\/embed\/z2yPpyzVX00?feature=oembed\" frameborder=\"0\" allow=\"accelerometer; autoplay; clipboard-write; encrypted-media; gyroscope; picture-in-picture; web-share\" referrerpolicy=\"strict-origin-when-cross-origin\" allowfullscreen><\/iframe>\n<\/div><\/figure>\n","protected":false},"excerpt":{"rendered":"<p>El pasado martes 7 de octubre tuvo lugar en la sede de la RAMIB la sesi\u00f3n cient\u00edfica &#8220;Implementaci\u00f3n de la terapia CAR-T en las Islas Baleares. La sesi\u00f3n fue llevada [&hellip;]<\/p>\n","protected":false},"author":3,"featured_media":6828,"comment_status":"open","ping_status":"closed","sticky":false,"template":"","format":"standard","meta":{"_monsterinsights_skip_tracking":false,"_monsterinsights_sitenote_active":false,"_monsterinsights_sitenote_note":"","_monsterinsights_sitenote_category":0,"footnotes":""},"categories":[14,24,1274,17],"tags":[1602,1611,1612,1605,1597,1613,1614,1609,1615,1600,1610,1616,1617,1599,1618,1608,1601,1619,1598,1291,1596,1620,262,464,1594,1621,1622,1603,1623,1604,1607,1624,1625,1595,1606,1626],"_links":{"self":[{"href":"https:\/\/ramib.org\/oficial\/index.php\/wp-json\/wp\/v2\/posts\/6776"}],"collection":[{"href":"https:\/\/ramib.org\/oficial\/index.php\/wp-json\/wp\/v2\/posts"}],"about":[{"href":"https:\/\/ramib.org\/oficial\/index.php\/wp-json\/wp\/v2\/types\/post"}],"author":[{"embeddable":true,"href":"https:\/\/ramib.org\/oficial\/index.php\/wp-json\/wp\/v2\/users\/3"}],"replies":[{"embeddable":true,"href":"https:\/\/ramib.org\/oficial\/index.php\/wp-json\/wp\/v2\/comments?post=6776"}],"version-history":[{"count":4,"href":"https:\/\/ramib.org\/oficial\/index.php\/wp-json\/wp\/v2\/posts\/6776\/revisions"}],"predecessor-version":[{"id":6832,"href":"https:\/\/ramib.org\/oficial\/index.php\/wp-json\/wp\/v2\/posts\/6776\/revisions\/6832"}],"wp:featuredmedia":[{"embeddable":true,"href":"https:\/\/ramib.org\/oficial\/index.php\/wp-json\/wp\/v2\/media\/6828"}],"wp:attachment":[{"href":"https:\/\/ramib.org\/oficial\/index.php\/wp-json\/wp\/v2\/media?parent=6776"}],"wp:term":[{"taxonomy":"category","embeddable":true,"href":"https:\/\/ramib.org\/oficial\/index.php\/wp-json\/wp\/v2\/categories?post=6776"},{"taxonomy":"post_tag","embeddable":true,"href":"https:\/\/ramib.org\/oficial\/index.php\/wp-json\/wp\/v2\/tags?post=6776"}],"curies":[{"name":"wp","href":"https:\/\/api.w.org\/{rel}","templated":true}]}}