{"id":6772,"date":"2025-10-20T22:26:26","date_gmt":"2025-10-20T22:26:26","guid":{"rendered":"https:\/\/ramib.org\/oficial\/?p=6772"},"modified":"2025-10-21T20:26:39","modified_gmt":"2025-10-21T20:26:39","slug":"implementacion-de-la-terapia-car-t-en-las-islas-baleares","status":"publish","type":"post","link":"https:\/\/ramib.org\/oficial\/index.php\/2025\/10\/20\/implementacion-de-la-terapia-car-t-en-las-islas-baleares\/","title":{"rendered":"07\/10\/2025: Implementaci\u00f3 de la ter\u00e0pia CAR-T a les illes Balears"},"content":{"rendered":"\n<p>Dimarts passat 7 d&#8217;octubre va tenir lloc en la seu de la RAMIB la sessi\u00f3 cient\u00edfica &#8220;Implementaci\u00f3 de la ter\u00e0pia CAR-T a les illes Balears.<\/p>\n\n\n\n<p>La sessi\u00f3 va ser duta a terme per la Dra. Leyre Bento de Miguel, Metge Adjunt d&#8217;Hematologia i coordinadora del Trasplantament i Ter\u00e0pia Cel\u00b7lular de l&#8217;Hospital Universitari S\u00f3n Espases.<\/p>\n\n\n<div class=\"wp-block-image\">\n<figure class=\"aligncenter size-large\"><img loading=\"lazy\" decoding=\"async\" width=\"1024\" height=\"683\" src=\"https:\/\/ramib.org\/oficial\/wp-content\/uploads\/2025\/09\/leyre1-1024x683.jpg\" alt=\"\" class=\"wp-image-6810\" srcset=\"https:\/\/ramib.org\/oficial\/wp-content\/uploads\/2025\/09\/leyre1-1024x683.jpg 1024w, https:\/\/ramib.org\/oficial\/wp-content\/uploads\/2025\/09\/leyre1-300x200.jpg 300w, https:\/\/ramib.org\/oficial\/wp-content\/uploads\/2025\/09\/leyre1-768x512.jpg 768w, https:\/\/ramib.org\/oficial\/wp-content\/uploads\/2025\/09\/leyre1-1536x1024.jpg 1536w, https:\/\/ramib.org\/oficial\/wp-content\/uploads\/2025\/09\/leyre1-2048x1365.jpg 2048w, https:\/\/ramib.org\/oficial\/wp-content\/uploads\/2025\/09\/leyre1-696x464.jpg 696w, https:\/\/ramib.org\/oficial\/wp-content\/uploads\/2025\/09\/leyre1-1068x712.jpg 1068w, https:\/\/ramib.org\/oficial\/wp-content\/uploads\/2025\/09\/leyre1-630x420.jpg 630w, https:\/\/ramib.org\/oficial\/wp-content\/uploads\/2025\/09\/leyre1-1920x1280.jpg 1920w\" sizes=\"(max-width: 1024px) 100vw, 1024px\" \/><\/figure><\/div>\n\n\n<p>Va obrir l&#8217;acte el president de la corporaci\u00f3 Excm. Sr. Joan Besalduch Vidal, que va donar la benvinguda a les autoritats i al p\u00fablic assistent.<\/p>\n\n\n<div class=\"wp-block-image\">\n<figure class=\"aligncenter size-large\"><img loading=\"lazy\" decoding=\"async\" width=\"1024\" height=\"683\" src=\"https:\/\/ramib.org\/oficial\/wp-content\/uploads\/2025\/09\/leyre2-1024x683.jpg\" alt=\"\" class=\"wp-image-6812\" srcset=\"https:\/\/ramib.org\/oficial\/wp-content\/uploads\/2025\/09\/leyre2-1024x683.jpg 1024w, https:\/\/ramib.org\/oficial\/wp-content\/uploads\/2025\/09\/leyre2-300x200.jpg 300w, https:\/\/ramib.org\/oficial\/wp-content\/uploads\/2025\/09\/leyre2-768x512.jpg 768w, https:\/\/ramib.org\/oficial\/wp-content\/uploads\/2025\/09\/leyre2-1536x1024.jpg 1536w, https:\/\/ramib.org\/oficial\/wp-content\/uploads\/2025\/09\/leyre2-2048x1365.jpg 2048w, https:\/\/ramib.org\/oficial\/wp-content\/uploads\/2025\/09\/leyre2-696x464.jpg 696w, https:\/\/ramib.org\/oficial\/wp-content\/uploads\/2025\/09\/leyre2-1068x712.jpg 1068w, https:\/\/ramib.org\/oficial\/wp-content\/uploads\/2025\/09\/leyre2-630x420.jpg 630w, https:\/\/ramib.org\/oficial\/wp-content\/uploads\/2025\/09\/leyre2-1920x1280.jpg 1920w\" sizes=\"(max-width: 1024px) 100vw, 1024px\" \/><\/figure><\/div>\n\n\n<p>Posteriorment va presentar el curr\u00edculum de la ponent i va fer una breu introducci\u00f3 al tema de la sessi\u00f3 la Dra. Antonia Sampol Mayol, Cap de Servei d&#8217;Hematologia i Hemoter\u00e0pia de l&#8217;Hospital Universitari S\u00f3n Espases i Coordinadora Auton\u00f2mica de Ter\u00e0pia Cel\u00b7lular Avan\u00e7ada dels Illes Balears.<\/p>\n\n\n<div class=\"wp-block-image\">\n<figure class=\"aligncenter size-large\"><img loading=\"lazy\" decoding=\"async\" width=\"1024\" height=\"683\" src=\"https:\/\/ramib.org\/oficial\/wp-content\/uploads\/2025\/09\/leyre4-1024x683.jpg\" alt=\"\" class=\"wp-image-6817\" srcset=\"https:\/\/ramib.org\/oficial\/wp-content\/uploads\/2025\/09\/leyre4-1024x683.jpg 1024w, https:\/\/ramib.org\/oficial\/wp-content\/uploads\/2025\/09\/leyre4-300x200.jpg 300w, https:\/\/ramib.org\/oficial\/wp-content\/uploads\/2025\/09\/leyre4-768x512.jpg 768w, https:\/\/ramib.org\/oficial\/wp-content\/uploads\/2025\/09\/leyre4-1536x1024.jpg 1536w, https:\/\/ramib.org\/oficial\/wp-content\/uploads\/2025\/09\/leyre4-2048x1365.jpg 2048w, https:\/\/ramib.org\/oficial\/wp-content\/uploads\/2025\/09\/leyre4-696x464.jpg 696w, https:\/\/ramib.org\/oficial\/wp-content\/uploads\/2025\/09\/leyre4-1068x712.jpg 1068w, https:\/\/ramib.org\/oficial\/wp-content\/uploads\/2025\/09\/leyre4-630x420.jpg 630w, https:\/\/ramib.org\/oficial\/wp-content\/uploads\/2025\/09\/leyre4-1920x1280.jpg 1920w\" sizes=\"(max-width: 1024px) 100vw, 1024px\" \/><\/figure><\/div>\n\n\n<p>Durant la seva intervenci\u00f3, la Dra. Bento va explicar com aquesta ter\u00e0pia cel\u00b7lular avan\u00e7ada ha suposat un canvi de paradigma en l&#8217;abordatge de malalties com el limfoma no Hodgkin, la leuc\u00e8mia linfobl\u00e1stica aguda B o el mieloma m\u00faltiple. La ter\u00e0pia CAR\u2011T consisteix a modificar gen\u00e8ticament els limf\u00f2cits T del propi pacient perqu\u00e8 reconeguin i destrueixin les c\u00e8l\u00b7lules tumorals de forma dirigida.<\/p>\n\n\n<div class=\"wp-block-image\">\n<figure class=\"aligncenter size-large\"><img loading=\"lazy\" decoding=\"async\" width=\"1024\" height=\"683\" src=\"https:\/\/ramib.org\/oficial\/wp-content\/uploads\/2025\/09\/leyre3-1024x683.jpg\" alt=\"\" class=\"wp-image-6815\" srcset=\"https:\/\/ramib.org\/oficial\/wp-content\/uploads\/2025\/09\/leyre3-1024x683.jpg 1024w, https:\/\/ramib.org\/oficial\/wp-content\/uploads\/2025\/09\/leyre3-300x200.jpg 300w, https:\/\/ramib.org\/oficial\/wp-content\/uploads\/2025\/09\/leyre3-768x512.jpg 768w, https:\/\/ramib.org\/oficial\/wp-content\/uploads\/2025\/09\/leyre3-1536x1024.jpg 1536w, https:\/\/ramib.org\/oficial\/wp-content\/uploads\/2025\/09\/leyre3-2048x1365.jpg 2048w, https:\/\/ramib.org\/oficial\/wp-content\/uploads\/2025\/09\/leyre3-696x464.jpg 696w, https:\/\/ramib.org\/oficial\/wp-content\/uploads\/2025\/09\/leyre3-1068x712.jpg 1068w, https:\/\/ramib.org\/oficial\/wp-content\/uploads\/2025\/09\/leyre3-630x420.jpg 630w, https:\/\/ramib.org\/oficial\/wp-content\/uploads\/2025\/09\/leyre3-1920x1280.jpg 1920w\" sizes=\"(max-width: 1024px) 100vw, 1024px\" \/><\/figure><\/div>\n\n\n<p>Un dels aspectes m\u00e9s destacats va ser la implementaci\u00f3 d&#8217;aquesta ter\u00e0pia a les Illes Balears a trav\u00e9s de l&#8217;Hospital S\u00f3n Espases, designat en 2022 com a centre de refer\u00e8ncia pel Ministeri de Sanitat. Aquest avan\u00e7 ha estat possible gr\u00e0cies a la creaci\u00f3 d&#8217;una unitat multidisciplin\u00e0ria especialitzada i a la coordinaci\u00f3 entre diferents serveis cl\u00ednics, la qual cosa ha perm\u00e8s oferir aquest tractament innovador dins del sistema sanitari p\u00fablic.<\/p>\n\n\n<div class=\"wp-block-image\">\n<figure class=\"aligncenter size-large\"><img loading=\"lazy\" decoding=\"async\" width=\"1024\" height=\"683\" src=\"https:\/\/ramib.org\/oficial\/wp-content\/uploads\/2025\/09\/leyre5-1024x683.jpg\" alt=\"\" class=\"wp-image-6819\" srcset=\"https:\/\/ramib.org\/oficial\/wp-content\/uploads\/2025\/09\/leyre5-1024x683.jpg 1024w, https:\/\/ramib.org\/oficial\/wp-content\/uploads\/2025\/09\/leyre5-300x200.jpg 300w, https:\/\/ramib.org\/oficial\/wp-content\/uploads\/2025\/09\/leyre5-768x512.jpg 768w, https:\/\/ramib.org\/oficial\/wp-content\/uploads\/2025\/09\/leyre5-1536x1024.jpg 1536w, https:\/\/ramib.org\/oficial\/wp-content\/uploads\/2025\/09\/leyre5-2048x1365.jpg 2048w, https:\/\/ramib.org\/oficial\/wp-content\/uploads\/2025\/09\/leyre5-696x464.jpg 696w, https:\/\/ramib.org\/oficial\/wp-content\/uploads\/2025\/09\/leyre5-1068x712.jpg 1068w, https:\/\/ramib.org\/oficial\/wp-content\/uploads\/2025\/09\/leyre5-630x420.jpg 630w, https:\/\/ramib.org\/oficial\/wp-content\/uploads\/2025\/09\/leyre5-1920x1280.jpg 1920w\" sizes=\"(max-width: 1024px) 100vw, 1024px\" \/><\/figure><\/div>\n\n\n<p>La Dra. Bento tamb\u00e9 va subratllar la import\u00e0ncia d&#8217;administrar la ter\u00e0pia CAR\u2011T en fases cada vegada m\u00e9s primerenques de la malaltia, la qual cosa millora significativament la resposta i la toler\u00e0ncia al tractament. A m\u00e9s, va destacar els reptes actuals en la selecci\u00f3 de pacients, el maneig de toxicitats associades i les futures l\u00ednies de recerca, que inclouen la seva aplicaci\u00f3 en altres patologies hematol\u00f2giques i malalties autoimmunes.<\/p>\n\n\n<div class=\"wp-block-image\">\n<figure class=\"aligncenter size-large\"><img loading=\"lazy\" decoding=\"async\" width=\"1024\" height=\"683\" src=\"https:\/\/ramib.org\/oficial\/wp-content\/uploads\/2025\/09\/leyre7-1024x683.jpg\" alt=\"\" class=\"wp-image-6823\" srcset=\"https:\/\/ramib.org\/oficial\/wp-content\/uploads\/2025\/09\/leyre7-1024x683.jpg 1024w, https:\/\/ramib.org\/oficial\/wp-content\/uploads\/2025\/09\/leyre7-300x200.jpg 300w, https:\/\/ramib.org\/oficial\/wp-content\/uploads\/2025\/09\/leyre7-768x512.jpg 768w, https:\/\/ramib.org\/oficial\/wp-content\/uploads\/2025\/09\/leyre7-1536x1024.jpg 1536w, https:\/\/ramib.org\/oficial\/wp-content\/uploads\/2025\/09\/leyre7-2048x1365.jpg 2048w, https:\/\/ramib.org\/oficial\/wp-content\/uploads\/2025\/09\/leyre7-696x464.jpg 696w, https:\/\/ramib.org\/oficial\/wp-content\/uploads\/2025\/09\/leyre7-1068x712.jpg 1068w, https:\/\/ramib.org\/oficial\/wp-content\/uploads\/2025\/09\/leyre7-630x420.jpg 630w, https:\/\/ramib.org\/oficial\/wp-content\/uploads\/2025\/09\/leyre7-1920x1280.jpg 1920w\" sizes=\"(max-width: 1024px) 100vw, 1024px\" \/><\/figure><\/div>\n\n\n<p>Una vegada finalitzada la sessi\u00f3 cient\u00edfica es va dur a terme l&#8217;habitual col\u00b7loqui entre el ponent i el p\u00fablic assistent.<\/p>\n\n\n\n<p>En finalitzar el debat el president de la corporaci\u00f3 va agrair a la Dra. Bento la seva magn\u00edfica pon\u00e8ncia i al p\u00fablic assistent la seva pres\u00e8ncia en l&#8217;acte.<\/p>\n\n\n<div class=\"wp-block-image\">\n<figure class=\"aligncenter size-large\"><img loading=\"lazy\" decoding=\"async\" width=\"1024\" height=\"683\" src=\"https:\/\/ramib.org\/oficial\/wp-content\/uploads\/2025\/09\/leyre9-1024x683.jpg\" alt=\"\" class=\"wp-image-6827\" srcset=\"https:\/\/ramib.org\/oficial\/wp-content\/uploads\/2025\/09\/leyre9-1024x683.jpg 1024w, https:\/\/ramib.org\/oficial\/wp-content\/uploads\/2025\/09\/leyre9-300x200.jpg 300w, https:\/\/ramib.org\/oficial\/wp-content\/uploads\/2025\/09\/leyre9-768x512.jpg 768w, https:\/\/ramib.org\/oficial\/wp-content\/uploads\/2025\/09\/leyre9-1536x1024.jpg 1536w, https:\/\/ramib.org\/oficial\/wp-content\/uploads\/2025\/09\/leyre9-2048x1365.jpg 2048w, https:\/\/ramib.org\/oficial\/wp-content\/uploads\/2025\/09\/leyre9-696x464.jpg 696w, https:\/\/ramib.org\/oficial\/wp-content\/uploads\/2025\/09\/leyre9-1068x712.jpg 1068w, https:\/\/ramib.org\/oficial\/wp-content\/uploads\/2025\/09\/leyre9-630x420.jpg 630w, https:\/\/ramib.org\/oficial\/wp-content\/uploads\/2025\/09\/leyre9-1920x1280.jpg 1920w\" sizes=\"(max-width: 1024px) 100vw, 1024px\" \/><\/figure><\/div>\n\n\n<p>Amb aquesta sessi\u00f3, la Reial Acad\u00e8mia de Medicina reafirma el seu comprom\u00eds amb la divulgaci\u00f3 del coneixement cient\u00edfic d&#8217;avantguarda i amb el reconeixement als professionals que impulsen la innovaci\u00f3 m\u00e8dica a les nostres illes.<\/p>\n\n\n<div class=\"wp-block-image\">\n<figure class=\"aligncenter size-large\"><img loading=\"lazy\" decoding=\"async\" width=\"1024\" height=\"683\" src=\"https:\/\/ramib.org\/oficial\/wp-content\/uploads\/2025\/09\/leyre8-1024x683.jpg\" alt=\"\" class=\"wp-image-6825\" srcset=\"https:\/\/ramib.org\/oficial\/wp-content\/uploads\/2025\/09\/leyre8-1024x683.jpg 1024w, https:\/\/ramib.org\/oficial\/wp-content\/uploads\/2025\/09\/leyre8-300x200.jpg 300w, https:\/\/ramib.org\/oficial\/wp-content\/uploads\/2025\/09\/leyre8-768x512.jpg 768w, https:\/\/ramib.org\/oficial\/wp-content\/uploads\/2025\/09\/leyre8-1536x1024.jpg 1536w, https:\/\/ramib.org\/oficial\/wp-content\/uploads\/2025\/09\/leyre8-2048x1365.jpg 2048w, https:\/\/ramib.org\/oficial\/wp-content\/uploads\/2025\/09\/leyre8-696x464.jpg 696w, https:\/\/ramib.org\/oficial\/wp-content\/uploads\/2025\/09\/leyre8-1068x712.jpg 1068w, https:\/\/ramib.org\/oficial\/wp-content\/uploads\/2025\/09\/leyre8-630x420.jpg 630w, https:\/\/ramib.org\/oficial\/wp-content\/uploads\/2025\/09\/leyre8-1920x1280.jpg 1920w\" sizes=\"(max-width: 1024px) 100vw, 1024px\" \/><\/figure><\/div>\n\n\n<p>Pot visualitzar la sessi\u00f3 cient\u00edfica en el canal de youtube de la corporaci\u00f3 en el seg\u00fcent enlla\u00e7:<\/p>\n\n\n\n<figure class=\"wp-block-embed aligncenter is-type-video is-provider-youtube wp-block-embed-youtube wp-embed-aspect-16-9 wp-has-aspect-ratio\"><div class=\"wp-block-embed__wrapper\">\n<iframe loading=\"lazy\" title=\"07\/10\/2025: Implementaci\u00f3n de la terapia CAR-T en las Islas Baleares\" width=\"696\" height=\"392\" src=\"https:\/\/www.youtube.com\/embed\/z2yPpyzVX00?feature=oembed\" frameborder=\"0\" allow=\"accelerometer; autoplay; clipboard-write; encrypted-media; gyroscope; picture-in-picture; web-share\" referrerpolicy=\"strict-origin-when-cross-origin\" allowfullscreen><\/iframe>\n<\/div><\/figure>\n","protected":false},"excerpt":{"rendered":"<p>Dimarts passat 7 d&#8217;octubre va tenir lloc en la seu de la RAMIB la sessi\u00f3 cient\u00edfica &#8220;Implementaci\u00f3 de la ter\u00e0pia CAR-T a les illes Balears. La sessi\u00f3 va ser duta [&hellip;]<\/p>\n","protected":false},"author":3,"featured_media":6829,"comment_status":"open","ping_status":"closed","sticky":false,"template":"","format":"standard","meta":{"_monsterinsights_skip_tracking":false,"_monsterinsights_sitenote_active":false,"_monsterinsights_sitenote_note":"","_monsterinsights_sitenote_category":0,"footnotes":""},"categories":[14,24,1274,17],"tags":[1602,1605,1597,1609,1600,1610,1599,1608,1601,1598,1596,262,1594,1603,1604,1607,1595,1606],"_links":{"self":[{"href":"https:\/\/ramib.org\/oficial\/index.php\/wp-json\/wp\/v2\/posts\/6772"}],"collection":[{"href":"https:\/\/ramib.org\/oficial\/index.php\/wp-json\/wp\/v2\/posts"}],"about":[{"href":"https:\/\/ramib.org\/oficial\/index.php\/wp-json\/wp\/v2\/types\/post"}],"author":[{"embeddable":true,"href":"https:\/\/ramib.org\/oficial\/index.php\/wp-json\/wp\/v2\/users\/3"}],"replies":[{"embeddable":true,"href":"https:\/\/ramib.org\/oficial\/index.php\/wp-json\/wp\/v2\/comments?post=6772"}],"version-history":[{"count":4,"href":"https:\/\/ramib.org\/oficial\/index.php\/wp-json\/wp\/v2\/posts\/6772\/revisions"}],"predecessor-version":[{"id":6841,"href":"https:\/\/ramib.org\/oficial\/index.php\/wp-json\/wp\/v2\/posts\/6772\/revisions\/6841"}],"wp:featuredmedia":[{"embeddable":true,"href":"https:\/\/ramib.org\/oficial\/index.php\/wp-json\/wp\/v2\/media\/6829"}],"wp:attachment":[{"href":"https:\/\/ramib.org\/oficial\/index.php\/wp-json\/wp\/v2\/media?parent=6772"}],"wp:term":[{"taxonomy":"category","embeddable":true,"href":"https:\/\/ramib.org\/oficial\/index.php\/wp-json\/wp\/v2\/categories?post=6772"},{"taxonomy":"post_tag","embeddable":true,"href":"https:\/\/ramib.org\/oficial\/index.php\/wp-json\/wp\/v2\/tags?post=6772"}],"curies":[{"name":"wp","href":"https:\/\/api.w.org\/{rel}","templated":true}]}}