{"id":6768,"date":"2025-09-11T20:47:06","date_gmt":"2025-09-11T20:47:06","guid":{"rendered":"https:\/\/ramib.org\/oficial\/?p=6768"},"modified":"2025-09-11T20:48:52","modified_gmt":"2025-09-11T20:48:52","slug":"prevencion-del-suicidio-en-el-ambito-universitario-experiencias-desde-la-universitat-de-les-illes-balears-uib","status":"publish","type":"post","link":"https:\/\/ramib.org\/oficial\/index.php\/2025\/09\/11\/prevencion-del-suicidio-en-el-ambito-universitario-experiencias-desde-la-universitat-de-les-illes-balears-uib\/?lang=es","title":{"rendered":"Prevenci\u00f3n del suicidio en el \u00e1mbito universitario: experiencias desde la Universitat de les Illes Balears (UIB)"},"content":{"rendered":"\n<figure class=\"wp-block-embed is-type-video is-provider-youtube wp-block-embed-youtube wp-embed-aspect-16-9 wp-has-aspect-ratio\"><div class=\"wp-block-embed__wrapper\">\n<iframe loading=\"lazy\" title=\"Prevenci\u00f3n del suicidio en el \u00e1mbito universitario: experiencias desde la UIB\" width=\"696\" height=\"392\" src=\"https:\/\/www.youtube.com\/embed\/Euz8faG_G58?feature=oembed\" frameborder=\"0\" allow=\"accelerometer; autoplay; clipboard-write; encrypted-media; gyroscope; picture-in-picture; web-share\" referrerpolicy=\"strict-origin-when-cross-origin\" allowfullscreen><\/iframe>\n<\/div><\/figure>\n\n\n\n<p>P\u00edldora cient\u00edfica realizada por la Dra. Patricia Garc\u00eda Pazos, Profesora del Departamento de Enfermeria y Fisioterapia de la Universitat de les Illes Balears. La Dra. Garc\u00eda es profesora titular en el Departamento de Enfermer\u00eda y Fisioterapia de la Universidad de las Islas Baleares (UIB), coordina el programa de prevenci\u00f3n del suicidio en el \u00e1mbito universitario. <\/p>\n\n\n\n<p>Este programa forma parte de la iniciativa &#8220;Benestar Psicol\u00f2gic&#8221; de la UIB y est\u00e1 dirigido a estudiantes y personal acad\u00e9mico. Su objetivo es sensibilizar y formar a la comunidad universitaria en la identificaci\u00f3n y manejo de conductas suicidas. <\/p>\n\n\n\n<p>La Dra. Garc\u00eda Pazo tiene un doctorado en Ciencias de la Salud, un m\u00e1ster en Psicolog\u00eda General Sanitaria y una licenciatura en Psicolog\u00eda, adem\u00e1s de ser diplomada en Enfermer\u00eda. Su experiencia profesional incluye m\u00e1s de 20 a\u00f1os como psic\u00f3loga en emergencias y cat\u00e1strofes, y 23 a\u00f1os como enfermera en unidades de cuidados intensivos. <\/p>\n\n\n\n<p>En el \u00e1mbito docente, imparte asignaturas relacionadas con la salud mental y la enfermer\u00eda psiqui\u00e1trica en la UIB. <\/p>\n\n\n\n<p>Adem\u00e1s de su labor docente y de investigaci\u00f3n, la Dra. Garc\u00eda Pazo ha desarrollado aplicaciones m\u00f3viles como NoFumo+, orientadas a la deshabituaci\u00f3n tab\u00e1quica en pacientes hospitalizados, y ha escrito el cuento solidario &#8220;Lleva zapatillas sin atarte los cordones&#8221;, centrado en la discapacidad, la inclusi\u00f3n social y la perspectiva de g\u00e9nero.<\/p>\n","protected":false},"excerpt":{"rendered":"<p>P\u00edldora cient\u00edfica realizada por la Dra. Patricia Garc\u00eda Pazos, Profesora del Departamento de Enfermeria y Fisioterapia de la Universitat de les Illes Balears. La Dra. Garc\u00eda es profesora titular en [&hellip;]<\/p>\n","protected":false},"author":3,"featured_media":6765,"comment_status":"open","ping_status":"closed","sticky":false,"template":"","format":"standard","meta":{"_monsterinsights_skip_tracking":false,"_monsterinsights_sitenote_active":false,"_monsterinsights_sitenote_note":"","_monsterinsights_sitenote_category":0,"footnotes":""},"categories":[14,24,1274,17],"tags":[1545,1567,1538,1568,1569,1556,1551,1570,1571,1549,1563,1572,1547,1573,1552,1574,1575,836,1576,1561,1577,1554,1578,1544,1546,1579,1580,1548,1581,1542,1540,1582,1583,1543,1553,1584,1585,1557,1586,1560,1550,1587,294,328,1588,1555,1564,1589,1541,1590,1591,1539,1592,1558,1562,1593],"_links":{"self":[{"href":"https:\/\/ramib.org\/oficial\/index.php\/wp-json\/wp\/v2\/posts\/6768"}],"collection":[{"href":"https:\/\/ramib.org\/oficial\/index.php\/wp-json\/wp\/v2\/posts"}],"about":[{"href":"https:\/\/ramib.org\/oficial\/index.php\/wp-json\/wp\/v2\/types\/post"}],"author":[{"embeddable":true,"href":"https:\/\/ramib.org\/oficial\/index.php\/wp-json\/wp\/v2\/users\/3"}],"replies":[{"embeddable":true,"href":"https:\/\/ramib.org\/oficial\/index.php\/wp-json\/wp\/v2\/comments?post=6768"}],"version-history":[{"count":1,"href":"https:\/\/ramib.org\/oficial\/index.php\/wp-json\/wp\/v2\/posts\/6768\/revisions"}],"predecessor-version":[{"id":6769,"href":"https:\/\/ramib.org\/oficial\/index.php\/wp-json\/wp\/v2\/posts\/6768\/revisions\/6769"}],"wp:featuredmedia":[{"embeddable":true,"href":"https:\/\/ramib.org\/oficial\/index.php\/wp-json\/wp\/v2\/media\/6765"}],"wp:attachment":[{"href":"https:\/\/ramib.org\/oficial\/index.php\/wp-json\/wp\/v2\/media?parent=6768"}],"wp:term":[{"taxonomy":"category","embeddable":true,"href":"https:\/\/ramib.org\/oficial\/index.php\/wp-json\/wp\/v2\/categories?post=6768"},{"taxonomy":"post_tag","embeddable":true,"href":"https:\/\/ramib.org\/oficial\/index.php\/wp-json\/wp\/v2\/tags?post=6768"}],"curies":[{"name":"wp","href":"https:\/\/api.w.org\/{rel}","templated":true}]}}