{"id":6763,"date":"2025-09-11T20:04:26","date_gmt":"2025-09-11T20:04:26","guid":{"rendered":"https:\/\/ramib.org\/oficial\/?p=6763"},"modified":"2025-09-11T20:50:22","modified_gmt":"2025-09-11T20:50:22","slug":"prevencion-del-suicidio-en-el-ambito-universitario-experiencias-desde-la-universitat-de-les-illes-balears","status":"publish","type":"post","link":"https:\/\/ramib.org\/oficial\/index.php\/2025\/09\/11\/prevencion-del-suicidio-en-el-ambito-universitario-experiencias-desde-la-universitat-de-les-illes-balears\/","title":{"rendered":"Prevenci\u00f3 del su\u00efcidi a l&#8217;\u00e0mbit universitari: experi\u00e8ncies des de la Universitat de les Illes Balears"},"content":{"rendered":"\n<figure class=\"wp-block-embed is-type-video is-provider-youtube wp-block-embed-youtube wp-embed-aspect-16-9 wp-has-aspect-ratio\"><div class=\"wp-block-embed__wrapper\">\n<iframe loading=\"lazy\" title=\"Prevenci\u00f3n del suicidio en el \u00e1mbito universitario: experiencias desde la UIB\" width=\"696\" height=\"392\" src=\"https:\/\/www.youtube.com\/embed\/Euz8faG_G58?feature=oembed\" frameborder=\"0\" allow=\"accelerometer; autoplay; clipboard-write; encrypted-media; gyroscope; picture-in-picture; web-share\" referrerpolicy=\"strict-origin-when-cross-origin\" allowfullscreen><\/iframe>\n<\/div><\/figure>\n\n\n\n<p>P\u00edndola cient\u00edfica realitzada per la Dra. Patr\u00edcia Garc\u00eda Pazos, Professora del Departament de Enfermeria i Fisioter\u00e0pia de la Universitat de les Illes Balears.<br>La Dra. Garc\u00eda \u00e9s professora titular en el Departament d&#8217;Infermeria i Fisioter\u00e0pia de la Universitat de les illes Balears (UIB), coordina el programa de prevenci\u00f3 del su\u00efcidi en l&#8217;\u00e0mbit universitari.<br>Aquest programa forma part de la iniciativa &#8220;Benestar Psicol\u00f2gic&#8221; de la UIB i est\u00e0 dirigit a estudiants i personal acad\u00e8mic. El seu objectiu \u00e9s sensibilitzar i formar a la comunitat universit\u00e0ria en la identificaci\u00f3 i maneig de conductes su\u00efcides.<br>La Dra. Garc\u00eda Pazo t\u00e9 un doctorat en Ci\u00e8ncies de la Salut, un m\u00e0ster en Psicologia General Sanit\u00e0ria i una llicenciatura en Psicologia, a m\u00e9s de ser diplomada en Infermeria. La seva experi\u00e8ncia professional inclou m\u00e9s de 20 anys com a psic\u00f2loga en emerg\u00e8ncies i cat\u00e0strofes, i 23 anys com a infermera en unitats de vigil\u00e0ncia intensiva. En l&#8217;\u00e0mbit docent, imparteix assignatures relacionades amb la salut mental i la infermeria psiqui\u00e0trica en la UIB.<br>A m\u00e9s de la seva labor docent i de recerca, la Dra. Garc\u00eda Pazo ha desenvolupat aplicacions m\u00f2bils com NoFumo+, orientades a la deshabituaci\u00f3 tab\u00e0quica en pacients hospitalitzats, i ha escrit el conte solidari &#8220;Porta sabatilles sense lligar-te els cordons&#8221;, centrat en la discapacitat, la inclusi\u00f3 social i la perspectiva de g\u00e8nere.<\/p>\n","protected":false},"excerpt":{"rendered":"<p>P\u00edndola cient\u00edfica realitzada per la Dra. Patr\u00edcia Garc\u00eda Pazos, Professora del Departament de Enfermeria i Fisioter\u00e0pia de la Universitat de les Illes Balears.La Dra. Garc\u00eda \u00e9s professora titular en el [&hellip;]<\/p>\n","protected":false},"author":3,"featured_media":6764,"comment_status":"open","ping_status":"closed","sticky":false,"template":"","format":"standard","meta":{"_monsterinsights_skip_tracking":false,"_monsterinsights_sitenote_active":false,"_monsterinsights_sitenote_note":"","_monsterinsights_sitenote_category":0,"footnotes":""},"categories":[14,24,1274,17],"tags":[1545,1538,1556,1551,1549,1563,1547,1552,836,1561,1554,1544,1546,1548,1565,1566,1542,1540,1543,1553,1557,1560,1550,294,1559,1555,1564,1541,1539,1558,1562],"_links":{"self":[{"href":"https:\/\/ramib.org\/oficial\/index.php\/wp-json\/wp\/v2\/posts\/6763"}],"collection":[{"href":"https:\/\/ramib.org\/oficial\/index.php\/wp-json\/wp\/v2\/posts"}],"about":[{"href":"https:\/\/ramib.org\/oficial\/index.php\/wp-json\/wp\/v2\/types\/post"}],"author":[{"embeddable":true,"href":"https:\/\/ramib.org\/oficial\/index.php\/wp-json\/wp\/v2\/users\/3"}],"replies":[{"embeddable":true,"href":"https:\/\/ramib.org\/oficial\/index.php\/wp-json\/wp\/v2\/comments?post=6763"}],"version-history":[{"count":2,"href":"https:\/\/ramib.org\/oficial\/index.php\/wp-json\/wp\/v2\/posts\/6763\/revisions"}],"predecessor-version":[{"id":6770,"href":"https:\/\/ramib.org\/oficial\/index.php\/wp-json\/wp\/v2\/posts\/6763\/revisions\/6770"}],"wp:featuredmedia":[{"embeddable":true,"href":"https:\/\/ramib.org\/oficial\/index.php\/wp-json\/wp\/v2\/media\/6764"}],"wp:attachment":[{"href":"https:\/\/ramib.org\/oficial\/index.php\/wp-json\/wp\/v2\/media?parent=6763"}],"wp:term":[{"taxonomy":"category","embeddable":true,"href":"https:\/\/ramib.org\/oficial\/index.php\/wp-json\/wp\/v2\/categories?post=6763"},{"taxonomy":"post_tag","embeddable":true,"href":"https:\/\/ramib.org\/oficial\/index.php\/wp-json\/wp\/v2\/tags?post=6763"}],"curies":[{"name":"wp","href":"https:\/\/api.w.org\/{rel}","templated":true}]}}