{"id":6300,"date":"2025-01-20T08:56:11","date_gmt":"2025-01-20T08:56:11","guid":{"rendered":"https:\/\/ramib.org\/oficial\/?p=6300"},"modified":"2025-01-30T19:43:09","modified_gmt":"2025-01-30T19:43:09","slug":"6300","status":"publish","type":"post","link":"https:\/\/ramib.org\/oficial\/index.php\/2025\/01\/20\/6300\/","title":{"rendered":"Sessi\u00f3 inaugural del curs acad\u00e8mic 2025"},"content":{"rendered":"\n<p>Dijous passat, 23 de gener, va tenir lloc en la seu de la Reial Acad\u00e8mia de Medicina dels illes Balears la sessi\u00f3 inaugural del curs acad\u00e8mic 2025.<\/p>\n\n\n<div class=\"wp-block-image\">\n<figure class=\"aligncenter size-large\"><img loading=\"lazy\" decoding=\"async\" width=\"1024\" height=\"683\" src=\"https:\/\/ramib.org\/oficial\/wp-content\/uploads\/2025\/01\/inaugural20251-1024x683.jpg\" alt=\"\" class=\"wp-image-6364\" srcset=\"https:\/\/ramib.org\/oficial\/wp-content\/uploads\/2025\/01\/inaugural20251-1024x683.jpg 1024w, https:\/\/ramib.org\/oficial\/wp-content\/uploads\/2025\/01\/inaugural20251-300x200.jpg 300w, https:\/\/ramib.org\/oficial\/wp-content\/uploads\/2025\/01\/inaugural20251-768x512.jpg 768w, https:\/\/ramib.org\/oficial\/wp-content\/uploads\/2025\/01\/inaugural20251-1536x1024.jpg 1536w, https:\/\/ramib.org\/oficial\/wp-content\/uploads\/2025\/01\/inaugural20251-696x464.jpg 696w, https:\/\/ramib.org\/oficial\/wp-content\/uploads\/2025\/01\/inaugural20251-1068x712.jpg 1068w, https:\/\/ramib.org\/oficial\/wp-content\/uploads\/2025\/01\/inaugural20251-630x420.jpg 630w, https:\/\/ramib.org\/oficial\/wp-content\/uploads\/2025\/01\/inaugural20251.jpg 1800w\" sizes=\"(max-width: 1024px) 100vw, 1024px\" \/><\/figure><\/div>\n\n\n<p>El doctor Joan Besalduch Vidal, president de la Reial Acad\u00e8mia de Medicina de Balears (RAMIB), va obrir l&#8217;acte agraint a les autoritats, col\u00b7laboradors, patrocinadors i p\u00fablic assistent la seva pres\u00e8ncia.<\/p>\n\n\n\n<p>En repassar la cr\u00f2nica del curs 2024 va destacar el programa de Sessions cient\u00edfiques, impulsat per la Comissi\u00f3 Cient\u00edfica encap\u00e7alada pel Dr. Jordi&nbsp;Reina aix\u00ed com l&#8217;esfor\u00e7 de la Comissi\u00f3 encarregada de redactar la reforma dels nous estatuts, en aquest cas encap\u00e7alada pel Dr. Maci\u00e0 Tom\u00e0s, de la qual han format part els acad\u00e8mics Pere&nbsp;Riutord, Josep Francesc&nbsp;Forteza&nbsp;i Josep. Maria Vicens.<\/p>\n\n\n<div class=\"wp-block-image\">\n<figure class=\"aligncenter size-large\"><img loading=\"lazy\" decoding=\"async\" width=\"1024\" height=\"683\" src=\"https:\/\/ramib.org\/oficial\/wp-content\/uploads\/2025\/01\/MG_0015-1024x683.jpg\" alt=\"\" class=\"wp-image-6374\" srcset=\"https:\/\/ramib.org\/oficial\/wp-content\/uploads\/2025\/01\/MG_0015-1024x683.jpg 1024w, https:\/\/ramib.org\/oficial\/wp-content\/uploads\/2025\/01\/MG_0015-300x200.jpg 300w, https:\/\/ramib.org\/oficial\/wp-content\/uploads\/2025\/01\/MG_0015-768x512.jpg 768w, https:\/\/ramib.org\/oficial\/wp-content\/uploads\/2025\/01\/MG_0015-1536x1024.jpg 1536w, https:\/\/ramib.org\/oficial\/wp-content\/uploads\/2025\/01\/MG_0015-696x464.jpg 696w, https:\/\/ramib.org\/oficial\/wp-content\/uploads\/2025\/01\/MG_0015-1068x712.jpg 1068w, https:\/\/ramib.org\/oficial\/wp-content\/uploads\/2025\/01\/MG_0015-630x420.jpg 630w, https:\/\/ramib.org\/oficial\/wp-content\/uploads\/2025\/01\/MG_0015.jpg 1800w\" sizes=\"(max-width: 1024px) 100vw, 1024px\" \/><\/figure><\/div>\n\n\n<p>Tamb\u00e9 va comunicar que amb motiu del X Aniversari de la proclamaci\u00f3 de Sa Majestat el Rei Don Felip VI, la Reial Acad\u00e8mia Nacional de Medicina d&#8217;Espanya dur\u00e0 a terme un llibre que reculli les activitats de totes les Reials Acad\u00e8mies de Medicina durant els \u00faltims 10 anys. El Ple, per convenciment i assentiment, va delegar en el Dr. Maci\u00e0 Tom\u00e0s l&#8217;elaboraci\u00f3 d&#8217;aquest document que resumeix l&#8217;activitat de la&nbsp;RAMIB&nbsp;en aquest per\u00edode.<\/p>\n\n\n\n<p>Tamb\u00e9 va informar del pas a Acad\u00e8mic Em\u00e8rit del M.&nbsp;Il\u00b7ltre. Sr. Javier Cort\u00e9s, fins ara Secretari General de la Corporaci\u00f3 que deixa una profunda estima entre els membres de l&#8217;acad\u00e8mia i al qual va agrair la seva important dedicaci\u00f3.<\/p>\n\n\n\n<p>L&#8217;acte va prosseguir amb la lectura de la mem\u00f2ria acad\u00e8mica 2024 a c\u00e0rrec del vicesecretari M. I. Sr. Josep Maria Vicens G\u00f3mez.<\/p>\n\n\n<div class=\"wp-block-image\">\n<figure class=\"aligncenter size-large\"><img loading=\"lazy\" decoding=\"async\" width=\"1024\" height=\"683\" src=\"https:\/\/ramib.org\/oficial\/wp-content\/uploads\/2025\/01\/inaugural20253-1024x683.jpg\" alt=\"\" class=\"wp-image-6368\" srcset=\"https:\/\/ramib.org\/oficial\/wp-content\/uploads\/2025\/01\/inaugural20253-1024x683.jpg 1024w, https:\/\/ramib.org\/oficial\/wp-content\/uploads\/2025\/01\/inaugural20253-300x200.jpg 300w, https:\/\/ramib.org\/oficial\/wp-content\/uploads\/2025\/01\/inaugural20253-768x512.jpg 768w, https:\/\/ramib.org\/oficial\/wp-content\/uploads\/2025\/01\/inaugural20253-1536x1024.jpg 1536w, https:\/\/ramib.org\/oficial\/wp-content\/uploads\/2025\/01\/inaugural20253-696x464.jpg 696w, https:\/\/ramib.org\/oficial\/wp-content\/uploads\/2025\/01\/inaugural20253-1068x712.jpg 1068w, https:\/\/ramib.org\/oficial\/wp-content\/uploads\/2025\/01\/inaugural20253-630x420.jpg 630w, https:\/\/ramib.org\/oficial\/wp-content\/uploads\/2025\/01\/inaugural20253.jpg 1800w\" sizes=\"(max-width: 1024px) 100vw, 1024px\" \/><\/figure><\/div>\n\n\n<p>Aquesta mem\u00f2ria recull, entre altres punts, l&#8217;agra\u00efment a totes les entitats i persones que col\u00b7laboren amb la corporaci\u00f3.<\/p>\n\n\n\n<p>Aix\u00ed mateix va exposar que la corporaci\u00f3 ha dut a terme deu sessions de govern ordin\u00e0ries i cinc extraordin\u00e0ries i 16 sessions cient\u00edfiques durant el curs 2024.<\/p>\n\n\n<div class=\"wp-block-image\">\n<figure class=\"aligncenter size-large\"><img loading=\"lazy\" decoding=\"async\" width=\"1024\" height=\"683\" src=\"https:\/\/ramib.org\/oficial\/wp-content\/uploads\/2025\/01\/inaugural20243.2-1024x683.jpg\" alt=\"\" class=\"wp-image-6362\" srcset=\"https:\/\/ramib.org\/oficial\/wp-content\/uploads\/2025\/01\/inaugural20243.2-1024x683.jpg 1024w, https:\/\/ramib.org\/oficial\/wp-content\/uploads\/2025\/01\/inaugural20243.2-300x200.jpg 300w, https:\/\/ramib.org\/oficial\/wp-content\/uploads\/2025\/01\/inaugural20243.2-768x512.jpg 768w, https:\/\/ramib.org\/oficial\/wp-content\/uploads\/2025\/01\/inaugural20243.2-1536x1024.jpg 1536w, https:\/\/ramib.org\/oficial\/wp-content\/uploads\/2025\/01\/inaugural20243.2-696x464.jpg 696w, https:\/\/ramib.org\/oficial\/wp-content\/uploads\/2025\/01\/inaugural20243.2-1068x712.jpg 1068w, https:\/\/ramib.org\/oficial\/wp-content\/uploads\/2025\/01\/inaugural20243.2-630x420.jpg 630w, https:\/\/ramib.org\/oficial\/wp-content\/uploads\/2025\/01\/inaugural20243.2.jpg 1800w\" sizes=\"(max-width: 1024px) 100vw, 1024px\" \/><\/figure><\/div>\n\n\n<p>D&#8217;altra banda, la revista de la Reial&nbsp;Acad\u00e8mia,&nbsp;Academic&nbsp;Journal&nbsp;of&nbsp;Health Sciences, ha continuat creixent en difusi\u00f3 i qualitat de la m\u00e0 del seu director, M. Il\u00b7ltre. Sr. Angel Arturo L\u00f3pez. La revista acad\u00e8mica, integrada des del 2014 en la plataforma universit\u00e0ria Biblioteca Digital de les illes Balears (BDIB), en 2024 va sumar 417.422 desc\u00e0rregues d&#8217;articles i exemplars sencers. Per mitj\u00e0 de&nbsp;DIALNET&nbsp;les desc\u00e0rregues comptabilitzades sumen 179.400. La revista ocupa, un any m\u00e9s, el primer lloc en el r\u00e0nquing de publicacions de caire cient\u00edfic i sanitari de la plataforma universit\u00e0ria balear.<\/p>\n\n\n\n<p>A aquestes xifres cal afegir 867.255 desc\u00e0rregues d&#8217;articles efectuades per usuaris des de la web pr\u00f2pia de la revista acad\u00e8mica, p\u00e0gina web que va rebre un total de 645.913 entrades en 2024.Tamb\u00e9 va destacar els n\u00fameros de les visualitzacions de l&#8217;activitat acad\u00e8mica en el canal propi de youtube les quals ascendeixen a 79.100 en finalitzar en 2024.<\/p>\n\n\n\n<p>Una vegada finalitzada la lectura de la mem\u00f2ria acad\u00e8mica el M. Il\u00b7ltre. Sr. Jordi Reina Prieto va ser l&#8217;encarregat de pronunciar el discurs inaugural que va tenir per t\u00edtol \u201cEf\u00edmers i canviants, per\u00f2 constants i veritables\u201d.<\/p>\n\n\n<div class=\"wp-block-image\">\n<figure class=\"aligncenter size-large\"><img loading=\"lazy\" decoding=\"async\" width=\"1024\" height=\"683\" src=\"https:\/\/ramib.org\/oficial\/wp-content\/uploads\/2025\/01\/IMG_20250123_193519-1024x683.jpg\" alt=\"\" class=\"wp-image-6360\" srcset=\"https:\/\/ramib.org\/oficial\/wp-content\/uploads\/2025\/01\/IMG_20250123_193519-1024x683.jpg 1024w, https:\/\/ramib.org\/oficial\/wp-content\/uploads\/2025\/01\/IMG_20250123_193519-300x200.jpg 300w, https:\/\/ramib.org\/oficial\/wp-content\/uploads\/2025\/01\/IMG_20250123_193519-768x512.jpg 768w, https:\/\/ramib.org\/oficial\/wp-content\/uploads\/2025\/01\/IMG_20250123_193519-1536x1024.jpg 1536w, https:\/\/ramib.org\/oficial\/wp-content\/uploads\/2025\/01\/IMG_20250123_193519-696x464.jpg 696w, https:\/\/ramib.org\/oficial\/wp-content\/uploads\/2025\/01\/IMG_20250123_193519-1068x712.jpg 1068w, https:\/\/ramib.org\/oficial\/wp-content\/uploads\/2025\/01\/IMG_20250123_193519-630x420.jpg 630w, https:\/\/ramib.org\/oficial\/wp-content\/uploads\/2025\/01\/IMG_20250123_193519.jpg 1800w\" sizes=\"(max-width: 1024px) 100vw, 1024px\" \/><\/figure><\/div>\n\n\n<p>Durant la seva intervenci\u00f3 el Dr. Reina va explicar el concepte biol\u00f2gic dels virus, per qu\u00e8 s\u00f3n com s\u00f3n, quines s\u00f3n les caracter\u00edstiques que els fan canviar, la capacitat de mutaci\u00f3 que tenen respecte a l&#8217;entorn&#8230; del que coneixem sobre la seva forma d&#8217;actuaci\u00f3 que \u00e9s, en definitiva, la que ens permet fer-los front. Con\u00e8ixer els seus comportaments ens permet entendre&#8217;ls.<\/p>\n\n\n<div class=\"wp-block-image\">\n<figure class=\"aligncenter size-large\"><img loading=\"lazy\" decoding=\"async\" width=\"1024\" height=\"683\" src=\"https:\/\/ramib.org\/oficial\/wp-content\/uploads\/2025\/01\/inaugural20254-1024x683.jpg\" alt=\"\" class=\"wp-image-6370\" srcset=\"https:\/\/ramib.org\/oficial\/wp-content\/uploads\/2025\/01\/inaugural20254-1024x683.jpg 1024w, https:\/\/ramib.org\/oficial\/wp-content\/uploads\/2025\/01\/inaugural20254-300x200.jpg 300w, https:\/\/ramib.org\/oficial\/wp-content\/uploads\/2025\/01\/inaugural20254-768x512.jpg 768w, https:\/\/ramib.org\/oficial\/wp-content\/uploads\/2025\/01\/inaugural20254-1536x1024.jpg 1536w, https:\/\/ramib.org\/oficial\/wp-content\/uploads\/2025\/01\/inaugural20254-696x464.jpg 696w, https:\/\/ramib.org\/oficial\/wp-content\/uploads\/2025\/01\/inaugural20254-1068x712.jpg 1068w, https:\/\/ramib.org\/oficial\/wp-content\/uploads\/2025\/01\/inaugural20254-630x420.jpg 630w, https:\/\/ramib.org\/oficial\/wp-content\/uploads\/2025\/01\/inaugural20254.jpg 1800w\" sizes=\"(max-width: 1024px) 100vw, 1024px\" \/><\/figure><\/div>\n\n\n<p>Els virus s\u00f3n absolutament distints a qualsevol altre microorganisme conegut en el m\u00f3n. Tenen un comportament biol\u00f2gic distint i costa molt saber com actuaran o atacar, s\u00f3n molt intu\u00eftius, tenen estrat\u00e8gies i estan marcats gen\u00e8ticament per a fer el que han anat fent al llarg dels anys.<\/p>\n\n\n<div class=\"wp-block-image\">\n<figure class=\"aligncenter size-large\"><img loading=\"lazy\" decoding=\"async\" width=\"1024\" height=\"683\" src=\"https:\/\/ramib.org\/oficial\/wp-content\/uploads\/2025\/01\/inaugural20255-1024x683.jpg\" alt=\"\" class=\"wp-image-6372\" srcset=\"https:\/\/ramib.org\/oficial\/wp-content\/uploads\/2025\/01\/inaugural20255-1024x683.jpg 1024w, https:\/\/ramib.org\/oficial\/wp-content\/uploads\/2025\/01\/inaugural20255-300x200.jpg 300w, https:\/\/ramib.org\/oficial\/wp-content\/uploads\/2025\/01\/inaugural20255-768x512.jpg 768w, https:\/\/ramib.org\/oficial\/wp-content\/uploads\/2025\/01\/inaugural20255-1536x1024.jpg 1536w, https:\/\/ramib.org\/oficial\/wp-content\/uploads\/2025\/01\/inaugural20255-696x464.jpg 696w, https:\/\/ramib.org\/oficial\/wp-content\/uploads\/2025\/01\/inaugural20255-1068x712.jpg 1068w, https:\/\/ramib.org\/oficial\/wp-content\/uploads\/2025\/01\/inaugural20255-630x420.jpg 630w, https:\/\/ramib.org\/oficial\/wp-content\/uploads\/2025\/01\/inaugural20255.jpg 1800w\" sizes=\"(max-width: 1024px) 100vw, 1024px\" \/><\/figure><\/div>\n\n\n<p>Els beneficis globals que ens aporten superen als desastres que provoquen; hem d&#8217;acceptar, al nostre pesar, que sense virus, i no sols els fagos, no podr\u00edem viure&#8221;.<\/p>\n\n\n\n<p>Una vegada finalitzat el discurs inaugural es van lliurar els premis i distincions corresponents al curs acad\u00e8mic 2024.<br><br><strong>DISTINCIONS CURS ACAD\u00c8MIC 2024<\/strong><\/p>\n\n\n\n<p><strong>Acad\u00e8mics corresponents electes<\/strong><\/p>\n\n\n<div class=\"wp-block-image\">\n<figure class=\"aligncenter size-large\"><img loading=\"lazy\" decoding=\"async\" width=\"1024\" height=\"683\" src=\"https:\/\/ramib.org\/oficial\/wp-content\/uploads\/2025\/01\/MG_0061-1024x683.jpg\" alt=\"\" class=\"wp-image-6340\" srcset=\"https:\/\/ramib.org\/oficial\/wp-content\/uploads\/2025\/01\/MG_0061-1024x683.jpg 1024w, https:\/\/ramib.org\/oficial\/wp-content\/uploads\/2025\/01\/MG_0061-300x200.jpg 300w, https:\/\/ramib.org\/oficial\/wp-content\/uploads\/2025\/01\/MG_0061-768x512.jpg 768w, https:\/\/ramib.org\/oficial\/wp-content\/uploads\/2025\/01\/MG_0061-1536x1024.jpg 1536w, https:\/\/ramib.org\/oficial\/wp-content\/uploads\/2025\/01\/MG_0061-696x464.jpg 696w, https:\/\/ramib.org\/oficial\/wp-content\/uploads\/2025\/01\/MG_0061-1068x712.jpg 1068w, https:\/\/ramib.org\/oficial\/wp-content\/uploads\/2025\/01\/MG_0061-630x420.jpg 630w, https:\/\/ramib.org\/oficial\/wp-content\/uploads\/2025\/01\/MG_0061.jpg 1800w\" sizes=\"(max-width: 1024px) 100vw, 1024px\" \/><\/figure><\/div>\n\n\n<p>Dr. Jaume Mercant i Ram\u00edrez<\/p>\n\n\n<div class=\"wp-block-image\">\n<figure class=\"aligncenter size-large\"><img loading=\"lazy\" decoding=\"async\" width=\"1024\" height=\"683\" src=\"https:\/\/ramib.org\/oficial\/wp-content\/uploads\/2025\/01\/MG_0067-1024x683.jpg\" alt=\"\" class=\"wp-image-6342\" srcset=\"https:\/\/ramib.org\/oficial\/wp-content\/uploads\/2025\/01\/MG_0067-1024x683.jpg 1024w, https:\/\/ramib.org\/oficial\/wp-content\/uploads\/2025\/01\/MG_0067-300x200.jpg 300w, https:\/\/ramib.org\/oficial\/wp-content\/uploads\/2025\/01\/MG_0067-768x512.jpg 768w, https:\/\/ramib.org\/oficial\/wp-content\/uploads\/2025\/01\/MG_0067-1536x1024.jpg 1536w, https:\/\/ramib.org\/oficial\/wp-content\/uploads\/2025\/01\/MG_0067-696x464.jpg 696w, https:\/\/ramib.org\/oficial\/wp-content\/uploads\/2025\/01\/MG_0067-1068x712.jpg 1068w, https:\/\/ramib.org\/oficial\/wp-content\/uploads\/2025\/01\/MG_0067-630x420.jpg 630w, https:\/\/ramib.org\/oficial\/wp-content\/uploads\/2025\/01\/MG_0067.jpg 1800w\" sizes=\"(max-width: 1024px) 100vw, 1024px\" \/><\/figure><\/div>\n\n\n<p>Dr. Antoni Marimon Riutort<\/p>\n\n\n\n<p><strong>PREMI DE LA REIAL ACAD\u00c8MIA DE MEDICINA DE LES ILLES BALEARS<\/strong><\/p>\n\n\n\n<p><a><\/a> T\u00edtol: \u201cEvaluaci\u00f3n de la comparaci\u00f3n de diferentes modalidades de ejercicio f\u00edsico sobre el control gluc\u00e9mico en personas con prediabetes\u201d<\/p>\n\n\n\n<p><strong>Dra. Aina M. Galm\u00e9s Panad\u00e9s, Natalia Garcia Coll. <\/strong>Universitat de les Illes Balears. Palma de Mallorca, Espanya.<\/p>\n\n\n<div class=\"wp-block-image\">\n<figure class=\"aligncenter size-large\"><img loading=\"lazy\" decoding=\"async\" width=\"1024\" height=\"683\" src=\"https:\/\/ramib.org\/oficial\/wp-content\/uploads\/2025\/01\/MG_0068.2-1024x683.jpg\" alt=\"\" class=\"wp-image-6344\" srcset=\"https:\/\/ramib.org\/oficial\/wp-content\/uploads\/2025\/01\/MG_0068.2-1024x683.jpg 1024w, https:\/\/ramib.org\/oficial\/wp-content\/uploads\/2025\/01\/MG_0068.2-300x200.jpg 300w, https:\/\/ramib.org\/oficial\/wp-content\/uploads\/2025\/01\/MG_0068.2-768x512.jpg 768w, https:\/\/ramib.org\/oficial\/wp-content\/uploads\/2025\/01\/MG_0068.2-1536x1024.jpg 1536w, https:\/\/ramib.org\/oficial\/wp-content\/uploads\/2025\/01\/MG_0068.2-696x464.jpg 696w, https:\/\/ramib.org\/oficial\/wp-content\/uploads\/2025\/01\/MG_0068.2-1068x712.jpg 1068w, https:\/\/ramib.org\/oficial\/wp-content\/uploads\/2025\/01\/MG_0068.2-630x420.jpg 630w, https:\/\/ramib.org\/oficial\/wp-content\/uploads\/2025\/01\/MG_0068.2.jpg 1800w\" sizes=\"(max-width: 1024px) 100vw, 1024px\" \/><\/figure><\/div>\n\n\n<p><strong>PREMIS PATROCINATS<\/strong><\/p>\n\n\n\n<p><strong>Premi Prof. Jean Dausset&nbsp;<\/strong>a la millor tesi de Medicina i Ci\u00e8ncies Afins, elaborada a les Illes Balears dins el curs acad\u00e8mic 2022.<\/p>\n\n\n\n<p>T\u00edtol: \u201cEstudio de la variabilidad de los par\u00e1metros de riesgo de cristalizaci\u00f3n en orina de 12 horas diurna y nocturna\u201d<\/p>\n\n\n\n<p><a><\/a> <strong>Mar\u00eda Concepci\u00f3n Mir Perell\u00f3. <\/strong>Universitat de les Illes Balears, Palma de Mallorca, Espanya.<\/p>\n\n\n<div class=\"wp-block-image\">\n<figure class=\"aligncenter size-large\"><img loading=\"lazy\" decoding=\"async\" width=\"1024\" height=\"683\" src=\"https:\/\/ramib.org\/oficial\/wp-content\/uploads\/2025\/01\/MG_00721-1024x683.jpg\" alt=\"\" class=\"wp-image-6356\" srcset=\"https:\/\/ramib.org\/oficial\/wp-content\/uploads\/2025\/01\/MG_00721-1024x683.jpg 1024w, https:\/\/ramib.org\/oficial\/wp-content\/uploads\/2025\/01\/MG_00721-300x200.jpg 300w, https:\/\/ramib.org\/oficial\/wp-content\/uploads\/2025\/01\/MG_00721-768x512.jpg 768w, https:\/\/ramib.org\/oficial\/wp-content\/uploads\/2025\/01\/MG_00721-1536x1024.jpg 1536w, https:\/\/ramib.org\/oficial\/wp-content\/uploads\/2025\/01\/MG_00721-696x464.jpg 696w, https:\/\/ramib.org\/oficial\/wp-content\/uploads\/2025\/01\/MG_00721-1068x712.jpg 1068w, https:\/\/ramib.org\/oficial\/wp-content\/uploads\/2025\/01\/MG_00721-630x420.jpg 630w, https:\/\/ramib.org\/oficial\/wp-content\/uploads\/2025\/01\/MG_00721.jpg 1800w\" sizes=\"(max-width: 1024px) 100vw, 1024px\" \/><\/figure><\/div>\n\n\n<p><strong>Premi <\/strong><strong>Doctor <\/strong><strong>Ram\u00f3n Rotger <\/strong><strong>Moner<\/strong> per al millor estudi sobre cirurgia i especialitats quir\u00fargiques.<\/p>\n\n\n\n<p><a><\/a> T\u00edtol: \u201cComparaci\u00f3n de la desviaci\u00f3n espacial mesial de un prototipo durante la colocaci\u00f3n de implantes dentales, validaci\u00f3n mediante un estudio precl\u00ednico en simulador h\u00e1ptico 3D\u201d<\/p>\n\n\n\n<p><strong>Ra\u00fal Cuesta Rom\u00e1n, Javier Varona G\u00f3mez, Nora L\u00f3pez Safont, Joan Obrador de Hevia, Hern\u00e1n Paublini Oliveira, Emilio Mart\u00ednez-Almoyna Rif\u00e1, <\/strong>Escuela Universitaria ADEMA. Palma de Mallorca, Espanya.<\/p>\n\n\n\n<p><strong>Premi del Col\u00b7legi Oficial d\u2019Infermeria de les Illes Balears, <\/strong><strong>per al millor estudi d\u2019investigaci\u00f3 en infermeria en qualsevol dels seus \u00e0mbits.<\/strong><\/p>\n\n\n\n<p><a><\/a> T\u00edtol: \u201cInseguridad alimentaria en adolescentes de Palma. Orevalencia y asociaci\u00f3n con caracter\u00edsticas individuales, del hogar y del barrio\u201d.<\/p>\n\n\n\n<p><strong>Laura Capit\u00e1n Moyano, Mar\u00eda Arias Fern\u00e1ndez, Pablo \u00c1lvarez Greciano, Aina Huguet Torres, B\u00e1rbara Martin, Enrique Castro S\u00e1nchez. Miquel Bennasar Veny, Aina M Y\u00e1\u00f1ez. <\/strong>Departamento de Enfermer\u00eda y Fisioterapia, Universitat de les Illes Balears. Palma de Mallorca, Espanya.<\/p>\n\n\n<div class=\"wp-block-image\">\n<figure class=\"aligncenter size-large\"><img loading=\"lazy\" decoding=\"async\" width=\"1024\" height=\"683\" src=\"https:\/\/ramib.org\/oficial\/wp-content\/uploads\/2025\/01\/MG_00772-1024x683.jpg\" alt=\"\" class=\"wp-image-6358\" srcset=\"https:\/\/ramib.org\/oficial\/wp-content\/uploads\/2025\/01\/MG_00772-1024x683.jpg 1024w, https:\/\/ramib.org\/oficial\/wp-content\/uploads\/2025\/01\/MG_00772-300x200.jpg 300w, https:\/\/ramib.org\/oficial\/wp-content\/uploads\/2025\/01\/MG_00772-768x512.jpg 768w, https:\/\/ramib.org\/oficial\/wp-content\/uploads\/2025\/01\/MG_00772-1536x1024.jpg 1536w, https:\/\/ramib.org\/oficial\/wp-content\/uploads\/2025\/01\/MG_00772-696x464.jpg 696w, https:\/\/ramib.org\/oficial\/wp-content\/uploads\/2025\/01\/MG_00772-1068x712.jpg 1068w, https:\/\/ramib.org\/oficial\/wp-content\/uploads\/2025\/01\/MG_00772-630x420.jpg 630w, https:\/\/ramib.org\/oficial\/wp-content\/uploads\/2025\/01\/MG_00772.jpg 1800w\" sizes=\"(max-width: 1024px) 100vw, 1024px\" \/><\/figure><\/div>\n\n\n<p><strong>Premi Hospital Quir\u00f3nsalud PalmaPlanas, <\/strong><strong>al millor estudi sobre les especialitats m\u00e8diques.<\/strong><\/p>\n\n\n\n<p>T\u00edtol: \u201cEfecto protector del filato sobre las complicaciones vasculares en pacientes con diabetes mellitus tipo 2 de alto riesgo cardiovascular\u201d.<\/p>\n\n\n\n<p><strong>Antelm Pujol Calafat.<\/strong>Servicio de Endocrinolog\u00eda y Nutrici\u00f3n del Hospital Universitario de Son Ll\u00e1tzer.Palma de Mallorca, Espanya<\/p>\n\n\n<div class=\"wp-block-image\">\n<figure class=\"aligncenter size-large\"><img loading=\"lazy\" decoding=\"async\" width=\"1024\" height=\"683\" src=\"https:\/\/ramib.org\/oficial\/wp-content\/uploads\/2025\/01\/MG_0080-1024x683.jpg\" alt=\"\" class=\"wp-image-6346\" srcset=\"https:\/\/ramib.org\/oficial\/wp-content\/uploads\/2025\/01\/MG_0080-1024x683.jpg 1024w, https:\/\/ramib.org\/oficial\/wp-content\/uploads\/2025\/01\/MG_0080-300x200.jpg 300w, https:\/\/ramib.org\/oficial\/wp-content\/uploads\/2025\/01\/MG_0080-768x512.jpg 768w, https:\/\/ramib.org\/oficial\/wp-content\/uploads\/2025\/01\/MG_0080-1536x1024.jpg 1536w, https:\/\/ramib.org\/oficial\/wp-content\/uploads\/2025\/01\/MG_0080-696x464.jpg 696w, https:\/\/ramib.org\/oficial\/wp-content\/uploads\/2025\/01\/MG_0080-1068x712.jpg 1068w, https:\/\/ramib.org\/oficial\/wp-content\/uploads\/2025\/01\/MG_0080-630x420.jpg 630w, https:\/\/ramib.org\/oficial\/wp-content\/uploads\/2025\/01\/MG_0080.jpg 1800w\" sizes=\"(max-width: 1024px) 100vw, 1024px\" \/><\/figure><\/div>\n\n\n<p><strong>Premi del Col\u00b7legi Oficial de Farmac\u00e8utics de les Illes Balears, <\/strong><strong>per al millor estudi d\u2019investigaci\u00f3 en l\u2019\u00e0mbit de les ci\u00e8ncies farmac\u00e8utiques.<\/strong><\/p>\n\n\n\n<p><a><\/a> T\u00edtol: \u201c\u00bfIncrementa el consumo de estatinas los valores de escalas de riesgo de resistencia a la insulina?\u201d.<\/p>\n\n\n\n<p><strong>Jos\u00e9 Ignacio Ram\u00edrez Manent, Ignacio Ram\u00edrez Gallegos, Mar\u00eda Gordito Soler, Miguel Aguil\u00f3 Juanola, Hilda Gonz\u00e1lez San Miguel, Marta Marina Arroyo, Katrina Riera Routon. <\/strong>Grupo ADEMA-Salud. Palma de Mallorca, Espanya.<\/p>\n\n\n<div class=\"wp-block-image\">\n<figure class=\"aligncenter size-large\"><img loading=\"lazy\" decoding=\"async\" width=\"1024\" height=\"683\" src=\"https:\/\/ramib.org\/oficial\/wp-content\/uploads\/2025\/01\/MG_0085-1024x683.jpg\" alt=\"\" class=\"wp-image-6348\" srcset=\"https:\/\/ramib.org\/oficial\/wp-content\/uploads\/2025\/01\/MG_0085-1024x683.jpg 1024w, https:\/\/ramib.org\/oficial\/wp-content\/uploads\/2025\/01\/MG_0085-300x200.jpg 300w, https:\/\/ramib.org\/oficial\/wp-content\/uploads\/2025\/01\/MG_0085-768x512.jpg 768w, https:\/\/ramib.org\/oficial\/wp-content\/uploads\/2025\/01\/MG_0085-1536x1024.jpg 1536w, https:\/\/ramib.org\/oficial\/wp-content\/uploads\/2025\/01\/MG_0085-696x464.jpg 696w, https:\/\/ramib.org\/oficial\/wp-content\/uploads\/2025\/01\/MG_0085-1068x712.jpg 1068w, https:\/\/ramib.org\/oficial\/wp-content\/uploads\/2025\/01\/MG_0085-630x420.jpg 630w, https:\/\/ramib.org\/oficial\/wp-content\/uploads\/2025\/01\/MG_0085.jpg 1800w\" sizes=\"(max-width: 1024px) 100vw, 1024px\" \/><\/figure><\/div>\n\n\n<p><strong>Premi ADEMA, <\/strong><strong>per al millor estudi de recerca en salut bucal i nutrici\u00f3.<\/strong><\/p>\n\n\n\n<p><a><\/a> T\u00edtol: \u201cEfecto de la dieta mediterr\u00e1nea sobre las escalas que valoran el h\u00edgado graso no alcoh\u00f3lico y la fibrosis hep\u00e1tica\u201d.<\/p>\n\n\n\n<p><strong>Jos\u00e9 Ignacio Ram\u00edrez-Manent, Lluis Antoni Rodas Ca\u00f1ellas, Sof\u00eda Montemayor Fr\u00edas, Isabel Pilar Soler Pocov\u00ed, Pablo Estabala Alandez, Alicia Julibert Garc\u00eda<\/strong>. Grupo ADEMA-Salud IUNICS. Palma de Mallorca, Espanya.<\/p>\n\n\n<div class=\"wp-block-image\">\n<figure class=\"aligncenter size-large\"><img loading=\"lazy\" decoding=\"async\" width=\"1024\" height=\"683\" src=\"https:\/\/ramib.org\/oficial\/wp-content\/uploads\/2025\/01\/MG_0088-1024x683.jpg\" alt=\"\" class=\"wp-image-6350\" srcset=\"https:\/\/ramib.org\/oficial\/wp-content\/uploads\/2025\/01\/MG_0088-1024x683.jpg 1024w, https:\/\/ramib.org\/oficial\/wp-content\/uploads\/2025\/01\/MG_0088-300x200.jpg 300w, https:\/\/ramib.org\/oficial\/wp-content\/uploads\/2025\/01\/MG_0088-768x512.jpg 768w, https:\/\/ramib.org\/oficial\/wp-content\/uploads\/2025\/01\/MG_0088-1536x1024.jpg 1536w, https:\/\/ramib.org\/oficial\/wp-content\/uploads\/2025\/01\/MG_0088-696x464.jpg 696w, https:\/\/ramib.org\/oficial\/wp-content\/uploads\/2025\/01\/MG_0088-1068x712.jpg 1068w, https:\/\/ramib.org\/oficial\/wp-content\/uploads\/2025\/01\/MG_0088-630x420.jpg 630w, https:\/\/ramib.org\/oficial\/wp-content\/uploads\/2025\/01\/MG_0088.jpg 1800w\" sizes=\"(max-width: 1024px) 100vw, 1024px\" \/><\/figure><\/div>\n\n\n<p><strong>Premio Laboratorio Dr. Cort\u00e9s, <\/strong><strong>per a la millor publicaci\u00f3 sobre Oncologia Ginecol\u00f2gica realitzada per professionals radicats a les Illes Balears.<\/strong><\/p>\n\n\n\n<p><a><\/a> T\u00edtol: \u201cDetecting Atypical Sentinel Limph Nodes in Early-Stage Cervical Cancer Using a Standardized Technique with a Hybrid Tracer\u201d.<\/p>\n\n\n\n<p><strong>Joana Amengual Vila, Anna Torrent Colomer, Catalina Sampol Bas, Adriana Quintero Duarte, Mario Ruiz Coll, Jorge Rioja Merlo, Octavi Cordoba.<\/strong> Hospital Universitari Son Espases.&nbsp;Palma de Mallorca, Espanya.<\/p>\n\n\n<div class=\"wp-block-image\">\n<figure class=\"aligncenter size-large\"><img loading=\"lazy\" decoding=\"async\" width=\"1024\" height=\"683\" src=\"https:\/\/ramib.org\/oficial\/wp-content\/uploads\/2025\/01\/MG_0093-1024x683.jpg\" alt=\"\" class=\"wp-image-6352\" srcset=\"https:\/\/ramib.org\/oficial\/wp-content\/uploads\/2025\/01\/MG_0093-1024x683.jpg 1024w, https:\/\/ramib.org\/oficial\/wp-content\/uploads\/2025\/01\/MG_0093-300x200.jpg 300w, https:\/\/ramib.org\/oficial\/wp-content\/uploads\/2025\/01\/MG_0093-768x512.jpg 768w, https:\/\/ramib.org\/oficial\/wp-content\/uploads\/2025\/01\/MG_0093-1536x1024.jpg 1536w, https:\/\/ramib.org\/oficial\/wp-content\/uploads\/2025\/01\/MG_0093-696x464.jpg 696w, https:\/\/ramib.org\/oficial\/wp-content\/uploads\/2025\/01\/MG_0093-1068x712.jpg 1068w, https:\/\/ramib.org\/oficial\/wp-content\/uploads\/2025\/01\/MG_0093-630x420.jpg 630w, https:\/\/ramib.org\/oficial\/wp-content\/uploads\/2025\/01\/MG_0093.jpg 1800w\" sizes=\"(max-width: 1024px) 100vw, 1024px\" \/><\/figure><\/div>\n\n\n<p>Una vegada finalitzat l\u2019acte d\u2019entrega de premis i distincions es va donar per inaugurat el curs acad\u00e8mic 2025 per part del president de la corporaci\u00f3, finalitzant aix\u00ed l\u2019acte.<\/p>\n\n\n\n<p>Pot visualitzar la lectura de la mem\u00f2ria acad\u00e8mica en el canal de youtube de la corporaci\u00f3:<\/p>\n\n\n\n<figure class=\"wp-block-embed aligncenter is-type-video is-provider-youtube wp-block-embed-youtube wp-embed-aspect-16-9 wp-has-aspect-ratio\"><div class=\"wp-block-embed__wrapper\">\n<iframe loading=\"lazy\" title=\"23\/01\/2025: Sessi\u00f3 inaugural del curs acad\u00e8mic 2025. Mem\u00f2ria acad\u00e8mica 2024\" width=\"696\" height=\"392\" src=\"https:\/\/www.youtube.com\/embed\/bzZW_-UUd58?feature=oembed\" frameborder=\"0\" allow=\"accelerometer; autoplay; clipboard-write; encrypted-media; gyroscope; picture-in-picture; web-share\" referrerpolicy=\"strict-origin-when-cross-origin\" allowfullscreen><\/iframe>\n<\/div><\/figure>\n\n\n\n<p>Tamb\u00e9 pot visualitzar el discurs inaugural en el seg\u00fcent enlla\u00e7:<\/p>\n\n\n\n<figure class=\"wp-block-embed aligncenter is-type-video is-provider-youtube wp-block-embed-youtube wp-embed-aspect-16-9 wp-has-aspect-ratio\"><div class=\"wp-block-embed__wrapper\">\n<iframe loading=\"lazy\" title=\"Sesi\u00f3n inaugural del curso acad\u00e9mico 2025:  Discurso inaugural\" width=\"696\" height=\"392\" src=\"https:\/\/www.youtube.com\/embed\/WMiN0h9rWAM?feature=oembed\" frameborder=\"0\" allow=\"accelerometer; autoplay; clipboard-write; encrypted-media; gyroscope; picture-in-picture; web-share\" referrerpolicy=\"strict-origin-when-cross-origin\" allowfullscreen><\/iframe>\n<\/div><\/figure>\n","protected":false},"excerpt":{"rendered":"<p>Dijous passat, 23 de gener, va tenir lloc en la seu de la Reial Acad\u00e8mia de Medicina dels illes Balears la sessi\u00f3 inaugural del curs acad\u00e8mic 2025. El doctor Joan [&hellip;]<\/p>\n","protected":false},"author":3,"featured_media":6366,"comment_status":"open","ping_status":"closed","sticky":false,"template":"","format":"standard","meta":{"_monsterinsights_skip_tracking":false,"_monsterinsights_sitenote_active":false,"_monsterinsights_sitenote_note":"","_monsterinsights_sitenote_category":0,"footnotes":""},"categories":[166,24,179,1274,18,187],"tags":[309,1277,1278,1279,199,638,1276,627],"_links":{"self":[{"href":"https:\/\/ramib.org\/oficial\/index.php\/wp-json\/wp\/v2\/posts\/6300"}],"collection":[{"href":"https:\/\/ramib.org\/oficial\/index.php\/wp-json\/wp\/v2\/posts"}],"about":[{"href":"https:\/\/ramib.org\/oficial\/index.php\/wp-json\/wp\/v2\/types\/post"}],"author":[{"embeddable":true,"href":"https:\/\/ramib.org\/oficial\/index.php\/wp-json\/wp\/v2\/users\/3"}],"replies":[{"embeddable":true,"href":"https:\/\/ramib.org\/oficial\/index.php\/wp-json\/wp\/v2\/comments?post=6300"}],"version-history":[{"count":6,"href":"https:\/\/ramib.org\/oficial\/index.php\/wp-json\/wp\/v2\/posts\/6300\/revisions"}],"predecessor-version":[{"id":6388,"href":"https:\/\/ramib.org\/oficial\/index.php\/wp-json\/wp\/v2\/posts\/6300\/revisions\/6388"}],"wp:featuredmedia":[{"embeddable":true,"href":"https:\/\/ramib.org\/oficial\/index.php\/wp-json\/wp\/v2\/media\/6366"}],"wp:attachment":[{"href":"https:\/\/ramib.org\/oficial\/index.php\/wp-json\/wp\/v2\/media?parent=6300"}],"wp:term":[{"taxonomy":"category","embeddable":true,"href":"https:\/\/ramib.org\/oficial\/index.php\/wp-json\/wp\/v2\/categories?post=6300"},{"taxonomy":"post_tag","embeddable":true,"href":"https:\/\/ramib.org\/oficial\/index.php\/wp-json\/wp\/v2\/tags?post=6300"}],"curies":[{"name":"wp","href":"https:\/\/api.w.org\/{rel}","templated":true}]}}