{"id":6136,"date":"2024-11-13T16:04:32","date_gmt":"2024-11-13T16:04:32","guid":{"rendered":"https:\/\/ramib.org\/oficial\/?p=6136"},"modified":"2024-11-29T17:17:22","modified_gmt":"2024-11-29T17:17:22","slug":"6136","status":"publish","type":"post","link":"https:\/\/ramib.org\/oficial\/index.php\/2024\/11\/13\/6136\/","title":{"rendered":"21\/11\/2024: Pasado, presente y futuro de las pandemias. De los catarrhus epidemicus (s. XVIII) a la gripe y covid (s.XXI)"},"content":{"rendered":"\n<p>Dia 21 de novembre de 2024 es va celebrar en la seu acad\u00e8mica de Can Campaner la sessi\u00f3 cient\u00edfica Passat, present i futur de les pand\u00e8mies. Dels catarrhus epidemicus (s.XVIII) a la grip i covid.<\/p>\n\n\n\n<p>Va obrir l&#8217;acte el president de la RAMIB, Excm. Sr. Joan Besalduch Vidal, donant la benvinguda a la ponent, a les autoritats i al p\u00fablic present.<\/p>\n\n\n<div class=\"wp-block-image\">\n<figure class=\"aligncenter size-full\"><img loading=\"lazy\" decoding=\"async\" width=\"1024\" height=\"683\" src=\"https:\/\/ramib.org\/oficial\/wp-content\/uploads\/2024\/11\/ERKOREKA1.jpg\" alt=\"\" class=\"wp-image-6203\" srcset=\"https:\/\/ramib.org\/oficial\/wp-content\/uploads\/2024\/11\/ERKOREKA1.jpg 1024w, https:\/\/ramib.org\/oficial\/wp-content\/uploads\/2024\/11\/ERKOREKA1-300x200.jpg 300w, https:\/\/ramib.org\/oficial\/wp-content\/uploads\/2024\/11\/ERKOREKA1-768x512.jpg 768w, https:\/\/ramib.org\/oficial\/wp-content\/uploads\/2024\/11\/ERKOREKA1-696x464.jpg 696w, https:\/\/ramib.org\/oficial\/wp-content\/uploads\/2024\/11\/ERKOREKA1-630x420.jpg 630w\" sizes=\"(max-width: 1024px) 100vw, 1024px\" \/><\/figure><\/div>\n\n\n<p>Va presentar a la ponent, el M. Il\u00b7ltre. Sr. Joan March Noguera, acad\u00e8mic de n\u00famero de la corporaci\u00f3, exposant el curr\u00edculum del ponent.<\/p>\n\n\n<div class=\"wp-block-image\">\n<figure class=\"aligncenter size-full\"><img loading=\"lazy\" decoding=\"async\" width=\"1024\" height=\"683\" src=\"https:\/\/ramib.org\/oficial\/wp-content\/uploads\/2024\/11\/ERKOREKA2.jpg\" alt=\"\" class=\"wp-image-6205\" srcset=\"https:\/\/ramib.org\/oficial\/wp-content\/uploads\/2024\/11\/ERKOREKA2.jpg 1024w, https:\/\/ramib.org\/oficial\/wp-content\/uploads\/2024\/11\/ERKOREKA2-300x200.jpg 300w, https:\/\/ramib.org\/oficial\/wp-content\/uploads\/2024\/11\/ERKOREKA2-768x512.jpg 768w, https:\/\/ramib.org\/oficial\/wp-content\/uploads\/2024\/11\/ERKOREKA2-696x464.jpg 696w, https:\/\/ramib.org\/oficial\/wp-content\/uploads\/2024\/11\/ERKOREKA2-630x420.jpg 630w\" sizes=\"(max-width: 1024px) 100vw, 1024px\" \/><\/figure><\/div>\n\n\n<p>La sessi\u00f3 va ser duta a terme pel Dr. Anton Erkoreka, Director del Museu Basc d&#8217;Hist\u00f2ria de la Medicina \/Medikuntza Historiessin Euskal Museoa (UPV\/EHU).<\/p>\n\n\n\n<p>El ponent va exposar les similituds entre la grip de 1918 i el COVID de 2019.<\/p>\n\n\n<div class=\"wp-block-image\">\n<figure class=\"aligncenter size-full\"><img loading=\"lazy\" decoding=\"async\" width=\"1024\" height=\"683\" src=\"https:\/\/ramib.org\/oficial\/wp-content\/uploads\/2024\/11\/ERKOREKA4.jpg\" alt=\"\" class=\"wp-image-6209\" srcset=\"https:\/\/ramib.org\/oficial\/wp-content\/uploads\/2024\/11\/ERKOREKA4.jpg 1024w, https:\/\/ramib.org\/oficial\/wp-content\/uploads\/2024\/11\/ERKOREKA4-300x200.jpg 300w, https:\/\/ramib.org\/oficial\/wp-content\/uploads\/2024\/11\/ERKOREKA4-768x512.jpg 768w, https:\/\/ramib.org\/oficial\/wp-content\/uploads\/2024\/11\/ERKOREKA4-696x464.jpg 696w, https:\/\/ramib.org\/oficial\/wp-content\/uploads\/2024\/11\/ERKOREKA4-630x420.jpg 630w\" sizes=\"(max-width: 1024px) 100vw, 1024px\" \/><\/figure><\/div>\n\n\n<p>Es tracta del mateix tipus de malalties de s\u00edndrome gripal. La grip espanyola va afectar m\u00e9s de la meitat de la poblaci\u00f3 mundial, produint un gran impacte social. La reflexi\u00f3 que podem fer \u00e9s que, despr\u00e9s de cent anys, un nou virus que brolla a la Xina i s&#8217;expandeix per tot el m\u00f3n provoca, en la seva primera ona, una taxa de mortalitat d&#8217;un per mil habitants, la mateixa que va provocar el virus de la grip de 1918. Malgrat els evidents avan\u00e7aments de la medicina en aquest segle i d&#8217;utilitzar tots els nostres recursos, no hem aconseguit disminuir la mortalitat ni millorar les taxes de 1918.<\/p>\n\n\n\n<p>Tamb\u00e9 comento que s&#8217;ha pogut identificar el virus que va originar la grip espanyola per\u00f2 no el de la grip russa de 1889.<\/p>\n\n\n<div class=\"wp-block-image\">\n<figure class=\"aligncenter size-full\"><img loading=\"lazy\" decoding=\"async\" width=\"1024\" height=\"683\" src=\"https:\/\/ramib.org\/oficial\/wp-content\/uploads\/2024\/11\/ERKOREKA5.jpg\" alt=\"\" class=\"wp-image-6211\" srcset=\"https:\/\/ramib.org\/oficial\/wp-content\/uploads\/2024\/11\/ERKOREKA5.jpg 1024w, https:\/\/ramib.org\/oficial\/wp-content\/uploads\/2024\/11\/ERKOREKA5-300x200.jpg 300w, https:\/\/ramib.org\/oficial\/wp-content\/uploads\/2024\/11\/ERKOREKA5-768x512.jpg 768w, https:\/\/ramib.org\/oficial\/wp-content\/uploads\/2024\/11\/ERKOREKA5-696x464.jpg 696w, https:\/\/ramib.org\/oficial\/wp-content\/uploads\/2024\/11\/ERKOREKA5-630x420.jpg 630w\" sizes=\"(max-width: 1024px) 100vw, 1024px\" \/><\/figure><\/div>\n\n\n<p>Despr\u00e9s d&#8217;investigar la hist\u00f2ria, epidemiologia, simptomatologia i virologia de la pand\u00e8mia de 1889, proposo una nova narrativa, amb almenys quatre ones entre 1889 i 1894 i una simptomatologia m\u00e9s pr\u00f2xima a la del COVID-19 que a les pand\u00e8mies cl\u00e0ssiques de 1837 i 1918. La hip\u00f2tesi \u00e9s que va ser provocada per un coronavirus que despr\u00e9s de la seva sobtada i agressiva aparici\u00f3 va anar perdent virul\u00e8ncia amb els anys fins a convertir-se en un dels quatre coronavirus que causen refredats comuns en humans. Si la hist\u00f2ria es repeteix, aquest tamb\u00e9 podria ser el dest\u00ed del SARS-CoV-2 en els pr\u00f2xims anys.<\/p>\n\n\n<div class=\"wp-block-image\">\n<figure class=\"aligncenter size-full\"><img loading=\"lazy\" decoding=\"async\" width=\"1024\" height=\"683\" src=\"https:\/\/ramib.org\/oficial\/wp-content\/uploads\/2024\/11\/ERKOREKA3.jpg\" alt=\"\" class=\"wp-image-6207\" srcset=\"https:\/\/ramib.org\/oficial\/wp-content\/uploads\/2024\/11\/ERKOREKA3.jpg 1024w, https:\/\/ramib.org\/oficial\/wp-content\/uploads\/2024\/11\/ERKOREKA3-300x200.jpg 300w, https:\/\/ramib.org\/oficial\/wp-content\/uploads\/2024\/11\/ERKOREKA3-768x512.jpg 768w, https:\/\/ramib.org\/oficial\/wp-content\/uploads\/2024\/11\/ERKOREKA3-696x464.jpg 696w, https:\/\/ramib.org\/oficial\/wp-content\/uploads\/2024\/11\/ERKOREKA3-630x420.jpg 630w\" sizes=\"(max-width: 1024px) 100vw, 1024px\" \/><\/figure><\/div>\n\n\n<p>De cara al futur el Dr. Erkoreka va exposar que a nivell cient\u00edfic hi ha una gran preocupaci\u00f3 amb la grip avi\u00e0ria, el virus H5N1, una variant amb unes taxes de mortalitat molt m\u00e9s elevades que el COVID, aconseguint fins al 50% de defuncions en afectats. \u00c9s un problema molt greu. Est\u00e0 circulant per tots els continents i encara que a penes ha fet el salt a humans, hem d&#8217;estar vigilants, veure com evoluciona i preparar-nos per a poder respondre amb promptitud.<\/p>\n\n\n<div class=\"wp-block-image\">\n<figure class=\"aligncenter size-full\"><img loading=\"lazy\" decoding=\"async\" width=\"1024\" height=\"683\" src=\"https:\/\/ramib.org\/oficial\/wp-content\/uploads\/2024\/11\/ERKOREKA6.jpg\" alt=\"\" class=\"wp-image-6213\" srcset=\"https:\/\/ramib.org\/oficial\/wp-content\/uploads\/2024\/11\/ERKOREKA6.jpg 1024w, https:\/\/ramib.org\/oficial\/wp-content\/uploads\/2024\/11\/ERKOREKA6-300x200.jpg 300w, https:\/\/ramib.org\/oficial\/wp-content\/uploads\/2024\/11\/ERKOREKA6-768x512.jpg 768w, https:\/\/ramib.org\/oficial\/wp-content\/uploads\/2024\/11\/ERKOREKA6-696x464.jpg 696w, https:\/\/ramib.org\/oficial\/wp-content\/uploads\/2024\/11\/ERKOREKA6-630x420.jpg 630w\" sizes=\"(max-width: 1024px) 100vw, 1024px\" \/><\/figure><\/div>\n\n\n<p>Una vegada finalitzada la pon\u00e8ncia es va obrir el torn obert de paraula habitual en el qual el p\u00fablic va poder plantejar diverses q\u00fcestions que van ser respostes pel ponent.<\/p>\n\n\n\n<p>En finalitzar el debat el president de la corporaci\u00f3 va tancar l&#8217;acte agraint a la ponent la seva magn\u00edfica pon\u00e8ncia.<\/p>\n\n\n<div class=\"wp-block-image\">\n<figure class=\"aligncenter size-full\"><img loading=\"lazy\" decoding=\"async\" width=\"1024\" height=\"683\" src=\"https:\/\/ramib.org\/oficial\/wp-content\/uploads\/2024\/11\/ERKOREKA7.jpg\" alt=\"\" class=\"wp-image-6215\" srcset=\"https:\/\/ramib.org\/oficial\/wp-content\/uploads\/2024\/11\/ERKOREKA7.jpg 1024w, https:\/\/ramib.org\/oficial\/wp-content\/uploads\/2024\/11\/ERKOREKA7-300x200.jpg 300w, https:\/\/ramib.org\/oficial\/wp-content\/uploads\/2024\/11\/ERKOREKA7-768x512.jpg 768w, https:\/\/ramib.org\/oficial\/wp-content\/uploads\/2024\/11\/ERKOREKA7-696x464.jpg 696w, https:\/\/ramib.org\/oficial\/wp-content\/uploads\/2024\/11\/ERKOREKA7-630x420.jpg 630w\" sizes=\"(max-width: 1024px) 100vw, 1024px\" \/><\/figure><\/div>\n\n\n<p>Podr\u00e0 visualitzar la sessi\u00f3 cient\u00edfica en el canal de youtube de la corporaci\u00f3:<\/p>\n\n\n\n<figure class=\"wp-block-embed aligncenter is-type-video is-provider-youtube wp-block-embed-youtube wp-embed-aspect-16-9 wp-has-aspect-ratio\"><div class=\"wp-block-embed__wrapper\">\n<iframe loading=\"lazy\" title=\"Pasado, presente y futuro de las pandemias. De los catarrhus epidemicus\u00a0(s.XVIII) a la gripe y covid\" width=\"696\" height=\"392\" src=\"https:\/\/www.youtube.com\/embed\/CrJOExfJZLo?feature=oembed\" frameborder=\"0\" allow=\"accelerometer; autoplay; clipboard-write; encrypted-media; gyroscope; picture-in-picture; web-share\" referrerpolicy=\"strict-origin-when-cross-origin\" allowfullscreen><\/iframe>\n<\/div><\/figure>\n","protected":false},"excerpt":{"rendered":"<p>Dia 21 de novembre de 2024 es va celebrar en la seu acad\u00e8mica de Can Campaner la sessi\u00f3 cient\u00edfica Passat, present i futur de les pand\u00e8mies. Dels catarrhus epidemicus (s.XVIII) [&hellip;]<\/p>\n","protected":false},"author":3,"featured_media":6217,"comment_status":"open","ping_status":"closed","sticky":false,"template":"","format":"standard","meta":{"_monsterinsights_skip_tracking":false,"_monsterinsights_sitenote_active":false,"_monsterinsights_sitenote_note":"","_monsterinsights_sitenote_category":0,"footnotes":""},"categories":[14,24,686,17],"tags":[1241,241,1240,309,1238,1239,199,1273],"_links":{"self":[{"href":"https:\/\/ramib.org\/oficial\/index.php\/wp-json\/wp\/v2\/posts\/6136"}],"collection":[{"href":"https:\/\/ramib.org\/oficial\/index.php\/wp-json\/wp\/v2\/posts"}],"about":[{"href":"https:\/\/ramib.org\/oficial\/index.php\/wp-json\/wp\/v2\/types\/post"}],"author":[{"embeddable":true,"href":"https:\/\/ramib.org\/oficial\/index.php\/wp-json\/wp\/v2\/users\/3"}],"replies":[{"embeddable":true,"href":"https:\/\/ramib.org\/oficial\/index.php\/wp-json\/wp\/v2\/comments?post=6136"}],"version-history":[{"count":3,"href":"https:\/\/ramib.org\/oficial\/index.php\/wp-json\/wp\/v2\/posts\/6136\/revisions"}],"predecessor-version":[{"id":6221,"href":"https:\/\/ramib.org\/oficial\/index.php\/wp-json\/wp\/v2\/posts\/6136\/revisions\/6221"}],"wp:featuredmedia":[{"embeddable":true,"href":"https:\/\/ramib.org\/oficial\/index.php\/wp-json\/wp\/v2\/media\/6217"}],"wp:attachment":[{"href":"https:\/\/ramib.org\/oficial\/index.php\/wp-json\/wp\/v2\/media?parent=6136"}],"wp:term":[{"taxonomy":"category","embeddable":true,"href":"https:\/\/ramib.org\/oficial\/index.php\/wp-json\/wp\/v2\/categories?post=6136"},{"taxonomy":"post_tag","embeddable":true,"href":"https:\/\/ramib.org\/oficial\/index.php\/wp-json\/wp\/v2\/tags?post=6136"}],"curies":[{"name":"wp","href":"https:\/\/api.w.org\/{rel}","templated":true}]}}