{"id":6132,"date":"2024-11-05T19:15:00","date_gmt":"2024-11-05T19:15:00","guid":{"rendered":"https:\/\/ramib.org\/oficial\/?p=6132"},"modified":"2025-01-20T09:19:20","modified_gmt":"2025-01-20T09:19:20","slug":"6132","status":"publish","type":"post","link":"https:\/\/ramib.org\/oficial\/index.php\/2024\/11\/05\/6132\/?lang=es","title":{"rendered":"12\/11\/2024: Presentaci\u00f3n del libro &#8220;Acerca del C\u00f3lera de 1834 en Menorca. Debates m\u00e9dicos y sensibilidad social\u201d.12\/11\/2024:"},"content":{"rendered":"<div class=\"wp-block-image\">\n<figure class=\"aligncenter size-full is-resized\"><img loading=\"lazy\" decoding=\"async\" width=\"577\" height=\"787\" src=\"https:\/\/ramib.org\/oficial\/wp-content\/uploads\/2024\/11\/Sin-titulo.png\" alt=\"\" class=\"wp-image-6187\" style=\"width:481px;height:auto\" srcset=\"https:\/\/ramib.org\/oficial\/wp-content\/uploads\/2024\/11\/Sin-titulo.png 577w, https:\/\/ramib.org\/oficial\/wp-content\/uploads\/2024\/11\/Sin-titulo-220x300.png 220w, https:\/\/ramib.org\/oficial\/wp-content\/uploads\/2024\/11\/Sin-titulo-308x420.png 308w\" sizes=\"(max-width: 577px) 100vw, 577px\" \/><\/figure><\/div>\n\n\n<p>El pasado martes, 12 de noviembre de 2024, la sede de la Real Academia de Medicina de las Islas Baleares acogi\u00f3 la presentaci\u00f3n del libro &#8220;Acerca del C\u00f3lera de 1834 en Menorca. Debates m\u00e9dicos y sensibilidad social\u201d.<\/p>\n\n\n<div class=\"wp-block-image\">\n<figure class=\"aligncenter size-large\"><img loading=\"lazy\" decoding=\"async\" width=\"1024\" height=\"683\" src=\"https:\/\/ramib.org\/oficial\/wp-content\/uploads\/2024\/11\/Tomas1-1024x683.jpg\" alt=\"\" class=\"wp-image-6175\" srcset=\"https:\/\/ramib.org\/oficial\/wp-content\/uploads\/2024\/11\/Tomas1-1024x683.jpg 1024w, https:\/\/ramib.org\/oficial\/wp-content\/uploads\/2024\/11\/Tomas1-300x200.jpg 300w, https:\/\/ramib.org\/oficial\/wp-content\/uploads\/2024\/11\/Tomas1-768x512.jpg 768w, https:\/\/ramib.org\/oficial\/wp-content\/uploads\/2024\/11\/Tomas1-1536x1024.jpg 1536w, https:\/\/ramib.org\/oficial\/wp-content\/uploads\/2024\/11\/Tomas1-696x464.jpg 696w, https:\/\/ramib.org\/oficial\/wp-content\/uploads\/2024\/11\/Tomas1-1068x712.jpg 1068w, https:\/\/ramib.org\/oficial\/wp-content\/uploads\/2024\/11\/Tomas1-630x420.jpg 630w, https:\/\/ramib.org\/oficial\/wp-content\/uploads\/2024\/11\/Tomas1.jpg 1800w\" sizes=\"(max-width: 1024px) 100vw, 1024px\" \/><\/figure><\/div>\n\n\n<p>Abri\u00f3 el acto el vicepresidente de la RAMIB, M. Il. Sr. Luis Masmiquel Comas, dando la bienvenida a las autoridades, ponentes y al p\u00fablico presente.<\/p>\n\n\n<div class=\"wp-block-image\">\n<figure class=\"aligncenter size-large\"><img loading=\"lazy\" decoding=\"async\" width=\"1024\" height=\"683\" src=\"https:\/\/ramib.org\/oficial\/wp-content\/uploads\/2024\/11\/tomas2-1024x683.jpg\" alt=\"\" class=\"wp-image-6177\" srcset=\"https:\/\/ramib.org\/oficial\/wp-content\/uploads\/2024\/11\/tomas2-1024x683.jpg 1024w, https:\/\/ramib.org\/oficial\/wp-content\/uploads\/2024\/11\/tomas2-300x200.jpg 300w, https:\/\/ramib.org\/oficial\/wp-content\/uploads\/2024\/11\/tomas2-768x512.jpg 768w, https:\/\/ramib.org\/oficial\/wp-content\/uploads\/2024\/11\/tomas2-1536x1024.jpg 1536w, https:\/\/ramib.org\/oficial\/wp-content\/uploads\/2024\/11\/tomas2-696x464.jpg 696w, https:\/\/ramib.org\/oficial\/wp-content\/uploads\/2024\/11\/tomas2-1068x712.jpg 1068w, https:\/\/ramib.org\/oficial\/wp-content\/uploads\/2024\/11\/tomas2-630x420.jpg 630w, https:\/\/ramib.org\/oficial\/wp-content\/uploads\/2024\/11\/tomas2.jpg 1800w\" sizes=\"(max-width: 1024px) 100vw, 1024px\" \/><\/figure><\/div>\n\n\n<p>A continuaci\u00f3n, el vicepresidente otorg\u00f3 la palabra al acad\u00e9mico numerario de la corporaci\u00f3n M. Il. Sr. Antonio Pareja Bezares, prologuista del libro, para hacer una primera presentaci\u00f3n del libro y del autor.<\/p>\n\n\n<div class=\"wp-block-image\">\n<figure class=\"aligncenter size-large\"><img loading=\"lazy\" decoding=\"async\" width=\"1024\" height=\"683\" src=\"https:\/\/ramib.org\/oficial\/wp-content\/uploads\/2024\/11\/tomas3-1024x683.jpg\" alt=\"\" class=\"wp-image-6179\" srcset=\"https:\/\/ramib.org\/oficial\/wp-content\/uploads\/2024\/11\/tomas3-1024x683.jpg 1024w, https:\/\/ramib.org\/oficial\/wp-content\/uploads\/2024\/11\/tomas3-300x200.jpg 300w, https:\/\/ramib.org\/oficial\/wp-content\/uploads\/2024\/11\/tomas3-768x512.jpg 768w, https:\/\/ramib.org\/oficial\/wp-content\/uploads\/2024\/11\/tomas3-1536x1024.jpg 1536w, https:\/\/ramib.org\/oficial\/wp-content\/uploads\/2024\/11\/tomas3-696x464.jpg 696w, https:\/\/ramib.org\/oficial\/wp-content\/uploads\/2024\/11\/tomas3-1068x712.jpg 1068w, https:\/\/ramib.org\/oficial\/wp-content\/uploads\/2024\/11\/tomas3-630x420.jpg 630w, https:\/\/ramib.org\/oficial\/wp-content\/uploads\/2024\/11\/tomas3.jpg 1800w\" sizes=\"(max-width: 1024px) 100vw, 1024px\" \/><\/figure><\/div>\n\n\n<p>Seguidamente el Dr. Pere Salas hizo su intervenci\u00f3n exponiendo varias cuestiones importantes sobre el c\u00f3lera de 1834 expuestas en el libro.<\/p>\n\n\n\n<p>Finalmente el autor del libro, M. Il. Sr. Dr. Mat\u00edas Tom\u00e1s se dirigi\u00f3 al p\u00fablico asistente.<\/p>\n\n\n<div class=\"wp-block-image\">\n<figure class=\"aligncenter size-large\"><img loading=\"lazy\" decoding=\"async\" width=\"1024\" height=\"683\" src=\"https:\/\/ramib.org\/oficial\/wp-content\/uploads\/2024\/11\/tomas4-1024x683.jpg\" alt=\"\" class=\"wp-image-6181\" srcset=\"https:\/\/ramib.org\/oficial\/wp-content\/uploads\/2024\/11\/tomas4-1024x683.jpg 1024w, https:\/\/ramib.org\/oficial\/wp-content\/uploads\/2024\/11\/tomas4-300x200.jpg 300w, https:\/\/ramib.org\/oficial\/wp-content\/uploads\/2024\/11\/tomas4-768x512.jpg 768w, https:\/\/ramib.org\/oficial\/wp-content\/uploads\/2024\/11\/tomas4-1536x1024.jpg 1536w, https:\/\/ramib.org\/oficial\/wp-content\/uploads\/2024\/11\/tomas4-696x464.jpg 696w, https:\/\/ramib.org\/oficial\/wp-content\/uploads\/2024\/11\/tomas4-1068x712.jpg 1068w, https:\/\/ramib.org\/oficial\/wp-content\/uploads\/2024\/11\/tomas4-630x420.jpg 630w, https:\/\/ramib.org\/oficial\/wp-content\/uploads\/2024\/11\/tomas4.jpg 1800w\" sizes=\"(max-width: 1024px) 100vw, 1024px\" \/><\/figure><\/div>\n\n\n<p>Tras licenciarse en Medicina en la Universidad de Barcelona (1986), se doctor\u00f3 en la misma uni\u00adversidad (1992) y ampli\u00f3 estudios despu\u00e9s en el Instituto Pasteur de Par\u00eds y en la Escuela Nacional de Sanidad, de Madrid. Especialista en medicina del trabajo y m\u00e1ster en salud p\u00fablica, dirige el servicio de prevenci\u00f3n y salud laboral de la Administraci\u00f3n auton\u00f3mica de las Islas Baleares.<br>Es investigador del Instituto Universitario de Investigaci\u00f3n en Ciencias de la Salud (IUNICS) de la universidad balear, donde ha dirigido siete tesis doctorales, y profesor de la Escuela de Medicina del Trabajo de la Universidad de Barcelona.<br>En 1998 ingres\u00f3 como acad\u00e9mico de n\u00famero en la Real Academia de Medicina de las Islas Baleares, instituci\u00f3n que presidi\u00f3 entre 2014 y 2022.<br>Es autor de trabajos sobre temas de salud laboral, de reflexi\u00f3n cient\u00edfica e historia de la Medicina, en especial el estudio de las epidemias y los factores sociales que las envuelven. Entre otros libros, ha publicado <em>El foc de sant Antoni a Mallorca. Medi\u00adcina, hist\u00f2ria i societat <\/em>(1996) y <em>Hacia el hombre responsable. Di\u00e1logos sobre evoluci\u00f3n gen\u00e9tica y cultural<\/em> (2005, 2006, 2018), escrito con el Prof. Jean Dausset, premio Nobel de Medicina 1980. Tambi\u00e9n coordin\u00f3 el monogr\u00e1fico <em>Mateu Orfila, entre el poder i el saber<\/em> (2003).<\/p>\n\n\n<div class=\"wp-block-image\">\n<figure class=\"aligncenter size-large\"><img loading=\"lazy\" decoding=\"async\" width=\"1024\" height=\"683\" src=\"https:\/\/ramib.org\/oficial\/wp-content\/uploads\/2024\/11\/tomas6-1024x683.jpg\" alt=\"\" class=\"wp-image-6183\" srcset=\"https:\/\/ramib.org\/oficial\/wp-content\/uploads\/2024\/11\/tomas6-1024x683.jpg 1024w, https:\/\/ramib.org\/oficial\/wp-content\/uploads\/2024\/11\/tomas6-300x200.jpg 300w, https:\/\/ramib.org\/oficial\/wp-content\/uploads\/2024\/11\/tomas6-768x512.jpg 768w, https:\/\/ramib.org\/oficial\/wp-content\/uploads\/2024\/11\/tomas6-1536x1024.jpg 1536w, https:\/\/ramib.org\/oficial\/wp-content\/uploads\/2024\/11\/tomas6-696x464.jpg 696w, https:\/\/ramib.org\/oficial\/wp-content\/uploads\/2024\/11\/tomas6-1068x712.jpg 1068w, https:\/\/ramib.org\/oficial\/wp-content\/uploads\/2024\/11\/tomas6-630x420.jpg 630w, https:\/\/ramib.org\/oficial\/wp-content\/uploads\/2024\/11\/tomas6.jpg 1800w\" sizes=\"(max-width: 1024px) 100vw, 1024px\" \/><\/figure><\/div>\n\n\n<p>En este libro, el Dr. Tom\u00e1s presenta la crisis del c\u00f3lera desde un \u00e1ngulo distinto. Est\u00e1 escrito desde la mirada del m\u00e9dico, recogiendo testimonios sobre la contagiosidad de la enfermedad, su naturaleza, sus inquietudes\u2026 testimonios de vocaci\u00f3n que reflejan que estaban centrados en atender a los enfermos sin preocuparles las derivas pol\u00edticas y econ\u00f3micas del pa\u00eds. Los m\u00e9dicos aparecen como testigos de la vida cient\u00edfica balear y como denunciantes de una realidad social, dolorosamente injusta con las clases m\u00e1s bajas y marginadas.<\/p>\n\n\n\n<p>Una vez finalizada la presentaci\u00f3n se abri\u00f3 el turno abierto de palabra habitual en el que el p\u00fablico pudo plantear varias cuestiones que fueron respondidas por el autor.<\/p>\n\n\n\n<p>Al finalizar el debate el vicepresidente de la corporaci\u00f3n cerr\u00f3 el acto agradeciendo a los presentes su asistencia.<\/p>\n\n\n<div class=\"wp-block-image\">\n<figure class=\"aligncenter size-large\"><img loading=\"lazy\" decoding=\"async\" width=\"1024\" height=\"576\" src=\"https:\/\/ramib.org\/oficial\/wp-content\/uploads\/2024\/11\/tomas7-1024x576.jpg\" alt=\"\" class=\"wp-image-6185\" srcset=\"https:\/\/ramib.org\/oficial\/wp-content\/uploads\/2024\/11\/tomas7-1024x576.jpg 1024w, https:\/\/ramib.org\/oficial\/wp-content\/uploads\/2024\/11\/tomas7-300x169.jpg 300w, https:\/\/ramib.org\/oficial\/wp-content\/uploads\/2024\/11\/tomas7-768x432.jpg 768w, https:\/\/ramib.org\/oficial\/wp-content\/uploads\/2024\/11\/tomas7-1536x864.jpg 1536w, https:\/\/ramib.org\/oficial\/wp-content\/uploads\/2024\/11\/tomas7-696x391.jpg 696w, https:\/\/ramib.org\/oficial\/wp-content\/uploads\/2024\/11\/tomas7-1068x600.jpg 1068w, https:\/\/ramib.org\/oficial\/wp-content\/uploads\/2024\/11\/tomas7-747x420.jpg 747w, https:\/\/ramib.org\/oficial\/wp-content\/uploads\/2024\/11\/tomas7.jpg 1800w\" sizes=\"(max-width: 1024px) 100vw, 1024px\" \/><\/figure><\/div>","protected":false},"excerpt":{"rendered":"<p>El pasado martes, 12 de noviembre de 2024, la sede de la Real Academia de Medicina de las Islas Baleares acogi\u00f3 la presentaci\u00f3n del libro &#8220;Acerca del C\u00f3lera de 1834 [&hellip;]<\/p>\n","protected":false},"author":3,"featured_media":6173,"comment_status":"open","ping_status":"closed","sticky":false,"template":"","format":"standard","meta":{"_monsterinsights_skip_tracking":false,"_monsterinsights_sitenote_active":false,"_monsterinsights_sitenote_note":"","_monsterinsights_sitenote_category":0,"footnotes":""},"categories":[14,24,686,17],"tags":[309,321,1235,1236,1237,285,73,199],"_links":{"self":[{"href":"https:\/\/ramib.org\/oficial\/index.php\/wp-json\/wp\/v2\/posts\/6132"}],"collection":[{"href":"https:\/\/ramib.org\/oficial\/index.php\/wp-json\/wp\/v2\/posts"}],"about":[{"href":"https:\/\/ramib.org\/oficial\/index.php\/wp-json\/wp\/v2\/types\/post"}],"author":[{"embeddable":true,"href":"https:\/\/ramib.org\/oficial\/index.php\/wp-json\/wp\/v2\/users\/3"}],"replies":[{"embeddable":true,"href":"https:\/\/ramib.org\/oficial\/index.php\/wp-json\/wp\/v2\/comments?post=6132"}],"version-history":[{"count":5,"href":"https:\/\/ramib.org\/oficial\/index.php\/wp-json\/wp\/v2\/posts\/6132\/revisions"}],"predecessor-version":[{"id":6311,"href":"https:\/\/ramib.org\/oficial\/index.php\/wp-json\/wp\/v2\/posts\/6132\/revisions\/6311"}],"wp:featuredmedia":[{"embeddable":true,"href":"https:\/\/ramib.org\/oficial\/index.php\/wp-json\/wp\/v2\/media\/6173"}],"wp:attachment":[{"href":"https:\/\/ramib.org\/oficial\/index.php\/wp-json\/wp\/v2\/media?parent=6132"}],"wp:term":[{"taxonomy":"category","embeddable":true,"href":"https:\/\/ramib.org\/oficial\/index.php\/wp-json\/wp\/v2\/categories?post=6132"},{"taxonomy":"post_tag","embeddable":true,"href":"https:\/\/ramib.org\/oficial\/index.php\/wp-json\/wp\/v2\/tags?post=6132"}],"curies":[{"name":"wp","href":"https:\/\/api.w.org\/{rel}","templated":true}]}}