{"id":6127,"date":"2024-11-05T19:15:00","date_gmt":"2024-11-05T19:15:00","guid":{"rendered":"https:\/\/ramib.org\/oficial\/?p=6127"},"modified":"2024-11-23T10:32:39","modified_gmt":"2024-11-23T10:32:39","slug":"6127","status":"publish","type":"post","link":"https:\/\/ramib.org\/oficial\/index.php\/2024\/11\/05\/6127\/","title":{"rendered":"12\/11\/2024: Presentaci\u00f3 del llibre &#8220;Acerca del C\u00f3lera de 1834 en Menorca. Debates m\u00e9dicos y sensibilidad social\u201d."},"content":{"rendered":"<div class=\"wp-block-image\">\n<figure class=\"aligncenter size-full is-resized\"><img loading=\"lazy\" decoding=\"async\" width=\"577\" height=\"787\" src=\"https:\/\/ramib.org\/oficial\/wp-content\/uploads\/2024\/11\/Sin-titulo.png\" alt=\"\" class=\"wp-image-6188\" style=\"width:431px;height:auto\" srcset=\"https:\/\/ramib.org\/oficial\/wp-content\/uploads\/2024\/11\/Sin-titulo.png 577w, https:\/\/ramib.org\/oficial\/wp-content\/uploads\/2024\/11\/Sin-titulo-220x300.png 220w, https:\/\/ramib.org\/oficial\/wp-content\/uploads\/2024\/11\/Sin-titulo-308x420.png 308w\" sizes=\"(max-width: 577px) 100vw, 577px\" \/><\/figure><\/div>\n\n\n<p>Dimarts passat, 12 de novembre de 2024, la seu de la Reial Acad\u00e8mia de Medicina de les Illes Balears va acollir la presentaci\u00f3 del llibre &#8220;Acerca del C\u00f3lera de 1834 en Menorca. Debates m\u00e9dicos y sensibilidad social\u201d.<\/p>\n\n\n<div class=\"wp-block-image\">\n<figure class=\"aligncenter size-large\"><img loading=\"lazy\" decoding=\"async\" width=\"1024\" height=\"683\" src=\"https:\/\/ramib.org\/oficial\/wp-content\/uploads\/2024\/11\/Tomas1-1024x683.jpg\" alt=\"\" class=\"wp-image-6176\" srcset=\"https:\/\/ramib.org\/oficial\/wp-content\/uploads\/2024\/11\/Tomas1-1024x683.jpg 1024w, https:\/\/ramib.org\/oficial\/wp-content\/uploads\/2024\/11\/Tomas1-300x200.jpg 300w, https:\/\/ramib.org\/oficial\/wp-content\/uploads\/2024\/11\/Tomas1-768x512.jpg 768w, https:\/\/ramib.org\/oficial\/wp-content\/uploads\/2024\/11\/Tomas1-1536x1024.jpg 1536w, https:\/\/ramib.org\/oficial\/wp-content\/uploads\/2024\/11\/Tomas1-696x464.jpg 696w, https:\/\/ramib.org\/oficial\/wp-content\/uploads\/2024\/11\/Tomas1-1068x712.jpg 1068w, https:\/\/ramib.org\/oficial\/wp-content\/uploads\/2024\/11\/Tomas1-630x420.jpg 630w, https:\/\/ramib.org\/oficial\/wp-content\/uploads\/2024\/11\/Tomas1.jpg 1800w\" sizes=\"(max-width: 1024px) 100vw, 1024px\" \/><\/figure><\/div>\n\n\n<p>Va obrir l&#8217;acte el vicepresident de la RAMIB, M. Il\u00b7ltre. Sr. Lluis Masmiquel Comas, donant la benvinguda a les autoritats, ponents i al p\u00fablic present.<\/p>\n\n\n<div class=\"wp-block-image\">\n<figure class=\"aligncenter size-large\"><img loading=\"lazy\" decoding=\"async\" width=\"1024\" height=\"683\" src=\"https:\/\/ramib.org\/oficial\/wp-content\/uploads\/2024\/11\/tomas2-1024x683.jpg\" alt=\"\" class=\"wp-image-6178\" srcset=\"https:\/\/ramib.org\/oficial\/wp-content\/uploads\/2024\/11\/tomas2-1024x683.jpg 1024w, https:\/\/ramib.org\/oficial\/wp-content\/uploads\/2024\/11\/tomas2-300x200.jpg 300w, https:\/\/ramib.org\/oficial\/wp-content\/uploads\/2024\/11\/tomas2-768x512.jpg 768w, https:\/\/ramib.org\/oficial\/wp-content\/uploads\/2024\/11\/tomas2-1536x1024.jpg 1536w, https:\/\/ramib.org\/oficial\/wp-content\/uploads\/2024\/11\/tomas2-696x464.jpg 696w, https:\/\/ramib.org\/oficial\/wp-content\/uploads\/2024\/11\/tomas2-1068x712.jpg 1068w, https:\/\/ramib.org\/oficial\/wp-content\/uploads\/2024\/11\/tomas2-630x420.jpg 630w, https:\/\/ramib.org\/oficial\/wp-content\/uploads\/2024\/11\/tomas2.jpg 1800w\" sizes=\"(max-width: 1024px) 100vw, 1024px\" \/><\/figure><\/div>\n\n\n<p>A continuaci\u00f3, el vicepresident va atorgar la paraula a l&#8217;acad\u00e8mic numerari de la corporaci\u00f3 M. Il\u00b7ltre. Sr. Antonio Pareja Bezares, prologuista del llibre, per a fer una primera presentaci\u00f3 del llibre i de l&#8217;autor.<\/p>\n\n\n<div class=\"wp-block-image\">\n<figure class=\"aligncenter size-large\"><img loading=\"lazy\" decoding=\"async\" width=\"1024\" height=\"683\" src=\"https:\/\/ramib.org\/oficial\/wp-content\/uploads\/2024\/11\/tomas3-1024x683.jpg\" alt=\"\" class=\"wp-image-6180\" srcset=\"https:\/\/ramib.org\/oficial\/wp-content\/uploads\/2024\/11\/tomas3-1024x683.jpg 1024w, https:\/\/ramib.org\/oficial\/wp-content\/uploads\/2024\/11\/tomas3-300x200.jpg 300w, https:\/\/ramib.org\/oficial\/wp-content\/uploads\/2024\/11\/tomas3-768x512.jpg 768w, https:\/\/ramib.org\/oficial\/wp-content\/uploads\/2024\/11\/tomas3-1536x1024.jpg 1536w, https:\/\/ramib.org\/oficial\/wp-content\/uploads\/2024\/11\/tomas3-696x464.jpg 696w, https:\/\/ramib.org\/oficial\/wp-content\/uploads\/2024\/11\/tomas3-1068x712.jpg 1068w, https:\/\/ramib.org\/oficial\/wp-content\/uploads\/2024\/11\/tomas3-630x420.jpg 630w, https:\/\/ramib.org\/oficial\/wp-content\/uploads\/2024\/11\/tomas3.jpg 1800w\" sizes=\"(max-width: 1024px) 100vw, 1024px\" \/><\/figure><\/div>\n\n\n<p>Seguidament el Dr. Pere Salas Vives va fer la seva intervenci\u00f3 exposant diverses q\u00fcestions importants sobre el c\u00f2lera de 1834 exposades en el llibre.<\/p>\n\n\n\n<p>Finalment l&#8217;autor del llibre, M. Il\u00b7ltre. Sr. Dr. Mat\u00edas Tom\u00e0s Salv\u00e0 es va dirigir al p\u00fablic assistent.<\/p>\n\n\n<div class=\"wp-block-image\">\n<figure class=\"aligncenter size-large\"><img loading=\"lazy\" decoding=\"async\" width=\"1024\" height=\"683\" src=\"https:\/\/ramib.org\/oficial\/wp-content\/uploads\/2024\/11\/tomas4-1024x683.jpg\" alt=\"\" class=\"wp-image-6182\" srcset=\"https:\/\/ramib.org\/oficial\/wp-content\/uploads\/2024\/11\/tomas4-1024x683.jpg 1024w, https:\/\/ramib.org\/oficial\/wp-content\/uploads\/2024\/11\/tomas4-300x200.jpg 300w, https:\/\/ramib.org\/oficial\/wp-content\/uploads\/2024\/11\/tomas4-768x512.jpg 768w, https:\/\/ramib.org\/oficial\/wp-content\/uploads\/2024\/11\/tomas4-1536x1024.jpg 1536w, https:\/\/ramib.org\/oficial\/wp-content\/uploads\/2024\/11\/tomas4-696x464.jpg 696w, https:\/\/ramib.org\/oficial\/wp-content\/uploads\/2024\/11\/tomas4-1068x712.jpg 1068w, https:\/\/ramib.org\/oficial\/wp-content\/uploads\/2024\/11\/tomas4-630x420.jpg 630w, https:\/\/ramib.org\/oficial\/wp-content\/uploads\/2024\/11\/tomas4.jpg 1800w\" sizes=\"(max-width: 1024px) 100vw, 1024px\" \/><\/figure><\/div>\n\n\n<p>Despr\u00e9s de llicenciar-se en Medicina en la Universitat de Barcelona (1986), es va doctorar en la mateixa universitat (1992) i va ampliar estudis despr\u00e9s en l&#8217;Institut Pasteur de Par\u00eds i a l&#8217;Escola Nacional de Sanitat de Madrid. Especialista en medicina del treball i m\u00e0ster en salut p\u00fablica, dirigeix el servei de prevenci\u00f3 i salut laboral de l&#8217;Administraci\u00f3 auton\u00f2mica de les illes Balears.<\/p>\n\n\n\n<p>\u00c9s investigador de l&#8217;Institut Universitari de Recerca en Ci\u00e8ncies de la Salut (IUNICS) de la universitat balear, on ha dirigit set tesis doctorals, i professor de l&#8217;Escola de Medicina del Treball de la Universitat de Barcelona.<\/p>\n\n\n\n<p>En 1998 va ingressar com a acad\u00e8mic de n\u00famero en la Reial Acad\u00e8mia de Medicina de les illes Balears, instituci\u00f3 que va presidir entre 2014 i 2022.<\/p>\n\n\n\n<p>\u00c9s autor de treballs sobre temes de salut laboral, de reflexi\u00f3 cient\u00edfica i hist\u00f2ria de la Medicina, especialment l&#8217;estudi de les epid\u00e8mies i els factors socials que les emboliquen. Entre altres llibres, ha publicat El foc de sant Antoni a Mallorca. Medicina, hist\u00f2ria i societat (1996) i Cap a l&#8217;home responsable. Di\u00e0legs sobre evoluci\u00f3 gen\u00e8tica i cultural (2005, 2006, 2018), escrit amb el Prof. Jean Dausset, premi Nobel de Medicina 1980. Tamb\u00e9 va coordinar el monogr\u00e0fic Mateu Orfila, entre el poder i el saber (2003).<\/p>\n\n\n<div class=\"wp-block-image\">\n<figure class=\"aligncenter size-large\"><img loading=\"lazy\" decoding=\"async\" width=\"1024\" height=\"683\" src=\"https:\/\/ramib.org\/oficial\/wp-content\/uploads\/2024\/11\/tomas6-1024x683.jpg\" alt=\"\" class=\"wp-image-6184\" srcset=\"https:\/\/ramib.org\/oficial\/wp-content\/uploads\/2024\/11\/tomas6-1024x683.jpg 1024w, https:\/\/ramib.org\/oficial\/wp-content\/uploads\/2024\/11\/tomas6-300x200.jpg 300w, https:\/\/ramib.org\/oficial\/wp-content\/uploads\/2024\/11\/tomas6-768x512.jpg 768w, https:\/\/ramib.org\/oficial\/wp-content\/uploads\/2024\/11\/tomas6-1536x1024.jpg 1536w, https:\/\/ramib.org\/oficial\/wp-content\/uploads\/2024\/11\/tomas6-696x464.jpg 696w, https:\/\/ramib.org\/oficial\/wp-content\/uploads\/2024\/11\/tomas6-1068x712.jpg 1068w, https:\/\/ramib.org\/oficial\/wp-content\/uploads\/2024\/11\/tomas6-630x420.jpg 630w, https:\/\/ramib.org\/oficial\/wp-content\/uploads\/2024\/11\/tomas6.jpg 1800w\" sizes=\"(max-width: 1024px) 100vw, 1024px\" \/><\/figure><\/div>\n\n\n<p>En aquest llibre, el Dr. Tom\u00e1s presenta la crisi del c\u00f2lera des d&#8217;un angle distint. Est\u00e0 escrit des de la mirada del metge, recollint testimoniatges sobre la contagiositat de la malaltia, la seva naturalesa, les seves inquietuds\u2026 testimoniatges de vocaci\u00f3 que reflecteixen que estaven centrats en atendre els malalts sense preocupar-los les derives pol\u00edtiques i econ\u00f2miques del pa\u00eds. Els metges apareixen com a testimonis de la vida cient\u00edfica balear i com a denunciants d&#8217;una realitat social, dolorosament injusta amb les classes m\u00e9s baixes i marginades.<\/p>\n\n\n\n<p>Una vegada finalitzada la presentaci\u00f3 es va obrir el torn obert de paraula habitual en el qual el p\u00fablic va poder plantejar diverses q\u00fcestions que van ser respostes per l&#8217;autor.<\/p>\n\n\n\n<p>En finalitzar el debat el vicepresident de la corporaci\u00f3 va tancar l&#8217;acte agraint als presents la seva assist\u00e8ncia.<\/p>\n\n\n<div class=\"wp-block-image\">\n<figure class=\"aligncenter size-large\"><img loading=\"lazy\" decoding=\"async\" width=\"1024\" height=\"576\" src=\"https:\/\/ramib.org\/oficial\/wp-content\/uploads\/2024\/11\/tomas7-1024x576.jpg\" alt=\"\" class=\"wp-image-6186\" srcset=\"https:\/\/ramib.org\/oficial\/wp-content\/uploads\/2024\/11\/tomas7-1024x576.jpg 1024w, https:\/\/ramib.org\/oficial\/wp-content\/uploads\/2024\/11\/tomas7-300x169.jpg 300w, https:\/\/ramib.org\/oficial\/wp-content\/uploads\/2024\/11\/tomas7-768x432.jpg 768w, https:\/\/ramib.org\/oficial\/wp-content\/uploads\/2024\/11\/tomas7-1536x864.jpg 1536w, https:\/\/ramib.org\/oficial\/wp-content\/uploads\/2024\/11\/tomas7-696x391.jpg 696w, https:\/\/ramib.org\/oficial\/wp-content\/uploads\/2024\/11\/tomas7-1068x600.jpg 1068w, https:\/\/ramib.org\/oficial\/wp-content\/uploads\/2024\/11\/tomas7-747x420.jpg 747w, https:\/\/ramib.org\/oficial\/wp-content\/uploads\/2024\/11\/tomas7.jpg 1800w\" sizes=\"(max-width: 1024px) 100vw, 1024px\" \/><\/figure><\/div>","protected":false},"excerpt":{"rendered":"<p>Dimarts passat, 12 de novembre de 2024, la seu de la Reial Acad\u00e8mia de Medicina de les Illes Balears va acollir la presentaci\u00f3 del llibre &#8220;Acerca del C\u00f3lera de 1834 [&hellip;]<\/p>\n","protected":false},"author":3,"featured_media":6174,"comment_status":"open","ping_status":"closed","sticky":false,"template":"","format":"standard","meta":{"_monsterinsights_skip_tracking":false,"_monsterinsights_sitenote_active":false,"_monsterinsights_sitenote_note":"","_monsterinsights_sitenote_category":0,"footnotes":""},"categories":[14,24,686],"tags":[1231,309,1229,1232,285,199,1228,1227],"_links":{"self":[{"href":"https:\/\/ramib.org\/oficial\/index.php\/wp-json\/wp\/v2\/posts\/6127"}],"collection":[{"href":"https:\/\/ramib.org\/oficial\/index.php\/wp-json\/wp\/v2\/posts"}],"about":[{"href":"https:\/\/ramib.org\/oficial\/index.php\/wp-json\/wp\/v2\/types\/post"}],"author":[{"embeddable":true,"href":"https:\/\/ramib.org\/oficial\/index.php\/wp-json\/wp\/v2\/users\/3"}],"replies":[{"embeddable":true,"href":"https:\/\/ramib.org\/oficial\/index.php\/wp-json\/wp\/v2\/comments?post=6127"}],"version-history":[{"count":2,"href":"https:\/\/ramib.org\/oficial\/index.php\/wp-json\/wp\/v2\/posts\/6127\/revisions"}],"predecessor-version":[{"id":6193,"href":"https:\/\/ramib.org\/oficial\/index.php\/wp-json\/wp\/v2\/posts\/6127\/revisions\/6193"}],"wp:featuredmedia":[{"embeddable":true,"href":"https:\/\/ramib.org\/oficial\/index.php\/wp-json\/wp\/v2\/media\/6174"}],"wp:attachment":[{"href":"https:\/\/ramib.org\/oficial\/index.php\/wp-json\/wp\/v2\/media?parent=6127"}],"wp:term":[{"taxonomy":"category","embeddable":true,"href":"https:\/\/ramib.org\/oficial\/index.php\/wp-json\/wp\/v2\/categories?post=6127"},{"taxonomy":"post_tag","embeddable":true,"href":"https:\/\/ramib.org\/oficial\/index.php\/wp-json\/wp\/v2\/tags?post=6127"}],"curies":[{"name":"wp","href":"https:\/\/api.w.org\/{rel}","templated":true}]}}