{"id":6060,"date":"2024-09-25T18:27:50","date_gmt":"2024-09-25T18:27:50","guid":{"rendered":"https:\/\/ramib.org\/oficial\/?p=6060"},"modified":"2024-10-06T10:13:03","modified_gmt":"2024-10-06T10:13:03","slug":"6060","status":"publish","type":"post","link":"https:\/\/ramib.org\/oficial\/index.php\/2024\/09\/25\/6060\/","title":{"rendered":"01\/10\/2024: Projecte Auton\u00f2mic de Reconstrucci\u00f3 Mam\u00e0ria a Balears"},"content":{"rendered":"\n<p>Dimarts passat, 1 d&#8217;octubre de 2024, la seu de la Reial Acad\u00e8mia de Medicina dels Illes Balears va acollir la sessi\u00f3 cient\u00edfica &#8220;Projecte Auton\u00f2mic de Reconstrucci\u00f3 Mam\u00e0ria a Balears\u201d.<\/p>\n\n\n\n<p>La sessi\u00f3 va ser duta a terme pel Dr. Jaume Estrada Cuxart, Cap del Servei de Cirurgia de l&#8217;Hospital Universitari S\u00f3n Espases.<\/p>\n\n\n\n<figure class=\"wp-block-image size-large\"><img loading=\"lazy\" decoding=\"async\" width=\"1024\" height=\"683\" src=\"https:\/\/ramib.org\/oficial\/wp-content\/uploads\/2024\/09\/estrada1-1024x683.jpg\" alt=\"\" class=\"wp-image-6089\" srcset=\"https:\/\/ramib.org\/oficial\/wp-content\/uploads\/2024\/09\/estrada1-1024x683.jpg 1024w, https:\/\/ramib.org\/oficial\/wp-content\/uploads\/2024\/09\/estrada1-300x200.jpg 300w, https:\/\/ramib.org\/oficial\/wp-content\/uploads\/2024\/09\/estrada1-768x512.jpg 768w, https:\/\/ramib.org\/oficial\/wp-content\/uploads\/2024\/09\/estrada1-696x464.jpg 696w, https:\/\/ramib.org\/oficial\/wp-content\/uploads\/2024\/09\/estrada1-1068x712.jpg 1068w, https:\/\/ramib.org\/oficial\/wp-content\/uploads\/2024\/09\/estrada1-630x420.jpg 630w, https:\/\/ramib.org\/oficial\/wp-content\/uploads\/2024\/09\/estrada1.jpg 1380w\" sizes=\"(max-width: 1024px) 100vw, 1024px\" \/><\/figure>\n\n\n\n<p>Va obrir l&#8217;acte el president de la RAMIB, Excm. Sr. Joan Besalduch Vidal, donant la benvinguda a les autoritats, ponents i al p\u00fablic present.<\/p>\n\n\n\n<p>A continuaci\u00f3, l&#8217;acad\u00e8mic numerari M. Il\u00b7ltre. Sr. Rafael Morales Soriano, va procedir a presentar al ponent i va exposar un breu resum del seu curr\u00edculum.<\/p>\n\n\n<div class=\"wp-block-image\">\n<figure class=\"aligncenter size-large\"><img loading=\"lazy\" decoding=\"async\" width=\"1024\" height=\"683\" src=\"https:\/\/ramib.org\/oficial\/wp-content\/uploads\/2024\/09\/Estrada2-1024x683.jpg\" alt=\"\" class=\"wp-image-6091\" srcset=\"https:\/\/ramib.org\/oficial\/wp-content\/uploads\/2024\/09\/Estrada2-1024x683.jpg 1024w, https:\/\/ramib.org\/oficial\/wp-content\/uploads\/2024\/09\/Estrada2-300x200.jpg 300w, https:\/\/ramib.org\/oficial\/wp-content\/uploads\/2024\/09\/Estrada2-768x512.jpg 768w, https:\/\/ramib.org\/oficial\/wp-content\/uploads\/2024\/09\/Estrada2-696x464.jpg 696w, https:\/\/ramib.org\/oficial\/wp-content\/uploads\/2024\/09\/Estrada2-1068x712.jpg 1068w, https:\/\/ramib.org\/oficial\/wp-content\/uploads\/2024\/09\/Estrada2-630x420.jpg 630w, https:\/\/ramib.org\/oficial\/wp-content\/uploads\/2024\/09\/Estrada2.jpg 1380w\" sizes=\"(max-width: 1024px) 100vw, 1024px\" \/><\/figure><\/div>\n\n\n<p>El Dr. Estrada va exposar que en l&#8217;actualitat es considera la reconstrucci\u00f3 mam\u00e0ria part integral del tractament del c\u00e0ncer de mama. Tradicionalment en els Illes Balears no hi havia possibilitat d&#8217;accedir a la cirurgia reconstructiva en diversos centres de la xarxa sanit\u00e0ria p\u00fablica.<\/p>\n\n\n\n<p>Des de novembre de 2018 i de manera progressiva el servei de Cirurgia Pl\u00e0stica ha implementat acords de col\u00b7laboraci\u00f3 amb altres hospitals de la comunitat aut\u00f2noma d&#8217;Illes Balears. Aix\u00f2 ha perm\u00e8s l&#8217;acc\u00e9s universal de les pacients amb c\u00e0ncer de mama a la reconstrucci\u00f3 mam\u00e0ria. Presentem aquest projecte auton\u00f2mic amb dades assistencials com a exemple d&#8217;aprofitament de recursos i qualitat assistencial.<\/p>\n\n\n<div class=\"wp-block-image\">\n<figure class=\"aligncenter size-large\"><img loading=\"lazy\" decoding=\"async\" width=\"1024\" height=\"683\" src=\"https:\/\/ramib.org\/oficial\/wp-content\/uploads\/2024\/09\/estrada4-1024x683.jpg\" alt=\"\" class=\"wp-image-6095\" srcset=\"https:\/\/ramib.org\/oficial\/wp-content\/uploads\/2024\/09\/estrada4-1024x683.jpg 1024w, https:\/\/ramib.org\/oficial\/wp-content\/uploads\/2024\/09\/estrada4-300x200.jpg 300w, https:\/\/ramib.org\/oficial\/wp-content\/uploads\/2024\/09\/estrada4-768x512.jpg 768w, https:\/\/ramib.org\/oficial\/wp-content\/uploads\/2024\/09\/estrada4-696x464.jpg 696w, https:\/\/ramib.org\/oficial\/wp-content\/uploads\/2024\/09\/estrada4-1068x712.jpg 1068w, https:\/\/ramib.org\/oficial\/wp-content\/uploads\/2024\/09\/estrada4-630x420.jpg 630w, https:\/\/ramib.org\/oficial\/wp-content\/uploads\/2024\/09\/estrada4.jpg 1380w\" sizes=\"(max-width: 1024px) 100vw, 1024px\" \/><\/figure><\/div>\n\n\n<p>Avui dia Cirurgia Pl\u00e0stica de Son Espases fa reconstruccions a Manacor, Inca, Can Misses i estem coordinats amb Mateu Orfila encara que la doctora d&#8217;all\u00ed no dep\u00e8n de nosaltres. S\u00f3n Ll\u00e0tzer tenen el seu propi equip.<\/p>\n\n\n<div class=\"wp-block-image\">\n<figure class=\"aligncenter size-large\"><img loading=\"lazy\" decoding=\"async\" width=\"1024\" height=\"683\" src=\"https:\/\/ramib.org\/oficial\/wp-content\/uploads\/2024\/09\/estrada5-1024x683.jpg\" alt=\"\" class=\"wp-image-6097\" srcset=\"https:\/\/ramib.org\/oficial\/wp-content\/uploads\/2024\/09\/estrada5-1024x683.jpg 1024w, https:\/\/ramib.org\/oficial\/wp-content\/uploads\/2024\/09\/estrada5-300x200.jpg 300w, https:\/\/ramib.org\/oficial\/wp-content\/uploads\/2024\/09\/estrada5-768x512.jpg 768w, https:\/\/ramib.org\/oficial\/wp-content\/uploads\/2024\/09\/estrada5-696x464.jpg 696w, https:\/\/ramib.org\/oficial\/wp-content\/uploads\/2024\/09\/estrada5-1068x712.jpg 1068w, https:\/\/ramib.org\/oficial\/wp-content\/uploads\/2024\/09\/estrada5-630x420.jpg 630w, https:\/\/ramib.org\/oficial\/wp-content\/uploads\/2024\/09\/estrada5.jpg 1380w\" sizes=\"(max-width: 1024px) 100vw, 1024px\" \/><\/figure><\/div>\n\n\n<p>Tamb\u00e9 va comentar la import\u00e0ncia d&#8217;optimitzar recursos amb un sol servei hospitalari per a donar la mateixa qualitat quir\u00fargica i reconstructiva a diferents pacients de Mallorca i que sigui una idea homog\u00e8nia en els mateixos llocs.<\/p>\n\n\n\n<p>En els \u00faltims tres anys (2021, 2022 i 2023) aquest equip ha intervingut a 403 pacients a Son Espases de casos aguts amb c\u00e0ncer. S\u00f3n persones en les quals ha participat cirurgia pl\u00e0stica, despr\u00e9s hi ha unes altres que no necessiten reconstrucci\u00f3 o temes en els quals no actuem. I fora d&#8217;aquest hospital han estat 210 pacients.<\/p>\n\n\n<div class=\"wp-block-image\">\n<figure class=\"aligncenter size-large\"><img loading=\"lazy\" decoding=\"async\" width=\"1024\" height=\"683\" src=\"https:\/\/ramib.org\/oficial\/wp-content\/uploads\/2024\/09\/estrada3-1024x683.jpg\" alt=\"\" class=\"wp-image-6093\" srcset=\"https:\/\/ramib.org\/oficial\/wp-content\/uploads\/2024\/09\/estrada3-1024x683.jpg 1024w, https:\/\/ramib.org\/oficial\/wp-content\/uploads\/2024\/09\/estrada3-300x200.jpg 300w, https:\/\/ramib.org\/oficial\/wp-content\/uploads\/2024\/09\/estrada3-768x512.jpg 768w, https:\/\/ramib.org\/oficial\/wp-content\/uploads\/2024\/09\/estrada3-696x464.jpg 696w, https:\/\/ramib.org\/oficial\/wp-content\/uploads\/2024\/09\/estrada3-1068x712.jpg 1068w, https:\/\/ramib.org\/oficial\/wp-content\/uploads\/2024\/09\/estrada3-630x420.jpg 630w, https:\/\/ramib.org\/oficial\/wp-content\/uploads\/2024\/09\/estrada3.jpg 1380w\" sizes=\"(max-width: 1024px) 100vw, 1024px\" \/><\/figure><\/div>\n\n\n<p>Hi ha dos tractaments quir\u00fargics. Un \u00e9s de cirurgia conservadora i un altre oncopl\u00e0stica que permet un millor resultat. En els casos de mastectomia es poden fer implants o per penjolls, \u00e9s a dir, amb teixits de la pr\u00f2pia pacient. Som molt partidaris d&#8217;aquest cas i \u00e9s el que fem en major proporci\u00f3.<\/p>\n\n\n\n<p>Una vegada finalitzada la pon\u00e8ncia es va obrir el torn obert de paraula habitual en el qual el p\u00fablic va poder plantejar diverses q\u00fcestions que van ser respostes pel ponent.<\/p>\n\n\n\n<figure class=\"wp-block-image size-large\"><img loading=\"lazy\" decoding=\"async\" width=\"1024\" height=\"683\" src=\"https:\/\/ramib.org\/oficial\/wp-content\/uploads\/2024\/09\/estrada6-1024x683.jpg\" alt=\"\" class=\"wp-image-6099\" srcset=\"https:\/\/ramib.org\/oficial\/wp-content\/uploads\/2024\/09\/estrada6-1024x683.jpg 1024w, https:\/\/ramib.org\/oficial\/wp-content\/uploads\/2024\/09\/estrada6-300x200.jpg 300w, https:\/\/ramib.org\/oficial\/wp-content\/uploads\/2024\/09\/estrada6-768x512.jpg 768w, https:\/\/ramib.org\/oficial\/wp-content\/uploads\/2024\/09\/estrada6-696x464.jpg 696w, https:\/\/ramib.org\/oficial\/wp-content\/uploads\/2024\/09\/estrada6-1068x712.jpg 1068w, https:\/\/ramib.org\/oficial\/wp-content\/uploads\/2024\/09\/estrada6-630x420.jpg 630w, https:\/\/ramib.org\/oficial\/wp-content\/uploads\/2024\/09\/estrada6.jpg 1380w\" sizes=\"(max-width: 1024px) 100vw, 1024px\" \/><\/figure>\n\n\n\n<p>En finalitzar el debat el president de la corporaci\u00f3 va tancar l&#8217;acte agraint al ponent la seva magn\u00edfica pon\u00e8ncia.<\/p>\n\n\n\n<p>La sessi\u00f3 cient\u00edfica es pot visualitzar de manera \u00edntegra en el seg\u00fcent enlla\u00e7:<\/p>\n\n\n<div class=\"wp-block-image\">\n<figure class=\"aligncenter size-large\"><img loading=\"lazy\" decoding=\"async\" width=\"1024\" height=\"683\" src=\"https:\/\/ramib.org\/oficial\/wp-content\/uploads\/2024\/09\/estrada7-1024x683.jpg\" alt=\"\" class=\"wp-image-6101\" srcset=\"https:\/\/ramib.org\/oficial\/wp-content\/uploads\/2024\/09\/estrada7-1024x683.jpg 1024w, https:\/\/ramib.org\/oficial\/wp-content\/uploads\/2024\/09\/estrada7-300x200.jpg 300w, https:\/\/ramib.org\/oficial\/wp-content\/uploads\/2024\/09\/estrada7-768x512.jpg 768w, https:\/\/ramib.org\/oficial\/wp-content\/uploads\/2024\/09\/estrada7-696x464.jpg 696w, https:\/\/ramib.org\/oficial\/wp-content\/uploads\/2024\/09\/estrada7-1068x712.jpg 1068w, https:\/\/ramib.org\/oficial\/wp-content\/uploads\/2024\/09\/estrada7-630x420.jpg 630w, https:\/\/ramib.org\/oficial\/wp-content\/uploads\/2024\/09\/estrada7.jpg 1380w\" sizes=\"(max-width: 1024px) 100vw, 1024px\" \/><\/figure><\/div>\n\n\n<p>Pot visualitzar la sessi\u00f3 cient\u00edfica en el canal de youtube de la corporaci\u00f3: <a href=\"https:\/\/www.youtube.com\/watch?v=uZYFTJDbh2U\">https:\/\/www.youtube.com\/watch?v=uZYFTJDbh2U<\/a><\/p>\n\n\n\n<p><\/p>\n","protected":false},"excerpt":{"rendered":"<p>Dimarts passat, 1 d&#8217;octubre de 2024, la seu de la Reial Acad\u00e8mia de Medicina dels Illes Balears va acollir la sessi\u00f3 cient\u00edfica &#8220;Projecte Auton\u00f2mic de Reconstrucci\u00f3 Mam\u00e0ria a Balears\u201d. La [&hellip;]<\/p>\n","protected":false},"author":3,"featured_media":6103,"comment_status":"open","ping_status":"closed","sticky":false,"template":"","format":"standard","meta":{"_monsterinsights_skip_tracking":false,"_monsterinsights_sitenote_active":false,"_monsterinsights_sitenote_note":"","_monsterinsights_sitenote_category":0,"footnotes":""},"categories":[14,24,686,17],"tags":[266,1209,1213,309,1212,1191,1211,1207,638],"_links":{"self":[{"href":"https:\/\/ramib.org\/oficial\/index.php\/wp-json\/wp\/v2\/posts\/6060"}],"collection":[{"href":"https:\/\/ramib.org\/oficial\/index.php\/wp-json\/wp\/v2\/posts"}],"about":[{"href":"https:\/\/ramib.org\/oficial\/index.php\/wp-json\/wp\/v2\/types\/post"}],"author":[{"embeddable":true,"href":"https:\/\/ramib.org\/oficial\/index.php\/wp-json\/wp\/v2\/users\/3"}],"replies":[{"embeddable":true,"href":"https:\/\/ramib.org\/oficial\/index.php\/wp-json\/wp\/v2\/comments?post=6060"}],"version-history":[{"count":4,"href":"https:\/\/ramib.org\/oficial\/index.php\/wp-json\/wp\/v2\/posts\/6060\/revisions"}],"predecessor-version":[{"id":6113,"href":"https:\/\/ramib.org\/oficial\/index.php\/wp-json\/wp\/v2\/posts\/6060\/revisions\/6113"}],"wp:featuredmedia":[{"embeddable":true,"href":"https:\/\/ramib.org\/oficial\/index.php\/wp-json\/wp\/v2\/media\/6103"}],"wp:attachment":[{"href":"https:\/\/ramib.org\/oficial\/index.php\/wp-json\/wp\/v2\/media?parent=6060"}],"wp:term":[{"taxonomy":"category","embeddable":true,"href":"https:\/\/ramib.org\/oficial\/index.php\/wp-json\/wp\/v2\/categories?post=6060"},{"taxonomy":"post_tag","embeddable":true,"href":"https:\/\/ramib.org\/oficial\/index.php\/wp-json\/wp\/v2\/tags?post=6060"}],"curies":[{"name":"wp","href":"https:\/\/api.w.org\/{rel}","templated":true}]}}