{"id":5937,"date":"2024-05-28T19:00:00","date_gmt":"2024-05-28T19:00:00","guid":{"rendered":"https:\/\/ramib.org\/oficial\/?p=5937"},"modified":"2024-06-08T19:50:07","modified_gmt":"2024-06-08T19:50:07","slug":"5937","status":"publish","type":"post","link":"https:\/\/ramib.org\/oficial\/index.php\/2024\/05\/28\/5937\/","title":{"rendered":"04\/06\/2024: GETomics: una breu hist\u00f2ria del temps"},"content":{"rendered":"\n<p>Dia 4 de juny de 2024 es va celebrar en la seu acad\u00e8mica de Can Campaner la sessi\u00f3 cient\u00edfica \u201cGETomics: una breu hist\u00f2ria del temps&#8221;.<\/p>\n\n\n\n<p>La sessi\u00f3 va ser duta a terme pel Dr. \u00c0lvar Agust\u00ed Garcia-Navarro, Catedr\u00e0tic de Medicina de la Universitat de Barcelona i Consultor senior del Clinic Barcelona.<\/p>\n\n\n<div class=\"wp-block-image\">\n<figure class=\"aligncenter size-large\"><img loading=\"lazy\" decoding=\"async\" width=\"1024\" height=\"683\" src=\"https:\/\/ramib.org\/oficial\/wp-content\/uploads\/2024\/05\/alvaragusti1-1024x683.jpg\" alt=\"\" class=\"wp-image-5978\" srcset=\"https:\/\/ramib.org\/oficial\/wp-content\/uploads\/2024\/05\/alvaragusti1-1024x683.jpg 1024w, https:\/\/ramib.org\/oficial\/wp-content\/uploads\/2024\/05\/alvaragusti1-300x200.jpg 300w, https:\/\/ramib.org\/oficial\/wp-content\/uploads\/2024\/05\/alvaragusti1-768x512.jpg 768w, https:\/\/ramib.org\/oficial\/wp-content\/uploads\/2024\/05\/alvaragusti1-696x464.jpg 696w, https:\/\/ramib.org\/oficial\/wp-content\/uploads\/2024\/05\/alvaragusti1-1068x712.jpg 1068w, https:\/\/ramib.org\/oficial\/wp-content\/uploads\/2024\/05\/alvaragusti1-630x420.jpg 630w, https:\/\/ramib.org\/oficial\/wp-content\/uploads\/2024\/05\/alvaragusti1.jpg 1335w\" sizes=\"(max-width: 1024px) 100vw, 1024px\" \/><\/figure><\/div>\n\n\n<p>Va obrir l&#8217;acte el vicepresident de la RAMIB, M. Il\u00b7ltre. Sr. Lluis Masmiquel Comas, donant la benvinguda i agraint la seva assist\u00e8ncia al ponent, a les autoritats i al p\u00fablic present.<\/p>\n\n\n<div class=\"wp-block-image\">\n<figure class=\"aligncenter size-large\"><img loading=\"lazy\" decoding=\"async\" width=\"1024\" height=\"683\" src=\"https:\/\/ramib.org\/oficial\/wp-content\/uploads\/2024\/05\/alvaragusti2-1024x683.jpg\" alt=\"\" class=\"wp-image-5980\" srcset=\"https:\/\/ramib.org\/oficial\/wp-content\/uploads\/2024\/05\/alvaragusti2-1024x683.jpg 1024w, https:\/\/ramib.org\/oficial\/wp-content\/uploads\/2024\/05\/alvaragusti2-300x200.jpg 300w, https:\/\/ramib.org\/oficial\/wp-content\/uploads\/2024\/05\/alvaragusti2-768x512.jpg 768w, https:\/\/ramib.org\/oficial\/wp-content\/uploads\/2024\/05\/alvaragusti2-696x464.jpg 696w, https:\/\/ramib.org\/oficial\/wp-content\/uploads\/2024\/05\/alvaragusti2-1068x712.jpg 1068w, https:\/\/ramib.org\/oficial\/wp-content\/uploads\/2024\/05\/alvaragusti2-630x420.jpg 630w, https:\/\/ramib.org\/oficial\/wp-content\/uploads\/2024\/05\/alvaragusti2.jpg 1344w\" sizes=\"(max-width: 1024px) 100vw, 1024px\" \/><\/figure><\/div>\n\n\n<p>La presentaci\u00f3 del ponent va ser duta a terme per l&#8217;acad\u00e8mic numerari M. Il\u00b7ltre. Sr. Josep Francesc Forteza Albert\u00ed.<\/p>\n\n\n<div class=\"wp-block-image\">\n<figure class=\"aligncenter size-large\"><img loading=\"lazy\" decoding=\"async\" width=\"1024\" height=\"683\" src=\"https:\/\/ramib.org\/oficial\/wp-content\/uploads\/2024\/05\/alvaragusti7-1024x683.jpg\" alt=\"\" class=\"wp-image-5990\" srcset=\"https:\/\/ramib.org\/oficial\/wp-content\/uploads\/2024\/05\/alvaragusti7-1024x683.jpg 1024w, https:\/\/ramib.org\/oficial\/wp-content\/uploads\/2024\/05\/alvaragusti7-300x200.jpg 300w, https:\/\/ramib.org\/oficial\/wp-content\/uploads\/2024\/05\/alvaragusti7-768x512.jpg 768w, https:\/\/ramib.org\/oficial\/wp-content\/uploads\/2024\/05\/alvaragusti7-696x464.jpg 696w, https:\/\/ramib.org\/oficial\/wp-content\/uploads\/2024\/05\/alvaragusti7-1068x712.jpg 1068w, https:\/\/ramib.org\/oficial\/wp-content\/uploads\/2024\/05\/alvaragusti7-630x420.jpg 630w, https:\/\/ramib.org\/oficial\/wp-content\/uploads\/2024\/05\/alvaragusti7.jpg 1335w\" sizes=\"(max-width: 1024px) 100vw, 1024px\" \/><\/figure><\/div>\n\n\n<p>El Dr. Agust\u00ed va exposar que tradicionalment, ha existit el concepte GEnomics per a referir-se a la combinaci\u00f3 i la interacci\u00f3 de la c\u00e0rrega gen\u00e8tica -G- i els factors ambientals i de l&#8217;entorn -E- per a explicar les malalties humanes. No obstant aix\u00f2, ha aparegut un nou concepte, GETomics, que incorpora la T de temps, l&#8217;edat. Per exemple, en una infecci\u00f3, no \u00e9s la mateixa la seva afectaci\u00f3 a un nen que a un anci\u00e0. Ho hem vist recentment amb la COVID-19, amb una m\u00ednima incid\u00e8ncia en nens i una alta mortalitat entre les persones majors. Els nens desenvolupen el seu sistema immunitari, mentre que baixa en les persones majors. Un exemple: hist\u00f2ricament, el virus respiratori sincitial (VRS) ha estat relacionat amb nens i la bronquiolitis, causa de moltes urg\u00e8ncies pedi\u00e0triques. La tecnologia ha descobert recentment que molts adults tenen VRS. El temps importa, no tot s\u00f3n virus i gens.<\/p>\n\n\n<div class=\"wp-block-image\">\n<figure class=\"aligncenter size-large\"><img loading=\"lazy\" decoding=\"async\" width=\"1024\" height=\"683\" src=\"https:\/\/ramib.org\/oficial\/wp-content\/uploads\/2024\/05\/alvaragusti5-1024x683.jpg\" alt=\"\" class=\"wp-image-5986\" srcset=\"https:\/\/ramib.org\/oficial\/wp-content\/uploads\/2024\/05\/alvaragusti5-1024x683.jpg 1024w, https:\/\/ramib.org\/oficial\/wp-content\/uploads\/2024\/05\/alvaragusti5-300x200.jpg 300w, https:\/\/ramib.org\/oficial\/wp-content\/uploads\/2024\/05\/alvaragusti5-768x512.jpg 768w, https:\/\/ramib.org\/oficial\/wp-content\/uploads\/2024\/05\/alvaragusti5-696x464.jpg 696w, https:\/\/ramib.org\/oficial\/wp-content\/uploads\/2024\/05\/alvaragusti5-1068x712.jpg 1068w, https:\/\/ramib.org\/oficial\/wp-content\/uploads\/2024\/05\/alvaragusti5-630x420.jpg 630w, https:\/\/ramib.org\/oficial\/wp-content\/uploads\/2024\/05\/alvaragusti5.jpg 1335w\" sizes=\"(max-width: 1024px) 100vw, 1024px\" \/><\/figure><\/div>\n\n\n<p>&nbsp;Aix\u00ed mateix va exposar que es tracta d&#8217;aconseguir una vellesa saludable a trav\u00e9s de vacunes, exercici, control de la dieta i no fumar. No podem evitar l&#8217;envelliment, per\u00f2 la prevenci\u00f3 i el diagn\u00f2stic preco\u00e7 poden contribuir a aquesta vellesa saludable. I els f\u00e0rmacs poden aconseguir un sistema immunol\u00f2gic enfortit.<\/p>\n\n\n<div class=\"wp-block-image\">\n<figure class=\"aligncenter size-large\"><img loading=\"lazy\" decoding=\"async\" width=\"1024\" height=\"683\" src=\"https:\/\/ramib.org\/oficial\/wp-content\/uploads\/2024\/05\/alvaragusti4-1024x683.jpg\" alt=\"\" class=\"wp-image-5984\" srcset=\"https:\/\/ramib.org\/oficial\/wp-content\/uploads\/2024\/05\/alvaragusti4-1024x683.jpg 1024w, https:\/\/ramib.org\/oficial\/wp-content\/uploads\/2024\/05\/alvaragusti4-300x200.jpg 300w, https:\/\/ramib.org\/oficial\/wp-content\/uploads\/2024\/05\/alvaragusti4-768x512.jpg 768w, https:\/\/ramib.org\/oficial\/wp-content\/uploads\/2024\/05\/alvaragusti4-696x464.jpg 696w, https:\/\/ramib.org\/oficial\/wp-content\/uploads\/2024\/05\/alvaragusti4-1068x712.jpg 1068w, https:\/\/ramib.org\/oficial\/wp-content\/uploads\/2024\/05\/alvaragusti4-630x420.jpg 630w, https:\/\/ramib.org\/oficial\/wp-content\/uploads\/2024\/05\/alvaragusti4.jpg 1335w\" sizes=\"(max-width: 1024px) 100vw, 1024px\" \/><\/figure><\/div>\n\n\n<p>Augmentar l&#8217;esperan\u00e7a de vida \u00e9s un \u00e8xit, per\u00f2 t\u00e9 un cost econ\u00f2mic. Si en el futur s&#8217;aconsegueix arribar als 150 anys d&#8217;edat, ser\u00e0 sostenible per a la societat? Qui pagar\u00e0 les pensions? En efecte, \u00e9s un debat pol\u00edticament incorrecte, per\u00f2 aconsegueix els \u00e0mbits pol\u00edtic, econ\u00f2mic filos\u00f2fic, \u00e8tic i fins i tot religi\u00f3s. La nostra esperan\u00e7a de vida \u00e9s un \u00e8xit, per\u00f2 \u00e9s un \u00e8xit car<\/p>\n\n\n<div class=\"wp-block-image\">\n<figure class=\"aligncenter size-large\"><img loading=\"lazy\" decoding=\"async\" width=\"1024\" height=\"683\" src=\"https:\/\/ramib.org\/oficial\/wp-content\/uploads\/2024\/05\/alvaragusti3-1024x683.jpg\" alt=\"\" class=\"wp-image-5982\" srcset=\"https:\/\/ramib.org\/oficial\/wp-content\/uploads\/2024\/05\/alvaragusti3-1024x683.jpg 1024w, https:\/\/ramib.org\/oficial\/wp-content\/uploads\/2024\/05\/alvaragusti3-300x200.jpg 300w, https:\/\/ramib.org\/oficial\/wp-content\/uploads\/2024\/05\/alvaragusti3-768x512.jpg 768w, https:\/\/ramib.org\/oficial\/wp-content\/uploads\/2024\/05\/alvaragusti3-696x464.jpg 696w, https:\/\/ramib.org\/oficial\/wp-content\/uploads\/2024\/05\/alvaragusti3-1068x712.jpg 1068w, https:\/\/ramib.org\/oficial\/wp-content\/uploads\/2024\/05\/alvaragusti3-630x420.jpg 630w, https:\/\/ramib.org\/oficial\/wp-content\/uploads\/2024\/05\/alvaragusti3.jpg 1350w\" sizes=\"(max-width: 1024px) 100vw, 1024px\" \/><\/figure><\/div>\n\n\n<p>En la pon\u00e8ncia el Dr. Agust\u00ed tamb\u00e9 va comentar la relaci\u00f3 existent entre l\u2019augment de les malalties amb l\u2019edat, tant les mentals i les no mentals. Totes les malalties augmenta amb l&#8217;edat. El principal factor de risc de les malalties cr\u00f2niques \u00e9s l&#8217;edat. Tenim un sistema de salut magn\u00edfic, per\u00f2 hauria de plantejar-se, tornant a la q\u00fcesti\u00f3 anterior de la prevenci\u00f3 i el diagn\u00f2stic preco\u00e7, a les revisions m\u00e8diques generalitzades, per exemple, cada dos anys. Quan els vehicles tenen uns anys, se&#8217;ls obliga a passar per inspeccions t\u00e8cniques. Per qu\u00e8 no establir inspeccions m\u00e8diques a partir d&#8217;una certa edat? Hi ha campanyes per a prevenir el c\u00e0ncer de mama o de c\u00f2lon, i ara comencen a plantejar-se revisions de pulmons a partir d&#8217;una certa edat entre fumadors o ex-fumadors. Pot ser una molt bona mesura per a prevenir el c\u00e0ncer de pulm\u00f3, per\u00f2 aqu\u00ed tamb\u00e9 entra el debat pol\u00edtic sobre assumir el seu cost.<\/p>\n\n\n<div class=\"wp-block-image\">\n<figure class=\"aligncenter size-large\"><img loading=\"lazy\" decoding=\"async\" width=\"1024\" height=\"683\" src=\"https:\/\/ramib.org\/oficial\/wp-content\/uploads\/2024\/05\/alvaragusti6-1024x683.jpg\" alt=\"\" class=\"wp-image-5988\" srcset=\"https:\/\/ramib.org\/oficial\/wp-content\/uploads\/2024\/05\/alvaragusti6-1024x683.jpg 1024w, https:\/\/ramib.org\/oficial\/wp-content\/uploads\/2024\/05\/alvaragusti6-300x200.jpg 300w, https:\/\/ramib.org\/oficial\/wp-content\/uploads\/2024\/05\/alvaragusti6-768x512.jpg 768w, https:\/\/ramib.org\/oficial\/wp-content\/uploads\/2024\/05\/alvaragusti6-696x464.jpg 696w, https:\/\/ramib.org\/oficial\/wp-content\/uploads\/2024\/05\/alvaragusti6-1068x712.jpg 1068w, https:\/\/ramib.org\/oficial\/wp-content\/uploads\/2024\/05\/alvaragusti6-630x420.jpg 630w, https:\/\/ramib.org\/oficial\/wp-content\/uploads\/2024\/05\/alvaragusti6.jpg 1335w\" sizes=\"(max-width: 1024px) 100vw, 1024px\" \/><\/figure><\/div>\n\n\n<p>Una vegada finalitzada la pon\u00e8ncia es va obrir el torn obert de paraula habitual en el qual el p\u00fablic va poder plantejar diverses q\u00fcestions que van ser respostes pel ponent.<\/p>\n\n\n<div class=\"wp-block-image\">\n<figure class=\"aligncenter size-large\"><img loading=\"lazy\" decoding=\"async\" width=\"1024\" height=\"683\" src=\"https:\/\/ramib.org\/oficial\/wp-content\/uploads\/2024\/05\/alvaragusti8-1024x683.jpg\" alt=\"\" class=\"wp-image-5992\" srcset=\"https:\/\/ramib.org\/oficial\/wp-content\/uploads\/2024\/05\/alvaragusti8-1024x683.jpg 1024w, https:\/\/ramib.org\/oficial\/wp-content\/uploads\/2024\/05\/alvaragusti8-300x200.jpg 300w, https:\/\/ramib.org\/oficial\/wp-content\/uploads\/2024\/05\/alvaragusti8-768x512.jpg 768w, https:\/\/ramib.org\/oficial\/wp-content\/uploads\/2024\/05\/alvaragusti8-696x464.jpg 696w, https:\/\/ramib.org\/oficial\/wp-content\/uploads\/2024\/05\/alvaragusti8-1068x712.jpg 1068w, https:\/\/ramib.org\/oficial\/wp-content\/uploads\/2024\/05\/alvaragusti8-630x420.jpg 630w, https:\/\/ramib.org\/oficial\/wp-content\/uploads\/2024\/05\/alvaragusti8.jpg 1335w\" sizes=\"(max-width: 1024px) 100vw, 1024px\" \/><\/figure><\/div>\n\n\n<p>En finalitzar el debat el vicepresident de la corporaci\u00f3 va tancar l&#8217;acte agra\u00efnt al ponent la seva magn\u00edfica pon\u00e8ncia.<\/p>\n\n\n<div class=\"wp-block-image\">\n<figure class=\"aligncenter size-large\"><img loading=\"lazy\" decoding=\"async\" width=\"1024\" height=\"683\" src=\"https:\/\/ramib.org\/oficial\/wp-content\/uploads\/2024\/05\/alvaragusti9-1024x683.jpg\" alt=\"\" class=\"wp-image-5994\" srcset=\"https:\/\/ramib.org\/oficial\/wp-content\/uploads\/2024\/05\/alvaragusti9-1024x683.jpg 1024w, https:\/\/ramib.org\/oficial\/wp-content\/uploads\/2024\/05\/alvaragusti9-300x200.jpg 300w, https:\/\/ramib.org\/oficial\/wp-content\/uploads\/2024\/05\/alvaragusti9-768x512.jpg 768w, https:\/\/ramib.org\/oficial\/wp-content\/uploads\/2024\/05\/alvaragusti9-696x464.jpg 696w, https:\/\/ramib.org\/oficial\/wp-content\/uploads\/2024\/05\/alvaragusti9-1068x712.jpg 1068w, https:\/\/ramib.org\/oficial\/wp-content\/uploads\/2024\/05\/alvaragusti9-630x420.jpg 630w, https:\/\/ramib.org\/oficial\/wp-content\/uploads\/2024\/05\/alvaragusti9.jpg 1335w\" sizes=\"(max-width: 1024px) 100vw, 1024px\" \/><\/figure><\/div>\n\n\n<p>Pot visualitzar la sessi\u00f3 cient\u00edfica en el canal de youtube de la corporaci\u00f3:<\/p>\n\n\n\n<figure class=\"wp-block-embed aligncenter is-type-video is-provider-youtube wp-block-embed-youtube wp-embed-aspect-16-9 wp-has-aspect-ratio\"><div class=\"wp-block-embed__wrapper\">\n<iframe loading=\"lazy\" title=\"04\/06\/2024: GETomics  una breu hist\u00f2ria del temps\" width=\"696\" height=\"392\" src=\"https:\/\/www.youtube.com\/embed\/Z1CegYEGQAA?feature=oembed\" frameborder=\"0\" allow=\"accelerometer; autoplay; clipboard-write; encrypted-media; gyroscope; picture-in-picture; web-share\" referrerpolicy=\"strict-origin-when-cross-origin\" allowfullscreen><\/iframe>\n<\/div><\/figure>\n","protected":false},"excerpt":{"rendered":"<p>Dia 4 de juny de 2024 es va celebrar en la seu acad\u00e8mica de Can Campaner la sessi\u00f3 cient\u00edfica \u201cGETomics: una breu hist\u00f2ria del temps&#8221;. La sessi\u00f3 va ser duta [&hellip;]<\/p>\n","protected":false},"author":3,"featured_media":5996,"comment_status":"open","ping_status":"closed","sticky":false,"template":"","format":"standard","meta":{"_monsterinsights_skip_tracking":false,"_monsterinsights_sitenote_active":false,"_monsterinsights_sitenote_note":"","_monsterinsights_sitenote_category":0,"footnotes":""},"categories":[14,24,686,17],"tags":[1180,1181,1182,1183,462,199,340],"_links":{"self":[{"href":"https:\/\/ramib.org\/oficial\/index.php\/wp-json\/wp\/v2\/posts\/5937"}],"collection":[{"href":"https:\/\/ramib.org\/oficial\/index.php\/wp-json\/wp\/v2\/posts"}],"about":[{"href":"https:\/\/ramib.org\/oficial\/index.php\/wp-json\/wp\/v2\/types\/post"}],"author":[{"embeddable":true,"href":"https:\/\/ramib.org\/oficial\/index.php\/wp-json\/wp\/v2\/users\/3"}],"replies":[{"embeddable":true,"href":"https:\/\/ramib.org\/oficial\/index.php\/wp-json\/wp\/v2\/comments?post=5937"}],"version-history":[{"count":2,"href":"https:\/\/ramib.org\/oficial\/index.php\/wp-json\/wp\/v2\/posts\/5937\/revisions"}],"predecessor-version":[{"id":5998,"href":"https:\/\/ramib.org\/oficial\/index.php\/wp-json\/wp\/v2\/posts\/5937\/revisions\/5998"}],"wp:featuredmedia":[{"embeddable":true,"href":"https:\/\/ramib.org\/oficial\/index.php\/wp-json\/wp\/v2\/media\/5996"}],"wp:attachment":[{"href":"https:\/\/ramib.org\/oficial\/index.php\/wp-json\/wp\/v2\/media?parent=5937"}],"wp:term":[{"taxonomy":"category","embeddable":true,"href":"https:\/\/ramib.org\/oficial\/index.php\/wp-json\/wp\/v2\/categories?post=5937"},{"taxonomy":"post_tag","embeddable":true,"href":"https:\/\/ramib.org\/oficial\/index.php\/wp-json\/wp\/v2\/tags?post=5937"}],"curies":[{"name":"wp","href":"https:\/\/api.w.org\/{rel}","templated":true}]}}