{"id":5759,"date":"2024-03-24T11:32:58","date_gmt":"2024-03-24T11:32:58","guid":{"rendered":"https:\/\/ramib.org\/oficial\/?p=5759"},"modified":"2024-04-12T12:37:49","modified_gmt":"2024-04-12T12:37:49","slug":"5759","status":"publish","type":"post","link":"https:\/\/ramib.org\/oficial\/index.php\/2024\/03\/24\/5759\/","title":{"rendered":"02\/04\/2024: Desxifrant els efectes de l&#8217;alcohol en el cervell: nous descobriments i perspectives terap\u00e8utiques"},"content":{"rendered":"\n<p>Dia 2 d&#8217;abril de 2024 es va celebrar en la seu acad\u00e8mica de Ca Campaner la sessi\u00f3 cient\u00edfica &#8220;Desxifrant els efectes de l&#8217;alcohol en el cervell: nous descobriments i perspectives terap\u00e8utiques&#8221;.<\/p>\n\n\n\n<p>La sessi\u00f3 va ser duta a terme pel Dr. Santiago Canals Gamoneda, Professor de Recerca del Consell Superior de Recerques Cient\u00edfiques de l&#8217;Institut de Neuroci\u00e8ncies d&#8217;Alacant.<\/p>\n\n\n<div class=\"wp-block-image\">\n<figure class=\"aligncenter size-large\"><img loading=\"lazy\" decoding=\"async\" width=\"1024\" height=\"683\" src=\"https:\/\/ramib.org\/oficial\/wp-content\/uploads\/2024\/03\/canals1-1024x683.jpg\" alt=\"\" class=\"wp-image-5765\" srcset=\"https:\/\/ramib.org\/oficial\/wp-content\/uploads\/2024\/03\/canals1-1024x683.jpg 1024w, https:\/\/ramib.org\/oficial\/wp-content\/uploads\/2024\/03\/canals1-300x200.jpg 300w, https:\/\/ramib.org\/oficial\/wp-content\/uploads\/2024\/03\/canals1-768x512.jpg 768w, https:\/\/ramib.org\/oficial\/wp-content\/uploads\/2024\/03\/canals1-696x464.jpg 696w, https:\/\/ramib.org\/oficial\/wp-content\/uploads\/2024\/03\/canals1-1068x712.jpg 1068w, https:\/\/ramib.org\/oficial\/wp-content\/uploads\/2024\/03\/canals1-630x420.jpg 630w, https:\/\/ramib.org\/oficial\/wp-content\/uploads\/2024\/03\/canals1.jpg 1152w\" sizes=\"(max-width: 1024px) 100vw, 1024px\" \/><\/figure><\/div>\n\n\n<p>Va obrir l&#8217;acte el president de la RAMIB, Excm. Sr. Joan Besalduch Vidal, donant la benvinguda a la ponent, a les autoritats i al p\u00fablic present.<\/p>\n\n\n<div class=\"wp-block-image\">\n<figure class=\"aligncenter size-large\"><img loading=\"lazy\" decoding=\"async\" width=\"1024\" height=\"683\" src=\"https:\/\/ramib.org\/oficial\/wp-content\/uploads\/2024\/03\/canals2-1024x683.jpg\" alt=\"\" class=\"wp-image-5767\" srcset=\"https:\/\/ramib.org\/oficial\/wp-content\/uploads\/2024\/03\/canals2-1024x683.jpg 1024w, https:\/\/ramib.org\/oficial\/wp-content\/uploads\/2024\/03\/canals2-300x200.jpg 300w, https:\/\/ramib.org\/oficial\/wp-content\/uploads\/2024\/03\/canals2-768x512.jpg 768w, https:\/\/ramib.org\/oficial\/wp-content\/uploads\/2024\/03\/canals2-696x464.jpg 696w, https:\/\/ramib.org\/oficial\/wp-content\/uploads\/2024\/03\/canals2-1068x712.jpg 1068w, https:\/\/ramib.org\/oficial\/wp-content\/uploads\/2024\/03\/canals2-630x420.jpg 630w, https:\/\/ramib.org\/oficial\/wp-content\/uploads\/2024\/03\/canals2.jpg 1152w\" sizes=\"(max-width: 1024px) 100vw, 1024px\" \/><\/figure><\/div>\n\n\n<p>Va presentar al ponent, l&#8217;acad\u00e8mic numerari M. Il\u00b7ltre. Sr. Claudio Mirasso Santos exposant el curr\u00edculum del ponent.<\/p>\n\n\n\n<p>La pon\u00e8ncia va tractar sobre la subst\u00e0ncia psicoactiva m\u00e9s consumida a Espanya: l&#8217;alcohol.<\/p>\n\n\n<div class=\"wp-block-image\">\n<figure class=\"aligncenter size-large\"><img loading=\"lazy\" decoding=\"async\" width=\"1024\" height=\"683\" src=\"https:\/\/ramib.org\/oficial\/wp-content\/uploads\/2024\/03\/canals3-1024x683.jpg\" alt=\"\" class=\"wp-image-5769\" srcset=\"https:\/\/ramib.org\/oficial\/wp-content\/uploads\/2024\/03\/canals3-1024x683.jpg 1024w, https:\/\/ramib.org\/oficial\/wp-content\/uploads\/2024\/03\/canals3-300x200.jpg 300w, https:\/\/ramib.org\/oficial\/wp-content\/uploads\/2024\/03\/canals3-768x512.jpg 768w, https:\/\/ramib.org\/oficial\/wp-content\/uploads\/2024\/03\/canals3-696x464.jpg 696w, https:\/\/ramib.org\/oficial\/wp-content\/uploads\/2024\/03\/canals3-1068x712.jpg 1068w, https:\/\/ramib.org\/oficial\/wp-content\/uploads\/2024\/03\/canals3-630x420.jpg 630w, https:\/\/ramib.org\/oficial\/wp-content\/uploads\/2024\/03\/canals3.jpg 1152w\" sizes=\"(max-width: 1024px) 100vw, 1024px\" \/><\/figure><\/div>\n\n\n<p>En la pon\u00e8ncia es va presentar evid\u00e8ncia acumulada pel nostre laboratori en els \u00faltims 10 anys sobre les alteracions que es produeixen en el nostre cervell a conseq\u00fc\u00e8ncia del consum cr\u00f2nic d&#8217;alcohol.<\/p>\n\n\n\n<p>L&#8217;alcohol \u00e9s problem\u00e0tic per al sistema nervi\u00f3s central amb qualsevol dosi, des de la primera gota. Per al cervell un got de vi al dia no \u00e9s bo.<\/p>\n\n\n<div class=\"wp-block-image\">\n<figure class=\"aligncenter size-large\"><img loading=\"lazy\" decoding=\"async\" width=\"1024\" height=\"683\" src=\"https:\/\/ramib.org\/oficial\/wp-content\/uploads\/2024\/03\/canals34-1024x683.jpg\" alt=\"\" class=\"wp-image-5779\" srcset=\"https:\/\/ramib.org\/oficial\/wp-content\/uploads\/2024\/03\/canals34-1024x683.jpg 1024w, https:\/\/ramib.org\/oficial\/wp-content\/uploads\/2024\/03\/canals34-300x200.jpg 300w, https:\/\/ramib.org\/oficial\/wp-content\/uploads\/2024\/03\/canals34-768x512.jpg 768w, https:\/\/ramib.org\/oficial\/wp-content\/uploads\/2024\/03\/canals34-696x464.jpg 696w, https:\/\/ramib.org\/oficial\/wp-content\/uploads\/2024\/03\/canals34-1068x712.jpg 1068w, https:\/\/ramib.org\/oficial\/wp-content\/uploads\/2024\/03\/canals34-630x420.jpg 630w, https:\/\/ramib.org\/oficial\/wp-content\/uploads\/2024\/03\/canals34.jpg 1152w\" sizes=\"(max-width: 1024px) 100vw, 1024px\" \/><\/figure><\/div>\n\n\n<p>Els nostres treballs, juntament amb les evid\u00e8ncies presentades per altres grups de recerca, demostren que l&#8217;alcohol afecta la mielina i desenvolupa una resposta inflamat\u00f2ria en la subst\u00e0ncia grisa.<\/p>\n\n\n\n<p>En la presentaci\u00f3 el Dr. Canals va argumentar com aquestes alteracions, que progressen en l&#8217;abstin\u00e8ncia primerenca en abs\u00e8ncia de consum d&#8217;alcohol, poden contribuir de manera directa al proc\u00e9s de l&#8217;addicci\u00f3.<\/p>\n\n\n<div class=\"wp-block-image\">\n<figure class=\"aligncenter size-large\"><img loading=\"lazy\" decoding=\"async\" width=\"1024\" height=\"683\" src=\"https:\/\/ramib.org\/oficial\/wp-content\/uploads\/2024\/03\/canals4-1024x683.jpg\" alt=\"\" class=\"wp-image-5771\" srcset=\"https:\/\/ramib.org\/oficial\/wp-content\/uploads\/2024\/03\/canals4-1024x683.jpg 1024w, https:\/\/ramib.org\/oficial\/wp-content\/uploads\/2024\/03\/canals4-300x200.jpg 300w, https:\/\/ramib.org\/oficial\/wp-content\/uploads\/2024\/03\/canals4-768x512.jpg 768w, https:\/\/ramib.org\/oficial\/wp-content\/uploads\/2024\/03\/canals4-696x464.jpg 696w, https:\/\/ramib.org\/oficial\/wp-content\/uploads\/2024\/03\/canals4-1068x712.jpg 1068w, https:\/\/ramib.org\/oficial\/wp-content\/uploads\/2024\/03\/canals4-630x420.jpg 630w, https:\/\/ramib.org\/oficial\/wp-content\/uploads\/2024\/03\/canals4.jpg 1152w\" sizes=\"(max-width: 1024px) 100vw, 1024px\" \/><\/figure><\/div>\n\n\n<p>A m\u00e9s, va mostrar al p\u00fablic assistent i al qual va seguir la sessi\u00f3 des del canal de youtube de la corporaci\u00f3 com una intervenci\u00f3 dirigida a millorar la microestructura de la subst\u00e0ncia blanca es tradueix en una recuperaci\u00f3 funcional i una reducci\u00f3 de les recaigudes.<\/p>\n\n\n\n<p>En conjunt, els nostres resultats suggereixen que les alteracions estructurals, no sin\u00e0ptiques, poden estar en la base de la patologia.<\/p>\n\n\n<div class=\"wp-block-image\">\n<figure class=\"aligncenter size-large\"><img loading=\"lazy\" decoding=\"async\" width=\"1024\" height=\"683\" src=\"https:\/\/ramib.org\/oficial\/wp-content\/uploads\/2024\/03\/canals6-1024x683.jpg\" alt=\"\" class=\"wp-image-5775\" srcset=\"https:\/\/ramib.org\/oficial\/wp-content\/uploads\/2024\/03\/canals6-1024x683.jpg 1024w, https:\/\/ramib.org\/oficial\/wp-content\/uploads\/2024\/03\/canals6-300x200.jpg 300w, https:\/\/ramib.org\/oficial\/wp-content\/uploads\/2024\/03\/canals6-768x512.jpg 768w, https:\/\/ramib.org\/oficial\/wp-content\/uploads\/2024\/03\/canals6-696x464.jpg 696w, https:\/\/ramib.org\/oficial\/wp-content\/uploads\/2024\/03\/canals6-1068x712.jpg 1068w, https:\/\/ramib.org\/oficial\/wp-content\/uploads\/2024\/03\/canals6-630x420.jpg 630w, https:\/\/ramib.org\/oficial\/wp-content\/uploads\/2024\/03\/canals6.jpg 1152w\" sizes=\"(max-width: 1024px) 100vw, 1024px\" \/><\/figure><\/div>\n\n\n<p>Aix\u00ed mateix va comentar que els botellons en edat primerenca s\u00f3n un dels problemes psiqui\u00e0trics m\u00e9s greus amb conseq\u00fc\u00e8ncies a nivell de tr\u00e0nsit, associat amb el c\u00e0ncer o a m\u00e9s del 80% dels casos de viol\u00e8ncia de g\u00e8nere. Amb els joves \u00e9s pitjor perqu\u00e8 el sistema nervi\u00f3s est\u00e0 en formaci\u00f3 i \u00e9s un proc\u00e9s que dura molt. Fins als 20 anys no es forma la part frontal en la qual es fonamenta la presa de decisions. Si afegim alcohol i alterem l&#8217;estructura impedim un desenvolupament normal, i la poblaci\u00f3 ser\u00e0 m\u00e9s insegura.<\/p>\n\n\n<div class=\"wp-block-image\">\n<figure class=\"aligncenter size-large\"><img loading=\"lazy\" decoding=\"async\" width=\"1024\" height=\"683\" src=\"https:\/\/ramib.org\/oficial\/wp-content\/uploads\/2024\/03\/canals5-1024x683.jpg\" alt=\"\" class=\"wp-image-5773\" srcset=\"https:\/\/ramib.org\/oficial\/wp-content\/uploads\/2024\/03\/canals5-1024x683.jpg 1024w, https:\/\/ramib.org\/oficial\/wp-content\/uploads\/2024\/03\/canals5-300x200.jpg 300w, https:\/\/ramib.org\/oficial\/wp-content\/uploads\/2024\/03\/canals5-768x512.jpg 768w, https:\/\/ramib.org\/oficial\/wp-content\/uploads\/2024\/03\/canals5-696x464.jpg 696w, https:\/\/ramib.org\/oficial\/wp-content\/uploads\/2024\/03\/canals5-1068x712.jpg 1068w, https:\/\/ramib.org\/oficial\/wp-content\/uploads\/2024\/03\/canals5-630x420.jpg 630w, https:\/\/ramib.org\/oficial\/wp-content\/uploads\/2024\/03\/canals5.jpg 1152w\" sizes=\"(max-width: 1024px) 100vw, 1024px\" \/><\/figure><\/div>\n\n\n<p>Una vegada finalitzades la pon\u00e8ncia es va obrir el torn obert de paraula habitual en el qual el p\u00fablic va poder plantejar diverses q\u00fcestions que van ser respostes per la ponent.<\/p>\n\n\n<div class=\"wp-block-image\">\n<figure class=\"aligncenter size-large\"><img loading=\"lazy\" decoding=\"async\" width=\"1024\" height=\"683\" src=\"https:\/\/ramib.org\/oficial\/wp-content\/uploads\/2024\/03\/canals9-1024x683.jpg\" alt=\"\" class=\"wp-image-5777\" srcset=\"https:\/\/ramib.org\/oficial\/wp-content\/uploads\/2024\/03\/canals9-1024x683.jpg 1024w, https:\/\/ramib.org\/oficial\/wp-content\/uploads\/2024\/03\/canals9-300x200.jpg 300w, https:\/\/ramib.org\/oficial\/wp-content\/uploads\/2024\/03\/canals9-768x512.jpg 768w, https:\/\/ramib.org\/oficial\/wp-content\/uploads\/2024\/03\/canals9-696x464.jpg 696w, https:\/\/ramib.org\/oficial\/wp-content\/uploads\/2024\/03\/canals9-1068x712.jpg 1068w, https:\/\/ramib.org\/oficial\/wp-content\/uploads\/2024\/03\/canals9-630x420.jpg 630w, https:\/\/ramib.org\/oficial\/wp-content\/uploads\/2024\/03\/canals9.jpg 1152w\" sizes=\"(max-width: 1024px) 100vw, 1024px\" \/><\/figure><\/div>\n\n\n<p>En finalitzar el debat el president de la corporaci\u00f3 va tancar l&#8217;acte agraint a la ponent la seva magn\u00edfica pon\u00e8ncia i la import\u00e0ncia de la seva labor.<\/p>\n\n\n\n<p>Pot visualitzar la emissi\u00f3 en el canal de youtube de la corporaci\u00f3:<\/p>\n\n\n\n<figure class=\"wp-block-embed aligncenter is-type-video is-provider-youtube wp-block-embed-youtube wp-embed-aspect-16-9 wp-has-aspect-ratio\"><div class=\"wp-block-embed__wrapper\">\n<iframe loading=\"lazy\" title=\"Descifrando los efectos del alcohol en el cerebro:nuevos descubrimientos y perspectivas terap\u00e9uticas\" width=\"696\" height=\"392\" src=\"https:\/\/www.youtube.com\/embed\/7_5ZaCRmOVk?start=2918&#038;feature=oembed\" frameborder=\"0\" allow=\"accelerometer; autoplay; clipboard-write; encrypted-media; gyroscope; picture-in-picture; web-share\" referrerpolicy=\"strict-origin-when-cross-origin\" allowfullscreen><\/iframe>\n<\/div><\/figure>\n","protected":false},"excerpt":{"rendered":"<p>Dia 2 d&#8217;abril de 2024 es va celebrar en la seu acad\u00e8mica de Ca Campaner la sessi\u00f3 cient\u00edfica &#8220;Desxifrant els efectes de l&#8217;alcohol en el cervell: nous descobriments i perspectives [&hellip;]<\/p>\n","protected":false},"author":3,"featured_media":5781,"comment_status":"open","ping_status":"closed","sticky":false,"template":"","format":"standard","meta":{"_monsterinsights_skip_tracking":false,"_monsterinsights_sitenote_active":false,"_monsterinsights_sitenote_note":"","_monsterinsights_sitenote_category":0,"footnotes":""},"categories":[14,24,686,17],"tags":[929,926,266,930,931,933,927,199,461],"_links":{"self":[{"href":"https:\/\/ramib.org\/oficial\/index.php\/wp-json\/wp\/v2\/posts\/5759"}],"collection":[{"href":"https:\/\/ramib.org\/oficial\/index.php\/wp-json\/wp\/v2\/posts"}],"about":[{"href":"https:\/\/ramib.org\/oficial\/index.php\/wp-json\/wp\/v2\/types\/post"}],"author":[{"embeddable":true,"href":"https:\/\/ramib.org\/oficial\/index.php\/wp-json\/wp\/v2\/users\/3"}],"replies":[{"embeddable":true,"href":"https:\/\/ramib.org\/oficial\/index.php\/wp-json\/wp\/v2\/comments?post=5759"}],"version-history":[{"count":7,"href":"https:\/\/ramib.org\/oficial\/index.php\/wp-json\/wp\/v2\/posts\/5759\/revisions"}],"predecessor-version":[{"id":5797,"href":"https:\/\/ramib.org\/oficial\/index.php\/wp-json\/wp\/v2\/posts\/5759\/revisions\/5797"}],"wp:featuredmedia":[{"embeddable":true,"href":"https:\/\/ramib.org\/oficial\/index.php\/wp-json\/wp\/v2\/media\/5781"}],"wp:attachment":[{"href":"https:\/\/ramib.org\/oficial\/index.php\/wp-json\/wp\/v2\/media?parent=5759"}],"wp:term":[{"taxonomy":"category","embeddable":true,"href":"https:\/\/ramib.org\/oficial\/index.php\/wp-json\/wp\/v2\/categories?post=5759"},{"taxonomy":"post_tag","embeddable":true,"href":"https:\/\/ramib.org\/oficial\/index.php\/wp-json\/wp\/v2\/tags?post=5759"}],"curies":[{"name":"wp","href":"https:\/\/api.w.org\/{rel}","templated":true}]}}