{"id":5603,"date":"2024-02-26T16:39:46","date_gmt":"2024-02-26T16:39:46","guid":{"rendered":"https:\/\/ramib.org\/oficial\/?p=5603"},"modified":"2024-03-09T17:29:10","modified_gmt":"2024-03-09T17:29:10","slug":"5603","status":"publish","type":"post","link":"https:\/\/ramib.org\/oficial\/index.php\/2024\/02\/26\/5603\/","title":{"rendered":"05\/03\/2024: La cultura com element de transformaci\u00f3"},"content":{"rendered":"\n<p>Dia 5 de mar\u00e7 de 2024 es va celebrar en la seu acad\u00e8mica de Can Campaner la sessi\u00f3 cient\u00edfica <em>La cultura com element de transformaci\u00f3<\/em>.<\/p>\n\n\n\n<p>La sessi\u00f3 va ser duta a terme per la Sra. In\u00e9s Enciso Merino, Gestora cultural especialitzada en projectes relacionats amb la inclusi\u00f3 i la participaci\u00f3 de persones amb discapacitat en el marc professional de les arts esc\u00e8niques a m\u00e9s de coordinadora de l&#8217;\u00e0rea de Desenvolupament i Recerca en l&#8217;Acad\u00e8mia de les Arts i les Ci\u00e8ncies Cinematogr\u00e0fiques d&#8217;Espanya.<\/p>\n\n\n<div class=\"wp-block-image\">\n<figure class=\"aligncenter size-large\"><img loading=\"lazy\" decoding=\"async\" width=\"1024\" height=\"682\" src=\"https:\/\/ramib.org\/oficial\/wp-content\/uploads\/2024\/02\/enciso1-1024x682.jpg\" alt=\"\" class=\"wp-image-5673\" srcset=\"https:\/\/ramib.org\/oficial\/wp-content\/uploads\/2024\/02\/enciso1-1024x682.jpg 1024w, https:\/\/ramib.org\/oficial\/wp-content\/uploads\/2024\/02\/enciso1-300x200.jpg 300w, https:\/\/ramib.org\/oficial\/wp-content\/uploads\/2024\/02\/enciso1-768x512.jpg 768w, https:\/\/ramib.org\/oficial\/wp-content\/uploads\/2024\/02\/enciso1-696x464.jpg 696w, https:\/\/ramib.org\/oficial\/wp-content\/uploads\/2024\/02\/enciso1-1068x712.jpg 1068w, https:\/\/ramib.org\/oficial\/wp-content\/uploads\/2024\/02\/enciso1-630x420.jpg 630w, https:\/\/ramib.org\/oficial\/wp-content\/uploads\/2024\/02\/enciso1.jpg 1337w\" sizes=\"(max-width: 1024px) 100vw, 1024px\" \/><\/figure><\/div>\n\n\n<p>Va obrir l&#8217;acte el president de la RAMIB, Excm. Sr. Joan Besalduch Vidal, donant la benvinguda a la ponent, a les autoritats i al p\u00fablic present.<\/p>\n\n\n<div class=\"wp-block-image\">\n<figure class=\"aligncenter size-large\"><img loading=\"lazy\" decoding=\"async\" width=\"1024\" height=\"682\" src=\"https:\/\/ramib.org\/oficial\/wp-content\/uploads\/2024\/02\/enciso2-1024x682.jpg\" alt=\"\" class=\"wp-image-5675\" srcset=\"https:\/\/ramib.org\/oficial\/wp-content\/uploads\/2024\/02\/enciso2-1024x682.jpg 1024w, https:\/\/ramib.org\/oficial\/wp-content\/uploads\/2024\/02\/enciso2-300x200.jpg 300w, https:\/\/ramib.org\/oficial\/wp-content\/uploads\/2024\/02\/enciso2-768x512.jpg 768w, https:\/\/ramib.org\/oficial\/wp-content\/uploads\/2024\/02\/enciso2-696x464.jpg 696w, https:\/\/ramib.org\/oficial\/wp-content\/uploads\/2024\/02\/enciso2-1068x712.jpg 1068w, https:\/\/ramib.org\/oficial\/wp-content\/uploads\/2024\/02\/enciso2-630x420.jpg 630w, https:\/\/ramib.org\/oficial\/wp-content\/uploads\/2024\/02\/enciso2.jpg 1337w\" sizes=\"(max-width: 1024px) 100vw, 1024px\" \/><\/figure><\/div>\n\n\n<p>Va presentar a la ponent, el secretari general de la corporaci\u00f3 M. Il\u00b7ltre. Sr. Javier Cort\u00e9s Bordoy exposant el curr\u00edculum de la ponent. Va manifestar que era un orgull per a la RAMIB comptar amb la ponent i va destacar la important labor que duu a terme en tots els seus projectes.<\/p>\n\n\n\n<p>La pon\u00e8ncia va tractar sobre com a trav\u00e9s de l&#8217;art es pot contribuir al canvi de percepci\u00f3 social de la discapacitat i per qu\u00e8 hem de garantir l&#8217;acc\u00e9s igualitari a la cultura de totes les persones.<\/p>\n\n\n<div class=\"wp-block-image\">\n<figure class=\"aligncenter size-large\"><img loading=\"lazy\" decoding=\"async\" width=\"1024\" height=\"682\" src=\"https:\/\/ramib.org\/oficial\/wp-content\/uploads\/2024\/02\/enciso4-1024x682.jpg\" alt=\"\" class=\"wp-image-5677\" srcset=\"https:\/\/ramib.org\/oficial\/wp-content\/uploads\/2024\/02\/enciso4-1024x682.jpg 1024w, https:\/\/ramib.org\/oficial\/wp-content\/uploads\/2024\/02\/enciso4-300x200.jpg 300w, https:\/\/ramib.org\/oficial\/wp-content\/uploads\/2024\/02\/enciso4-768x512.jpg 768w, https:\/\/ramib.org\/oficial\/wp-content\/uploads\/2024\/02\/enciso4-696x464.jpg 696w, https:\/\/ramib.org\/oficial\/wp-content\/uploads\/2024\/02\/enciso4-1068x712.jpg 1068w, https:\/\/ramib.org\/oficial\/wp-content\/uploads\/2024\/02\/enciso4-630x420.jpg 630w, https:\/\/ramib.org\/oficial\/wp-content\/uploads\/2024\/02\/enciso4.jpg 1337w\" sizes=\"(max-width: 1024px) 100vw, 1024px\" \/><\/figure><\/div>\n\n\n<p>Aix\u00ed mateix es van exposar els beneficis dels projectes art\u00edstics en contextos sanitaris i la seva import\u00e0ncia en la humanitzaci\u00f3 de l&#8217;atenci\u00f3 hospital\u00e0ria.<\/p>\n\n\n\n<p>El que fem \u00e9s mesurar cient\u00edficament l&#8217;impacte que tenen les ter\u00e0pies mediques enfocades en les arts, en aquest cas les arts esc\u00e8niques i audiovisuals, en patologies neurol\u00f2giques, que \u00e9s el nostre camp. S\u00f3n patologies dif\u00edcils de tractar sobre des de les ter\u00e0pies m\u00e8diques i tenen a veure amb l&#8217;autoestima, la percepci\u00f3, l&#8217;expressi\u00f3, i els resultats s\u00f3n realment sorprenents, en alguns aspectes s\u00f3n determinants.<\/p>\n\n\n<div class=\"wp-block-image\">\n<figure class=\"aligncenter size-large\"><img loading=\"lazy\" decoding=\"async\" width=\"1024\" height=\"683\" src=\"https:\/\/ramib.org\/oficial\/wp-content\/uploads\/2024\/02\/encisa3-1024x683.jpg\" alt=\"\" class=\"wp-image-5670\" srcset=\"https:\/\/ramib.org\/oficial\/wp-content\/uploads\/2024\/02\/encisa3-1024x683.jpg 1024w, https:\/\/ramib.org\/oficial\/wp-content\/uploads\/2024\/02\/encisa3-300x200.jpg 300w, https:\/\/ramib.org\/oficial\/wp-content\/uploads\/2024\/02\/encisa3-768x512.jpg 768w, https:\/\/ramib.org\/oficial\/wp-content\/uploads\/2024\/02\/encisa3-696x464.jpg 696w, https:\/\/ramib.org\/oficial\/wp-content\/uploads\/2024\/02\/encisa3-1068x712.jpg 1068w, https:\/\/ramib.org\/oficial\/wp-content\/uploads\/2024\/02\/encisa3-630x420.jpg 630w, https:\/\/ramib.org\/oficial\/wp-content\/uploads\/2024\/02\/encisa3.jpg 1336w\" sizes=\"(max-width: 1024px) 100vw, 1024px\" \/><\/figure><\/div>\n\n\n<p>Aquest tipus de ter\u00e0pies fan que, a trav\u00e9s de l&#8217;art, s&#8217;humanitzin espais a priori freds i complexos, a vegades amb molt de dolor i situacions dif\u00edcils, com poden ser els hospitals, m\u00e9s encara quan parlem de centres pedi\u00e0trics.<\/p>\n\n\n\n<p>La Sra. Enciso va exposar que el seu projecte \u00e9s nou i es porta treballant des de fa alguns anys, per\u00f2 \u00e9s veritat que tenim la sensaci\u00f3 que moltes ter\u00e0pies enfocades en la cultura no es realitzen de manera ordenada, i ara hem aconseguit una ajuda d&#8217;una fundaci\u00f3 per a poder investigar a l&#8217;hospital sobre la figura del mediador art\u00edstic, alg\u00fa que coordini i sobretot dirigeixi de manera ordenada totes i cadascuna de les propostes art\u00edstiques que es van realitzant, cada vegada s\u00f3n m\u00e9s els artistes que estan compromesos amb aquest treball en centres hospitalaris, per\u00f2 encara queda molt per fer per a assentar-lo.<\/p>\n\n\n<div class=\"wp-block-image\">\n<figure class=\"aligncenter size-large\"><img loading=\"lazy\" decoding=\"async\" width=\"1024\" height=\"682\" src=\"https:\/\/ramib.org\/oficial\/wp-content\/uploads\/2024\/02\/enciso6-1024x682.jpg\" alt=\"\" class=\"wp-image-5681\" srcset=\"https:\/\/ramib.org\/oficial\/wp-content\/uploads\/2024\/02\/enciso6-1024x682.jpg 1024w, https:\/\/ramib.org\/oficial\/wp-content\/uploads\/2024\/02\/enciso6-300x200.jpg 300w, https:\/\/ramib.org\/oficial\/wp-content\/uploads\/2024\/02\/enciso6-768x512.jpg 768w, https:\/\/ramib.org\/oficial\/wp-content\/uploads\/2024\/02\/enciso6-696x464.jpg 696w, https:\/\/ramib.org\/oficial\/wp-content\/uploads\/2024\/02\/enciso6-1068x712.jpg 1068w, https:\/\/ramib.org\/oficial\/wp-content\/uploads\/2024\/02\/enciso6-630x420.jpg 630w, https:\/\/ramib.org\/oficial\/wp-content\/uploads\/2024\/02\/enciso6.jpg 1337w\" sizes=\"(max-width: 1024px) 100vw, 1024px\" \/><\/figure><\/div>\n\n\n<p>En alguns casos s&#8217;ha millorat molt\u00edssim a nivell autoestima, prejudicis i estigmes, fins i tot l&#8217;expressi\u00f3. En el cas de <em>Yo cuento<\/em>, vam estar en els estudis de Netflix, veient els platons de rodatge, va ser una experi\u00e8ncia per a ells, gravem un curtmetratge, el van passar molt b\u00e9\u00bb. La seva labor, a m\u00e9s, ha rebut aplaudiments de la reina Letizia, que va venir a con\u00e8ixer el nostre treball i als nens i nenes. De fet, els \u2018nens\u2019 van incloure aquesta visita \u2018real\u2019 en el citat curtmetratge en Netflix.<\/p>\n\n\n<div class=\"wp-block-image\">\n<figure class=\"aligncenter size-large\"><img loading=\"lazy\" decoding=\"async\" width=\"1024\" height=\"682\" src=\"https:\/\/ramib.org\/oficial\/wp-content\/uploads\/2024\/02\/enciso8-1024x682.jpg\" alt=\"\" class=\"wp-image-5685\" srcset=\"https:\/\/ramib.org\/oficial\/wp-content\/uploads\/2024\/02\/enciso8-1024x682.jpg 1024w, https:\/\/ramib.org\/oficial\/wp-content\/uploads\/2024\/02\/enciso8-300x200.jpg 300w, https:\/\/ramib.org\/oficial\/wp-content\/uploads\/2024\/02\/enciso8-768x512.jpg 768w, https:\/\/ramib.org\/oficial\/wp-content\/uploads\/2024\/02\/enciso8-696x464.jpg 696w, https:\/\/ramib.org\/oficial\/wp-content\/uploads\/2024\/02\/enciso8-1068x712.jpg 1068w, https:\/\/ramib.org\/oficial\/wp-content\/uploads\/2024\/02\/enciso8-630x420.jpg 630w, https:\/\/ramib.org\/oficial\/wp-content\/uploads\/2024\/02\/enciso8.jpg 1337w\" sizes=\"(max-width: 1024px) 100vw, 1024px\" \/><\/figure><\/div>\n\n\n<p>La repercussi\u00f3 de <em>Yo cuento<\/em> ha arribat fins i tot a l&#8217;altre costat del m\u00f3n, fins al Centre Hospitalari Pereira Rossell de Montevideo, on tamb\u00e9 estan treballant en aquesta l\u00ednia, per la qual cosa la ponent va manifestar que \u00abno podem estar m\u00e9s satisfets\u00bb.<\/p>\n\n\n<div class=\"wp-block-image\">\n<figure class=\"aligncenter size-large\"><img loading=\"lazy\" decoding=\"async\" width=\"1024\" height=\"682\" src=\"https:\/\/ramib.org\/oficial\/wp-content\/uploads\/2024\/02\/enciso5-1024x682.jpg\" alt=\"\" class=\"wp-image-5679\" srcset=\"https:\/\/ramib.org\/oficial\/wp-content\/uploads\/2024\/02\/enciso5-1024x682.jpg 1024w, https:\/\/ramib.org\/oficial\/wp-content\/uploads\/2024\/02\/enciso5-300x200.jpg 300w, https:\/\/ramib.org\/oficial\/wp-content\/uploads\/2024\/02\/enciso5-768x512.jpg 768w, https:\/\/ramib.org\/oficial\/wp-content\/uploads\/2024\/02\/enciso5-696x464.jpg 696w, https:\/\/ramib.org\/oficial\/wp-content\/uploads\/2024\/02\/enciso5-1068x712.jpg 1068w, https:\/\/ramib.org\/oficial\/wp-content\/uploads\/2024\/02\/enciso5-630x420.jpg 630w, https:\/\/ramib.org\/oficial\/wp-content\/uploads\/2024\/02\/enciso5.jpg 1337w\" sizes=\"(max-width: 1024px) 100vw, 1024px\" \/><\/figure><\/div>\n\n\n<p>Una vegada finalitzades la pon\u00e8ncia es va obrir el torn obert de paraula habitual en el qual el p\u00fablic va poder plantejar diverses q\u00fcestions que van ser respostes per la ponent.<\/p>\n\n\n\n<p>En finalitzar el debat el president de la corporaci\u00f3 va tancar l&#8217;acte agraint a la ponent la seva magn\u00edfica pon\u00e8ncia i la import\u00e0ncia de la seva labor.<\/p>\n\n\n<div class=\"wp-block-image\">\n<figure class=\"aligncenter size-large\"><img loading=\"lazy\" decoding=\"async\" width=\"1024\" height=\"682\" src=\"https:\/\/ramib.org\/oficial\/wp-content\/uploads\/2024\/02\/enciso7-1024x682.jpg\" alt=\"\" class=\"wp-image-5683\" srcset=\"https:\/\/ramib.org\/oficial\/wp-content\/uploads\/2024\/02\/enciso7-1024x682.jpg 1024w, https:\/\/ramib.org\/oficial\/wp-content\/uploads\/2024\/02\/enciso7-300x200.jpg 300w, https:\/\/ramib.org\/oficial\/wp-content\/uploads\/2024\/02\/enciso7-768x512.jpg 768w, https:\/\/ramib.org\/oficial\/wp-content\/uploads\/2024\/02\/enciso7-696x464.jpg 696w, https:\/\/ramib.org\/oficial\/wp-content\/uploads\/2024\/02\/enciso7-1068x712.jpg 1068w, https:\/\/ramib.org\/oficial\/wp-content\/uploads\/2024\/02\/enciso7-630x420.jpg 630w, https:\/\/ramib.org\/oficial\/wp-content\/uploads\/2024\/02\/enciso7.jpg 1337w\" sizes=\"(max-width: 1024px) 100vw, 1024px\" \/><\/figure><\/div>\n\n\n<p>Podr\u00e0 seguir la sessi\u00f3 en directe en el canal de youtube de la corporaci\u00f3:<\/p>\n\n\n\n<figure class=\"wp-block-embed aligncenter is-type-video is-provider-youtube wp-block-embed-youtube wp-embed-aspect-16-9 wp-has-aspect-ratio\"><div class=\"wp-block-embed__wrapper\">\n<iframe loading=\"lazy\" title=\"05\/03\/2024: La cultura como elemento de transformaci\u00f3n\" width=\"696\" height=\"392\" src=\"https:\/\/www.youtube.com\/embed\/bT60xZ0SKQk?start=651&#038;feature=oembed\" frameborder=\"0\" allow=\"accelerometer; autoplay; clipboard-write; encrypted-media; gyroscope; picture-in-picture; web-share\" allowfullscreen><\/iframe>\n<\/div><\/figure>\n","protected":false},"excerpt":{"rendered":"<p>Dia 5 de mar\u00e7 de 2024 es va celebrar en la seu acad\u00e8mica de Can Campaner la sessi\u00f3 cient\u00edfica La cultura com element de transformaci\u00f3. La sessi\u00f3 va ser duta [&hellip;]<\/p>\n","protected":false},"author":3,"featured_media":5687,"comment_status":"open","ping_status":"closed","sticky":false,"template":"","format":"standard","meta":{"_monsterinsights_skip_tracking":false,"_monsterinsights_sitenote_active":false,"_monsterinsights_sitenote_note":"","_monsterinsights_sitenote_category":0,"footnotes":""},"categories":[14,24,686,17],"tags":[921,864,869,916,920,867,868,870,871,918,865],"_links":{"self":[{"href":"https:\/\/ramib.org\/oficial\/index.php\/wp-json\/wp\/v2\/posts\/5603"}],"collection":[{"href":"https:\/\/ramib.org\/oficial\/index.php\/wp-json\/wp\/v2\/posts"}],"about":[{"href":"https:\/\/ramib.org\/oficial\/index.php\/wp-json\/wp\/v2\/types\/post"}],"author":[{"embeddable":true,"href":"https:\/\/ramib.org\/oficial\/index.php\/wp-json\/wp\/v2\/users\/3"}],"replies":[{"embeddable":true,"href":"https:\/\/ramib.org\/oficial\/index.php\/wp-json\/wp\/v2\/comments?post=5603"}],"version-history":[{"count":3,"href":"https:\/\/ramib.org\/oficial\/index.php\/wp-json\/wp\/v2\/posts\/5603\/revisions"}],"predecessor-version":[{"id":5691,"href":"https:\/\/ramib.org\/oficial\/index.php\/wp-json\/wp\/v2\/posts\/5603\/revisions\/5691"}],"wp:featuredmedia":[{"embeddable":true,"href":"https:\/\/ramib.org\/oficial\/index.php\/wp-json\/wp\/v2\/media\/5687"}],"wp:attachment":[{"href":"https:\/\/ramib.org\/oficial\/index.php\/wp-json\/wp\/v2\/media?parent=5603"}],"wp:term":[{"taxonomy":"category","embeddable":true,"href":"https:\/\/ramib.org\/oficial\/index.php\/wp-json\/wp\/v2\/categories?post=5603"},{"taxonomy":"post_tag","embeddable":true,"href":"https:\/\/ramib.org\/oficial\/index.php\/wp-json\/wp\/v2\/tags?post=5603"}],"curies":[{"name":"wp","href":"https:\/\/api.w.org\/{rel}","templated":true}]}}