{"id":5506,"date":"2024-02-20T20:49:23","date_gmt":"2024-02-20T20:49:23","guid":{"rendered":"https:\/\/ramib.org\/oficial\/?p=5506"},"modified":"2024-02-20T20:56:11","modified_gmt":"2024-02-20T20:56:11","slug":"impacto-por-la-pandemia-por-sars-cov-2-en-la-economia-de-baleares","status":"publish","type":"post","link":"https:\/\/ramib.org\/oficial\/index.php\/2024\/02\/20\/impacto-por-la-pandemia-por-sars-cov-2-en-la-economia-de-baleares\/","title":{"rendered":"Impacto por la pandemia por SARS-CoV-2 en la econom\u00eda de Baleares"},"content":{"rendered":"\n<p>P\u00edndola realitzada pel M. Il. Sr. Jos\u00e9 Mar\u00eda Vicens G\u00f3mez, President del Cercle d\u2019Econom\u00eda de Mallorca i acad\u00e8mic numerari de la Reial Acad\u00e8mia de Medicina de les Illes Balears<\/p>\n","protected":false},"excerpt":{"rendered":"<p>P\u00edndola realitzada pel M. Il. Sr. Jos\u00e9 Mar\u00eda Vicens G\u00f3mez, President del Cercle d\u2019Econom\u00eda de Mallorca i acad\u00e8mic numerari de la Reial Acad\u00e8mia de Medicina de les Illes Balears<\/p>\n","protected":false},"author":3,"featured_media":5507,"comment_status":"open","ping_status":"closed","sticky":false,"template":"","format":"video","meta":{"_monsterinsights_skip_tracking":false,"_monsterinsights_sitenote_active":false,"_monsterinsights_sitenote_note":"","_monsterinsights_sitenote_category":0,"footnotes":""},"categories":[544],"tags":[774,773,309,232,199,638,616],"_links":{"self":[{"href":"https:\/\/ramib.org\/oficial\/index.php\/wp-json\/wp\/v2\/posts\/5506"}],"collection":[{"href":"https:\/\/ramib.org\/oficial\/index.php\/wp-json\/wp\/v2\/posts"}],"about":[{"href":"https:\/\/ramib.org\/oficial\/index.php\/wp-json\/wp\/v2\/types\/post"}],"author":[{"embeddable":true,"href":"https:\/\/ramib.org\/oficial\/index.php\/wp-json\/wp\/v2\/users\/3"}],"replies":[{"embeddable":true,"href":"https:\/\/ramib.org\/oficial\/index.php\/wp-json\/wp\/v2\/comments?post=5506"}],"version-history":[{"count":2,"href":"https:\/\/ramib.org\/oficial\/index.php\/wp-json\/wp\/v2\/posts\/5506\/revisions"}],"predecessor-version":[{"id":5519,"href":"https:\/\/ramib.org\/oficial\/index.php\/wp-json\/wp\/v2\/posts\/5506\/revisions\/5519"}],"wp:featuredmedia":[{"embeddable":true,"href":"https:\/\/ramib.org\/oficial\/index.php\/wp-json\/wp\/v2\/media\/5507"}],"wp:attachment":[{"href":"https:\/\/ramib.org\/oficial\/index.php\/wp-json\/wp\/v2\/media?parent=5506"}],"wp:term":[{"taxonomy":"category","embeddable":true,"href":"https:\/\/ramib.org\/oficial\/index.php\/wp-json\/wp\/v2\/categories?post=5506"},{"taxonomy":"post_tag","embeddable":true,"href":"https:\/\/ramib.org\/oficial\/index.php\/wp-json\/wp\/v2\/tags?post=5506"}],"curies":[{"name":"wp","href":"https:\/\/api.w.org\/{rel}","templated":true}]}}