{"id":5086,"date":"2023-11-28T17:01:10","date_gmt":"2023-11-28T17:01:10","guid":{"rendered":"https:\/\/ramib.org\/oficial\/?p=5086"},"modified":"2024-01-27T21:24:58","modified_gmt":"2024-01-27T21:24:58","slug":"5086","status":"publish","type":"post","link":"https:\/\/ramib.org\/oficial\/index.php\/2023\/11\/28\/5086\/?lang=es","title":{"rendered":"05\/12\/2023: Una perspectiva gen\u00e9tica de la evoluci\u00f3n global de la peste bub\u00f3nica: de las epidemias del pasado a la vigilancia del futuro"},"content":{"rendered":"\n<p>El pasado martes, 5 de diciembre de 2023, la sede de la Real Academia de Medicina de les Illes Balears acogi\u00f3 la sesi\u00f3n cient\u00edfica &#8220;Una perspectiva gen\u00e9tica de la evoluci\u00f3n global de la peste bub\u00f3nica: de las epidemias del pasado a la vigilancia del futuro\u201d.<\/p>\n\n\n\n<p>\u00a0Abri\u00f3 el acto el vicepresidente de la RAMIB, M. Il. Sr. Luis Masmiquel Comas, dando la bienvenida a las autoridades y al p\u00fablico presente.<\/p>\n\n\n<div class=\"wp-block-image\">\n<figure class=\"aligncenter size-full\"><img loading=\"lazy\" decoding=\"async\" width=\"1024\" height=\"683\" src=\"https:\/\/ramib.org\/oficial\/wp-content\/uploads\/2023\/11\/MAS1.jpg\" alt=\"\" class=\"wp-image-5139\" srcset=\"https:\/\/ramib.org\/oficial\/wp-content\/uploads\/2023\/11\/MAS1.jpg 1024w, https:\/\/ramib.org\/oficial\/wp-content\/uploads\/2023\/11\/MAS1-300x200.jpg 300w, https:\/\/ramib.org\/oficial\/wp-content\/uploads\/2023\/11\/MAS1-768x512.jpg 768w, https:\/\/ramib.org\/oficial\/wp-content\/uploads\/2023\/11\/MAS1-696x464.jpg 696w, https:\/\/ramib.org\/oficial\/wp-content\/uploads\/2023\/11\/MAS1-630x420.jpg 630w\" sizes=\"(max-width: 1024px) 100vw, 1024px\" \/><\/figure><\/div>\n\n\n<p>A continuaci\u00f3n, el acad\u00e9mico numerario M. Il. Sr. Joan March Noguera, procedi\u00f3 a presentar al ponente y un breve resumen de su curr\u00edculum.<\/p>\n\n\n<div class=\"wp-block-image\">\n<figure class=\"aligncenter size-full\"><img loading=\"lazy\" decoding=\"async\" width=\"1024\" height=\"683\" src=\"https:\/\/ramib.org\/oficial\/wp-content\/uploads\/2023\/11\/MAS2.jpg\" alt=\"\" class=\"wp-image-5141\" srcset=\"https:\/\/ramib.org\/oficial\/wp-content\/uploads\/2023\/11\/MAS2.jpg 1024w, https:\/\/ramib.org\/oficial\/wp-content\/uploads\/2023\/11\/MAS2-300x200.jpg 300w, https:\/\/ramib.org\/oficial\/wp-content\/uploads\/2023\/11\/MAS2-768x512.jpg 768w, https:\/\/ramib.org\/oficial\/wp-content\/uploads\/2023\/11\/MAS2-696x464.jpg 696w, https:\/\/ramib.org\/oficial\/wp-content\/uploads\/2023\/11\/MAS2-630x420.jpg 630w\" sizes=\"(max-width: 1024px) 100vw, 1024px\" \/><\/figure><\/div>\n\n\n<p>La ponencia fue llevada a cabo por el Dr. Guillem Mas Fiol (Portocolom, 1995), investigador postdoctoral en el prestigioso Instituto Pasteur de Par\u00eds.<\/p>\n\n\n\n<p>El Dr. Mas trabaja en un proyecto de investigaci\u00f3n junto a la Organizaci\u00f3n Mundial de la Salud (OMS) y forma parte de un grupo de investigaci\u00f3n dentro una red de laboratorios ubicados en diferentes partes del mundo, para investigar y hacer frente a la peste.<\/p>\n\n\n<div class=\"wp-block-image\">\n<figure class=\"aligncenter size-full\"><img loading=\"lazy\" decoding=\"async\" width=\"1024\" height=\"683\" src=\"https:\/\/ramib.org\/oficial\/wp-content\/uploads\/2023\/11\/MAS4.jpg\" alt=\"\" class=\"wp-image-5145\" srcset=\"https:\/\/ramib.org\/oficial\/wp-content\/uploads\/2023\/11\/MAS4.jpg 1024w, https:\/\/ramib.org\/oficial\/wp-content\/uploads\/2023\/11\/MAS4-300x200.jpg 300w, https:\/\/ramib.org\/oficial\/wp-content\/uploads\/2023\/11\/MAS4-768x512.jpg 768w, https:\/\/ramib.org\/oficial\/wp-content\/uploads\/2023\/11\/MAS4-696x464.jpg 696w, https:\/\/ramib.org\/oficial\/wp-content\/uploads\/2023\/11\/MAS4-630x420.jpg 630w\" sizes=\"(max-width: 1024px) 100vw, 1024px\" \/><\/figure><\/div>\n\n\n<p>El Dr. Mas expuso que la peste est\u00e1 desaparecida de Europa pero es famosa en la sociedad por las epidemias que hubo en la Edad Media. En el siglo XIV entre el 30 y 50 % de los europeos fallecieron de peste. No obstante, despu\u00e9s lleg\u00f3 a todos los lugares del mundo como consecuencia del movimiento migratorio, sobre todo tras la revoluci\u00f3n industrial.<\/p>\n\n\n\n<p>Prosigui\u00f3 indicando que se trata del mismo pat\u00f3geno y la misma enfermedad, s\u00f3lo que a d\u00eda de hoy se han mejorado otros aspectos como el control y la higiene que previene la enfermedad y tenemos acceso a antibi\u00f3ticos efectivos que la pueden curar y prevenir en caso de brotes. Este tipo de acciones comunitarias son definitivas ante los riesgos de epidemias.<\/p>\n\n\n<div class=\"wp-block-image\">\n<figure class=\"aligncenter size-full\"><img loading=\"lazy\" decoding=\"async\" width=\"1024\" height=\"683\" src=\"https:\/\/ramib.org\/oficial\/wp-content\/uploads\/2023\/11\/MAS5.jpg\" alt=\"\" class=\"wp-image-5147\" srcset=\"https:\/\/ramib.org\/oficial\/wp-content\/uploads\/2023\/11\/MAS5.jpg 1024w, https:\/\/ramib.org\/oficial\/wp-content\/uploads\/2023\/11\/MAS5-300x200.jpg 300w, https:\/\/ramib.org\/oficial\/wp-content\/uploads\/2023\/11\/MAS5-768x512.jpg 768w, https:\/\/ramib.org\/oficial\/wp-content\/uploads\/2023\/11\/MAS5-696x464.jpg 696w, https:\/\/ramib.org\/oficial\/wp-content\/uploads\/2023\/11\/MAS5-630x420.jpg 630w\" sizes=\"(max-width: 1024px) 100vw, 1024px\" \/><\/figure><\/div>\n\n\n<p>Es una lecci\u00f3n importante que nos ha dado el COVID en los \u00faltimos a\u00f1os. Hay que vigilar lo que pasa a miles de kil\u00f3metros de aqu\u00ed porque en semanas puede viajar hasta casa, la peste no es una excepci\u00f3n. Si los infectados viajan con avi\u00f3n a otro pa\u00eds pueden importarla.<\/p>\n\n\n\n<p>El Dr. tambi\u00e9n explic\u00f3 que hay dos formas de transmisi\u00f3n: de animales a humanos, y de humanos a humanos que pueden desarrollar una forma de enfermedad que llega a los pulmones y puede transmitirse por el aire, de forma similar a la COVID.<\/p>\n\n\n<div class=\"wp-block-image\">\n<figure class=\"aligncenter size-full\"><img loading=\"lazy\" decoding=\"async\" width=\"1024\" height=\"683\" src=\"https:\/\/ramib.org\/oficial\/wp-content\/uploads\/2023\/11\/MAS8.jpg\" alt=\"\" class=\"wp-image-5153\" srcset=\"https:\/\/ramib.org\/oficial\/wp-content\/uploads\/2023\/11\/MAS8.jpg 1024w, https:\/\/ramib.org\/oficial\/wp-content\/uploads\/2023\/11\/MAS8-300x200.jpg 300w, https:\/\/ramib.org\/oficial\/wp-content\/uploads\/2023\/11\/MAS8-768x512.jpg 768w, https:\/\/ramib.org\/oficial\/wp-content\/uploads\/2023\/11\/MAS8-696x464.jpg 696w, https:\/\/ramib.org\/oficial\/wp-content\/uploads\/2023\/11\/MAS8-630x420.jpg 630w\" sizes=\"(max-width: 1024px) 100vw, 1024px\" \/><\/figure><\/div>\n\n\n<p>En su proyecto, el Dr. Mas estudia lo relacionado con el seguimiento epidemiol\u00f3gico de las variantes. Todos los pat\u00f3genos tienen variantes, la peste tambi\u00e9n y es importante identificarlos para, precisamente cuando hay epidemias, poder discriminar el origen y encontrar casos relacionados o saber si comparten el origen de la contaminaci\u00f3n. El proyecto caracteriza las variantes en el mundo, sobre todo donde es end\u00e9mica la enfermedad, y c\u00f3mo evolucionan.<\/p>\n\n\n\n<p>As\u00ed mismo menciono que los antibi\u00f3ticos todav\u00eda son un buen tratamiento, no hay ninguna variante que se le escape pero por eso es importante estudiarlas todas. Estamos tambi\u00e9n explorando una vacuna. Hace 20 a\u00f1os que nuestro laboratorio la desarrolla con resultados muy positivos, y ahora est\u00e1 en una fase cl\u00ednica superior, a punto de probarla con animales.<\/p>\n\n\n<div class=\"wp-block-image\">\n<figure class=\"aligncenter size-full\"><img loading=\"lazy\" decoding=\"async\" width=\"1024\" height=\"683\" src=\"https:\/\/ramib.org\/oficial\/wp-content\/uploads\/2023\/11\/MAS6.jpg\" alt=\"\" class=\"wp-image-5149\" srcset=\"https:\/\/ramib.org\/oficial\/wp-content\/uploads\/2023\/11\/MAS6.jpg 1024w, https:\/\/ramib.org\/oficial\/wp-content\/uploads\/2023\/11\/MAS6-300x200.jpg 300w, https:\/\/ramib.org\/oficial\/wp-content\/uploads\/2023\/11\/MAS6-768x512.jpg 768w, https:\/\/ramib.org\/oficial\/wp-content\/uploads\/2023\/11\/MAS6-696x464.jpg 696w, https:\/\/ramib.org\/oficial\/wp-content\/uploads\/2023\/11\/MAS6-630x420.jpg 630w\" sizes=\"(max-width: 1024px) 100vw, 1024px\" \/><\/figure><\/div>\n\n\n<p>La sesi\u00f3n cient\u00edfica fue seguida con gran inter\u00e9s\u00a0 por el p\u00fablico asistente, finalizando con el habitual coloquio entre el ponente y los presentes.<\/p>\n\n\n\n<figure class=\"wp-block-image size-full\"><img loading=\"lazy\" decoding=\"async\" width=\"1024\" height=\"683\" src=\"https:\/\/ramib.org\/oficial\/wp-content\/uploads\/2023\/11\/MAS7.jpg\" alt=\"\" class=\"wp-image-5151\" srcset=\"https:\/\/ramib.org\/oficial\/wp-content\/uploads\/2023\/11\/MAS7.jpg 1024w, https:\/\/ramib.org\/oficial\/wp-content\/uploads\/2023\/11\/MAS7-300x200.jpg 300w, https:\/\/ramib.org\/oficial\/wp-content\/uploads\/2023\/11\/MAS7-768x512.jpg 768w, https:\/\/ramib.org\/oficial\/wp-content\/uploads\/2023\/11\/MAS7-696x464.jpg 696w, https:\/\/ramib.org\/oficial\/wp-content\/uploads\/2023\/11\/MAS7-630x420.jpg 630w\" sizes=\"(max-width: 1024px) 100vw, 1024px\" \/><\/figure>\n\n\n\n<p>Puede visualitzar la sesi\u00f3n cient\u00edfica en el canal de youtube de la corporaci\u00f3n clicando en el siguiente enlace:<\/p>\n\n\n\n<figure class=\"wp-block-embed aligncenter is-type-video is-provider-youtube wp-block-embed-youtube wp-embed-aspect-16-9 wp-has-aspect-ratio\"><div class=\"wp-block-embed__wrapper\">\n<iframe loading=\"lazy\" title=\"05\/12\/2023: Una perspectiva gen\u00e8tica de l&#039;evoluci\u00f3 global de la pesta bub\u00f3nica\" width=\"696\" height=\"392\" src=\"https:\/\/www.youtube.com\/embed\/B2pCYfae-q8?start=3&#038;feature=oembed\" frameborder=\"0\" allow=\"accelerometer; autoplay; clipboard-write; encrypted-media; gyroscope; picture-in-picture; web-share\" allowfullscreen><\/iframe>\n<\/div><\/figure>\n","protected":false},"excerpt":{"rendered":"<p>El pasado martes, 5 de diciembre de 2023, la sede de la Real Academia de Medicina de les Illes Balears acogi\u00f3 la sesi\u00f3n cient\u00edfica &#8220;Una perspectiva gen\u00e9tica de la evoluci\u00f3n [&hellip;]<\/p>\n","protected":false},"author":3,"featured_media":5155,"comment_status":"open","ping_status":"closed","sticky":false,"template":"","format":"standard","meta":{"_monsterinsights_skip_tracking":false,"_monsterinsights_sitenote_active":false,"_monsterinsights_sitenote_note":"","_monsterinsights_sitenote_category":0,"footnotes":""},"categories":[14,442],"tags":[602,601],"_links":{"self":[{"href":"https:\/\/ramib.org\/oficial\/index.php\/wp-json\/wp\/v2\/posts\/5086"}],"collection":[{"href":"https:\/\/ramib.org\/oficial\/index.php\/wp-json\/wp\/v2\/posts"}],"about":[{"href":"https:\/\/ramib.org\/oficial\/index.php\/wp-json\/wp\/v2\/types\/post"}],"author":[{"embeddable":true,"href":"https:\/\/ramib.org\/oficial\/index.php\/wp-json\/wp\/v2\/users\/3"}],"replies":[{"embeddable":true,"href":"https:\/\/ramib.org\/oficial\/index.php\/wp-json\/wp\/v2\/comments?post=5086"}],"version-history":[{"count":3,"href":"https:\/\/ramib.org\/oficial\/index.php\/wp-json\/wp\/v2\/posts\/5086\/revisions"}],"predecessor-version":[{"id":5309,"href":"https:\/\/ramib.org\/oficial\/index.php\/wp-json\/wp\/v2\/posts\/5086\/revisions\/5309"}],"wp:featuredmedia":[{"embeddable":true,"href":"https:\/\/ramib.org\/oficial\/index.php\/wp-json\/wp\/v2\/media\/5155"}],"wp:attachment":[{"href":"https:\/\/ramib.org\/oficial\/index.php\/wp-json\/wp\/v2\/media?parent=5086"}],"wp:term":[{"taxonomy":"category","embeddable":true,"href":"https:\/\/ramib.org\/oficial\/index.php\/wp-json\/wp\/v2\/categories?post=5086"},{"taxonomy":"post_tag","embeddable":true,"href":"https:\/\/ramib.org\/oficial\/index.php\/wp-json\/wp\/v2\/tags?post=5086"}],"curies":[{"name":"wp","href":"https:\/\/api.w.org\/{rel}","templated":true}]}}