{"id":5081,"date":"2023-11-28T16:59:50","date_gmt":"2023-11-28T16:59:50","guid":{"rendered":"https:\/\/ramib.org\/oficial\/?p=5081"},"modified":"2023-12-09T16:59:01","modified_gmt":"2023-12-09T16:59:01","slug":"5081","status":"publish","type":"post","link":"https:\/\/ramib.org\/oficial\/index.php\/2023\/11\/28\/5081\/","title":{"rendered":"05\/12\/2023: Una perspectiva gen\u00e8tica de l&#8217;evoluci\u00f3 global de la pesta bub\u00f2nica: de les epid\u00e8mies del passat a la vigil\u00e0ncia del futur"},"content":{"rendered":"\n<p>Dimarts passat, 5 de desembre de 2023, la seu de la Reial Acad\u00e8mia de Medicina dels Illes Balears va acollir la sessi\u00f3 cient\u00edfica &#8220;Una perspectiva gen\u00e8tica de l&#8217;evoluci\u00f3 global de la pesta bub\u00f3nica: de les epid\u00e8mies del passat a la vigil\u00e0ncia del futur\u201d.<\/p>\n\n\n\n<p>Va obrir l&#8217;acte el vicepresident de la RAMIB, M. Il. Sr. Lluis Masmiquel Comas, donant la benvinguda a les autoritats i al p\u00fablic present.<\/p>\n\n\n<div class=\"wp-block-image\">\n<figure class=\"aligncenter size-full\"><img loading=\"lazy\" decoding=\"async\" width=\"1024\" height=\"683\" src=\"https:\/\/ramib.org\/oficial\/wp-content\/uploads\/2023\/11\/MAS1.jpg\" alt=\"\" class=\"wp-image-5138\" srcset=\"https:\/\/ramib.org\/oficial\/wp-content\/uploads\/2023\/11\/MAS1.jpg 1024w, https:\/\/ramib.org\/oficial\/wp-content\/uploads\/2023\/11\/MAS1-300x200.jpg 300w, https:\/\/ramib.org\/oficial\/wp-content\/uploads\/2023\/11\/MAS1-768x512.jpg 768w, https:\/\/ramib.org\/oficial\/wp-content\/uploads\/2023\/11\/MAS1-696x464.jpg 696w, https:\/\/ramib.org\/oficial\/wp-content\/uploads\/2023\/11\/MAS1-630x420.jpg 630w\" sizes=\"(max-width: 1024px) 100vw, 1024px\" \/><\/figure><\/div>\n\n\n<p>A continuaci\u00f3, l&#8217;acad\u00e8mic numerari M. Il\u00b7ltre. Sr. Joan March Noguera, va procedir a presentar al ponent i un breu resum del seu curr\u00edculum.<\/p>\n\n\n<div class=\"wp-block-image\">\n<figure class=\"aligncenter size-full\"><img loading=\"lazy\" decoding=\"async\" width=\"1024\" height=\"683\" src=\"https:\/\/ramib.org\/oficial\/wp-content\/uploads\/2023\/11\/MAS2.jpg\" alt=\"\" class=\"wp-image-5140\" srcset=\"https:\/\/ramib.org\/oficial\/wp-content\/uploads\/2023\/11\/MAS2.jpg 1024w, https:\/\/ramib.org\/oficial\/wp-content\/uploads\/2023\/11\/MAS2-300x200.jpg 300w, https:\/\/ramib.org\/oficial\/wp-content\/uploads\/2023\/11\/MAS2-768x512.jpg 768w, https:\/\/ramib.org\/oficial\/wp-content\/uploads\/2023\/11\/MAS2-696x464.jpg 696w, https:\/\/ramib.org\/oficial\/wp-content\/uploads\/2023\/11\/MAS2-630x420.jpg 630w\" sizes=\"(max-width: 1024px) 100vw, 1024px\" \/><\/figure><\/div>\n\n\n<p>La pon\u00e8ncia va ser duta a terme pel Dr. Guillem Mas (Portocolom, 1995), investigador postdoctoral en el prestigi\u00f3s Institut Pasteur de Par\u00eds.<\/p>\n\n\n\n<p>El Dr. Mas treballa en un projecte de recerca al costat de l&#8217;Organitzaci\u00f3 Mundial de la Salut (OMS) i forma part d&#8217;un grup de recerca dins una xarxa de laboratoris situats en diferents parts del m\u00f3n, per a investigar i fer front a la pesta.<\/p>\n\n\n<div class=\"wp-block-image\">\n<figure class=\"aligncenter size-full\"><img loading=\"lazy\" decoding=\"async\" width=\"1024\" height=\"683\" src=\"https:\/\/ramib.org\/oficial\/wp-content\/uploads\/2023\/11\/MAS3.jpg\" alt=\"\" class=\"wp-image-5142\" srcset=\"https:\/\/ramib.org\/oficial\/wp-content\/uploads\/2023\/11\/MAS3.jpg 1024w, https:\/\/ramib.org\/oficial\/wp-content\/uploads\/2023\/11\/MAS3-300x200.jpg 300w, https:\/\/ramib.org\/oficial\/wp-content\/uploads\/2023\/11\/MAS3-768x512.jpg 768w, https:\/\/ramib.org\/oficial\/wp-content\/uploads\/2023\/11\/MAS3-696x464.jpg 696w, https:\/\/ramib.org\/oficial\/wp-content\/uploads\/2023\/11\/MAS3-630x420.jpg 630w\" sizes=\"(max-width: 1024px) 100vw, 1024px\" \/><\/figure><\/div>\n\n\n<p>El Dr. Mas va exposar que la pesta est\u00e0 desapareguda d&#8217;Europa per\u00f2 \u00e9s famosa en la societat per les epid\u00e8mies que va haver-hi en l&#8217;Edat mitjana. En el segle XIV entre el 30 i 50% dels europeus van morir de pesta. No obstant aix\u00f2, despr\u00e9s va arribar a tots els llocs del m\u00f3n a conseq\u00fc\u00e8ncia del moviment migratori, sobretot despr\u00e9s de la revoluci\u00f3 industrial.<\/p>\n\n\n\n<p>Va prosseguir indicant que es tracta del mateix patogen i la mateixa malaltia, nom\u00e9s que avui dia s&#8217;han millorat altres aspectes com el control i la higiene que prev\u00e9 la malaltia i tenim acc\u00e9s a antibi\u00f2tics efectius que la poden curar i prevenir en cas de brots. Aquest tipus d&#8217;accions comunit\u00e0ries s\u00f3n definitives davant els riscos d&#8217;epid\u00e8mies.<\/p>\n\n\n<div class=\"wp-block-image\">\n<figure class=\"aligncenter size-full\"><img loading=\"lazy\" decoding=\"async\" width=\"1024\" height=\"683\" src=\"https:\/\/ramib.org\/oficial\/wp-content\/uploads\/2023\/11\/MAS4.jpg\" alt=\"\" class=\"wp-image-5144\" srcset=\"https:\/\/ramib.org\/oficial\/wp-content\/uploads\/2023\/11\/MAS4.jpg 1024w, https:\/\/ramib.org\/oficial\/wp-content\/uploads\/2023\/11\/MAS4-300x200.jpg 300w, https:\/\/ramib.org\/oficial\/wp-content\/uploads\/2023\/11\/MAS4-768x512.jpg 768w, https:\/\/ramib.org\/oficial\/wp-content\/uploads\/2023\/11\/MAS4-696x464.jpg 696w, https:\/\/ramib.org\/oficial\/wp-content\/uploads\/2023\/11\/MAS4-630x420.jpg 630w\" sizes=\"(max-width: 1024px) 100vw, 1024px\" \/><\/figure><\/div>\n\n\n<p>\u00c9s una lli\u00e7\u00f3 important que ens ha donat el COVID en els \u00faltims anys. Cal vigilar el que passa a milers de quil\u00f2metres d&#8217;aqu\u00ed perqu\u00e8 en setmanes pot viatjar fins a casa, la pesta no \u00e9s una excepci\u00f3. Si els infectats viatgen amb avi\u00f3 a un altre pa\u00eds poden importar-la.<\/p>\n\n\n\n<p>El Dr. tamb\u00e9 va explicar que hi ha dues formes de transmissi\u00f3: d&#8217;animals a humans, i d&#8217;humans a humans que poden desenvolupar una forma de malaltia que arriba als pulmons i pot transmetre&#8217;s per l&#8217;aire, de manera similar a la COVID.<\/p>\n\n\n<div class=\"wp-block-image\">\n<figure class=\"aligncenter size-full\"><img loading=\"lazy\" decoding=\"async\" width=\"1024\" height=\"683\" src=\"https:\/\/ramib.org\/oficial\/wp-content\/uploads\/2023\/11\/MAS5.jpg\" alt=\"\" class=\"wp-image-5146\" srcset=\"https:\/\/ramib.org\/oficial\/wp-content\/uploads\/2023\/11\/MAS5.jpg 1024w, https:\/\/ramib.org\/oficial\/wp-content\/uploads\/2023\/11\/MAS5-300x200.jpg 300w, https:\/\/ramib.org\/oficial\/wp-content\/uploads\/2023\/11\/MAS5-768x512.jpg 768w, https:\/\/ramib.org\/oficial\/wp-content\/uploads\/2023\/11\/MAS5-696x464.jpg 696w, https:\/\/ramib.org\/oficial\/wp-content\/uploads\/2023\/11\/MAS5-630x420.jpg 630w\" sizes=\"(max-width: 1024px) 100vw, 1024px\" \/><\/figure><\/div>\n\n\n<p>En el seu projecte, el Dr. Mas estudia el relacionat amb el seguiment epidemiol\u00f2gic de les variants. Tots els pat\u00f2gens tenen variants, la pesta tamb\u00e9 i \u00e9s important identificar-los per a, precisament quan hi ha epid\u00e8mies, poder discriminar l&#8217;origen i trobar casos relacionats o saber si comparteixen l&#8217;origen de la contaminaci\u00f3. El projecte caracteritza les variants en el m\u00f3n, sobretot on \u00e9s end\u00e8mica la malaltia, i com evolucionen.<\/p>\n\n\n<div class=\"wp-block-image\">\n<figure class=\"aligncenter size-full\"><img loading=\"lazy\" decoding=\"async\" width=\"1024\" height=\"683\" src=\"https:\/\/ramib.org\/oficial\/wp-content\/uploads\/2023\/11\/MAS8.jpg\" alt=\"\" class=\"wp-image-5152\" srcset=\"https:\/\/ramib.org\/oficial\/wp-content\/uploads\/2023\/11\/MAS8.jpg 1024w, https:\/\/ramib.org\/oficial\/wp-content\/uploads\/2023\/11\/MAS8-300x200.jpg 300w, https:\/\/ramib.org\/oficial\/wp-content\/uploads\/2023\/11\/MAS8-768x512.jpg 768w, https:\/\/ramib.org\/oficial\/wp-content\/uploads\/2023\/11\/MAS8-696x464.jpg 696w, https:\/\/ramib.org\/oficial\/wp-content\/uploads\/2023\/11\/MAS8-630x420.jpg 630w\" sizes=\"(max-width: 1024px) 100vw, 1024px\" \/><\/figure><\/div>\n\n\n<p>Aix\u00ed mateix va comentar que els antibi\u00f2tics encara s\u00f3n un bon tractament, no hi ha cap variant que se li escapi per\u00f2 per aix\u00f2 \u00e9s important estudiar-les totes. Estem tamb\u00e9 explorant una vacuna. Fa 20 anys que el nostre laboratori la desenvolupa amb resultats molt positius, i ara est\u00e0 en una fase cl\u00ednica superior, a punt de provar-la amb animals.<\/p>\n\n\n<div class=\"wp-block-image\">\n<figure class=\"aligncenter size-full\"><img loading=\"lazy\" decoding=\"async\" width=\"1024\" height=\"683\" src=\"https:\/\/ramib.org\/oficial\/wp-content\/uploads\/2023\/11\/MAS6.jpg\" alt=\"\" class=\"wp-image-5148\" srcset=\"https:\/\/ramib.org\/oficial\/wp-content\/uploads\/2023\/11\/MAS6.jpg 1024w, https:\/\/ramib.org\/oficial\/wp-content\/uploads\/2023\/11\/MAS6-300x200.jpg 300w, https:\/\/ramib.org\/oficial\/wp-content\/uploads\/2023\/11\/MAS6-768x512.jpg 768w, https:\/\/ramib.org\/oficial\/wp-content\/uploads\/2023\/11\/MAS6-696x464.jpg 696w, https:\/\/ramib.org\/oficial\/wp-content\/uploads\/2023\/11\/MAS6-630x420.jpg 630w\" sizes=\"(max-width: 1024px) 100vw, 1024px\" \/><\/figure><\/div>\n\n\n<p>La sessi\u00f3 cient\u00edfica va ser seguida amb gran inter\u00e8s pel p\u00fablic assistent, finalitzant amb l&#8217;habitual col\u00b7loqui entre el ponent i els presents.<\/p>\n\n\n<div class=\"wp-block-image\">\n<figure class=\"aligncenter size-full\"><img loading=\"lazy\" decoding=\"async\" width=\"1024\" height=\"683\" src=\"https:\/\/ramib.org\/oficial\/wp-content\/uploads\/2023\/11\/MAS7.jpg\" alt=\"\" class=\"wp-image-5150\" srcset=\"https:\/\/ramib.org\/oficial\/wp-content\/uploads\/2023\/11\/MAS7.jpg 1024w, https:\/\/ramib.org\/oficial\/wp-content\/uploads\/2023\/11\/MAS7-300x200.jpg 300w, https:\/\/ramib.org\/oficial\/wp-content\/uploads\/2023\/11\/MAS7-768x512.jpg 768w, https:\/\/ramib.org\/oficial\/wp-content\/uploads\/2023\/11\/MAS7-696x464.jpg 696w, https:\/\/ramib.org\/oficial\/wp-content\/uploads\/2023\/11\/MAS7-630x420.jpg 630w\" sizes=\"(max-width: 1024px) 100vw, 1024px\" \/><\/figure><\/div>\n\n\n<p>Pot visualitzar la sessi\u00f3 cient\u00edfica en el canal de youtube de la corporaci\u00f3 clicant en el seg\u00fcent enlla\u00e7:<\/p>\n\n\n\n<figure class=\"wp-block-embed aligncenter is-type-video is-provider-youtube wp-block-embed-youtube wp-embed-aspect-16-9 wp-has-aspect-ratio\"><div class=\"wp-block-embed__wrapper\">\n<iframe loading=\"lazy\" title=\"05\/12\/2023: Una perspectiva gen\u00e8tica de l&#039;evoluci\u00f3 global de la pesta bub\u00f3nica\" width=\"696\" height=\"392\" src=\"https:\/\/www.youtube.com\/embed\/B2pCYfae-q8?feature=oembed\" frameborder=\"0\" allow=\"accelerometer; autoplay; clipboard-write; encrypted-media; gyroscope; picture-in-picture; web-share\" allowfullscreen><\/iframe>\n<\/div><\/figure>\n","protected":false},"excerpt":{"rendered":"<p>Dimarts passat, 5 de desembre de 2023, la seu de la Reial Acad\u00e8mia de Medicina dels Illes Balears va acollir la sessi\u00f3 cient\u00edfica &#8220;Una perspectiva gen\u00e8tica de l&#8217;evoluci\u00f3 global de [&hellip;]<\/p>\n","protected":false},"author":3,"featured_media":5154,"comment_status":"open","ping_status":"closed","sticky":false,"template":"","format":"standard","meta":{"_monsterinsights_skip_tracking":false,"_monsterinsights_sitenote_active":false,"_monsterinsights_sitenote_note":"","_monsterinsights_sitenote_category":0,"footnotes":""},"categories":[14,24,442,17],"tags":[600,598],"_links":{"self":[{"href":"https:\/\/ramib.org\/oficial\/index.php\/wp-json\/wp\/v2\/posts\/5081"}],"collection":[{"href":"https:\/\/ramib.org\/oficial\/index.php\/wp-json\/wp\/v2\/posts"}],"about":[{"href":"https:\/\/ramib.org\/oficial\/index.php\/wp-json\/wp\/v2\/types\/post"}],"author":[{"embeddable":true,"href":"https:\/\/ramib.org\/oficial\/index.php\/wp-json\/wp\/v2\/users\/3"}],"replies":[{"embeddable":true,"href":"https:\/\/ramib.org\/oficial\/index.php\/wp-json\/wp\/v2\/comments?post=5081"}],"version-history":[{"count":3,"href":"https:\/\/ramib.org\/oficial\/index.php\/wp-json\/wp\/v2\/posts\/5081\/revisions"}],"predecessor-version":[{"id":5158,"href":"https:\/\/ramib.org\/oficial\/index.php\/wp-json\/wp\/v2\/posts\/5081\/revisions\/5158"}],"wp:featuredmedia":[{"embeddable":true,"href":"https:\/\/ramib.org\/oficial\/index.php\/wp-json\/wp\/v2\/media\/5154"}],"wp:attachment":[{"href":"https:\/\/ramib.org\/oficial\/index.php\/wp-json\/wp\/v2\/media?parent=5081"}],"wp:term":[{"taxonomy":"category","embeddable":true,"href":"https:\/\/ramib.org\/oficial\/index.php\/wp-json\/wp\/v2\/categories?post=5081"},{"taxonomy":"post_tag","embeddable":true,"href":"https:\/\/ramib.org\/oficial\/index.php\/wp-json\/wp\/v2\/tags?post=5081"}],"curies":[{"name":"wp","href":"https:\/\/api.w.org\/{rel}","templated":true}]}}