{"id":5034,"date":"2023-11-13T16:30:51","date_gmt":"2023-11-13T16:30:51","guid":{"rendered":"https:\/\/ramib.org\/oficial\/?p=5034"},"modified":"2023-11-30T19:18:41","modified_gmt":"2023-11-30T19:18:41","slug":"5034","status":"publish","type":"post","link":"https:\/\/ramib.org\/oficial\/index.php\/2023\/11\/13\/5034\/","title":{"rendered":"21\/11\/2023: Medicina Forense en les Illes Balears: Hist\u00f2ria i protagonistes. En mem\u00f2ria del M. Il. Sr. Bartolom\u00e9 Nadal Moncadas"},"content":{"rendered":"\n<p>Dimarts passat, 21 de novembre de 2023, la seu de la Reial Acad\u00e8mia de Medicina dels Illes Balears va acollir la sessi\u00f3 cient\u00edfica &#8220;Medicina Forense en les Illes Balears: Hist\u00f2ria i protagonistes&#8221;<\/p>\n\n\n<div class=\"wp-block-image\">\n<figure class=\"aligncenter size-full\"><img loading=\"lazy\" decoding=\"async\" width=\"1024\" height=\"683\" src=\"https:\/\/ramib.org\/oficial\/wp-content\/uploads\/2023\/11\/NADAL1.jpg\" alt=\"\" class=\"wp-image-5089\" srcset=\"https:\/\/ramib.org\/oficial\/wp-content\/uploads\/2023\/11\/NADAL1.jpg 1024w, https:\/\/ramib.org\/oficial\/wp-content\/uploads\/2023\/11\/NADAL1-300x200.jpg 300w, https:\/\/ramib.org\/oficial\/wp-content\/uploads\/2023\/11\/NADAL1-768x512.jpg 768w, https:\/\/ramib.org\/oficial\/wp-content\/uploads\/2023\/11\/NADAL1-696x464.jpg 696w, https:\/\/ramib.org\/oficial\/wp-content\/uploads\/2023\/11\/NADAL1-630x420.jpg 630w\" sizes=\"(max-width: 1024px) 100vw, 1024px\" \/><\/figure><\/div>\n\n\n<p>Va obrir l&#8217;acte el president de la RAMIB, Excm. Sr. Joan Besalduch Vidal, donant la benvinguda a les autoritats, ponents i al p\u00fablic present.<\/p>\n\n\n<div class=\"wp-block-image\">\n<figure class=\"aligncenter size-full\"><img loading=\"lazy\" decoding=\"async\" width=\"1024\" height=\"683\" src=\"https:\/\/ramib.org\/oficial\/wp-content\/uploads\/2023\/11\/NADAL2.jpg\" alt=\"\" class=\"wp-image-5091\" srcset=\"https:\/\/ramib.org\/oficial\/wp-content\/uploads\/2023\/11\/NADAL2.jpg 1024w, https:\/\/ramib.org\/oficial\/wp-content\/uploads\/2023\/11\/NADAL2-300x200.jpg 300w, https:\/\/ramib.org\/oficial\/wp-content\/uploads\/2023\/11\/NADAL2-768x512.jpg 768w, https:\/\/ramib.org\/oficial\/wp-content\/uploads\/2023\/11\/NADAL2-696x464.jpg 696w, https:\/\/ramib.org\/oficial\/wp-content\/uploads\/2023\/11\/NADAL2-630x420.jpg 630w\" sizes=\"(max-width: 1024px) 100vw, 1024px\" \/><\/figure><\/div>\n\n\n<p>A continuaci\u00f3, l&#8217;acad\u00e8mic numerari M. Il\u00b7ltre. Sr. Jos\u00e9 Francisco Forteza Albert\u00ed, va procedir a presentar als ponents i un breu resum del seu curr\u00edculum.<\/p>\n\n\n\n<p>El m\u00e8dic forense jubilat Miquel Timoner i la m\u00e8dica forense, especialista en Criminologia i professora associada de la UIB Ana Bel\u00e9n Garc\u00eda van ser els ponents en aquesta sessi\u00f3 cient\u00edfica dedicada a la mem\u00f2ria del M. Il\u00b7ltre. Sr. Dr. Bartomeu Nadal Moncadas.<\/p>\n\n\n<div class=\"wp-block-image\">\n<figure class=\"aligncenter size-full\"><img loading=\"lazy\" decoding=\"async\" width=\"1024\" height=\"683\" src=\"https:\/\/ramib.org\/oficial\/wp-content\/uploads\/2023\/11\/nadal5.jpg\" alt=\"\" class=\"wp-image-5097\" srcset=\"https:\/\/ramib.org\/oficial\/wp-content\/uploads\/2023\/11\/nadal5.jpg 1024w, https:\/\/ramib.org\/oficial\/wp-content\/uploads\/2023\/11\/nadal5-300x200.jpg 300w, https:\/\/ramib.org\/oficial\/wp-content\/uploads\/2023\/11\/nadal5-768x512.jpg 768w, https:\/\/ramib.org\/oficial\/wp-content\/uploads\/2023\/11\/nadal5-696x464.jpg 696w, https:\/\/ramib.org\/oficial\/wp-content\/uploads\/2023\/11\/nadal5-630x420.jpg 630w\" sizes=\"(max-width: 1024px) 100vw, 1024px\" \/><\/figure><\/div>\n\n\n<p>Els ponents varen exposar que \u00abla medicina forense, tamb\u00e9 dita legal, ajuda als jutges en els casos en els quals es requereixen coneixements m\u00e8dics o biol\u00f2gics, principalment en els referits a salut general, lesions, morts violentes -tr\u00e0nsit, homicidis, su\u00efcidis-, viol\u00e8ncia contra la dona, salut mental o capacitats. Els forenses s\u00f3n ara un cos nacional superior dependent del Ministeri de Just\u00edcia a trav\u00e9s d&#8217;un institut de medicina legal, per\u00f2 en \u00e8poques passades cadascun d&#8217;ells estava adscrit a un jutjat\u00bb.<\/p>\n\n\n\n<p>Els dos van assenyalar que \u00abdes de 2020, els forenses accedeixen a la seva especialitat per la via del Metge Intern Resident -MIR-, amb tots els seus processos de formaci\u00f3 i rotaci\u00f3. Aquesta novetat \u00e9s indubtablement positiva, perqu\u00e8 suposa un salt en la formaci\u00f3. Amb anterioritat, accedien per una oposici\u00f3 a la qual seguien uns cursos i unes pr\u00e0ctiques\u00bb.<\/p>\n\n\n\n<figure class=\"wp-block-image size-full\"><img loading=\"lazy\" decoding=\"async\" width=\"1024\" height=\"683\" src=\"https:\/\/ramib.org\/oficial\/wp-content\/uploads\/2023\/11\/NADAL3.jpg\" alt=\"\" class=\"wp-image-5093\" srcset=\"https:\/\/ramib.org\/oficial\/wp-content\/uploads\/2023\/11\/NADAL3.jpg 1024w, https:\/\/ramib.org\/oficial\/wp-content\/uploads\/2023\/11\/NADAL3-300x200.jpg 300w, https:\/\/ramib.org\/oficial\/wp-content\/uploads\/2023\/11\/NADAL3-768x512.jpg 768w, https:\/\/ramib.org\/oficial\/wp-content\/uploads\/2023\/11\/NADAL3-696x464.jpg 696w, https:\/\/ramib.org\/oficial\/wp-content\/uploads\/2023\/11\/NADAL3-630x420.jpg 630w\" sizes=\"(max-width: 1024px) 100vw, 1024px\" \/><\/figure>\n\n\n\n<p>El Dr. Timoner va indicar que \u00abamb l&#8217;Institut de Medicina Legal -Balears t\u00e9 el seu-, hi ha m\u00e9s mitjans humans i materials , per\u00f2 s&#8217;ha perdut la relaci\u00f3 humana i directa entre jutge i forense\u00bb. Actualment, hi ha en 17 m\u00e8dics forenses a Mallorca, 4 a Eivissa (\u00abencara que haurien de ser 5\u00bb, precisen) i 2 a Menorca. Segons Garc\u00eda, \u00abs\u00f3n pocs. Tenim la mateixa plantilla que Badajoz, quan aqu\u00ed la poblaci\u00f3 es multiplica a l&#8217;estiu i tamb\u00e9 s&#8217;incrementen factors com el consum d&#8217;alcohol i estupefaents, les agressions sexuals o les pr\u00e0ctiques de risc. Els forenses tamb\u00e9 tenen vacances, per la qual cosa en \u00e8poca estival baixa la plantilla i puja el treball\u00bb.<\/p>\n\n\n<div class=\"wp-block-image\">\n<figure class=\"aligncenter size-full\"><img loading=\"lazy\" decoding=\"async\" width=\"1024\" height=\"683\" src=\"https:\/\/ramib.org\/oficial\/wp-content\/uploads\/2023\/11\/NADAL4.jpg\" alt=\"\" class=\"wp-image-5095\" srcset=\"https:\/\/ramib.org\/oficial\/wp-content\/uploads\/2023\/11\/NADAL4.jpg 1024w, https:\/\/ramib.org\/oficial\/wp-content\/uploads\/2023\/11\/NADAL4-300x200.jpg 300w, https:\/\/ramib.org\/oficial\/wp-content\/uploads\/2023\/11\/NADAL4-768x512.jpg 768w, https:\/\/ramib.org\/oficial\/wp-content\/uploads\/2023\/11\/NADAL4-696x464.jpg 696w, https:\/\/ramib.org\/oficial\/wp-content\/uploads\/2023\/11\/NADAL4-630x420.jpg 630w\" sizes=\"(max-width: 1024px) 100vw, 1024px\" \/><\/figure><\/div>\n\n\n<p>A Mallorca, hi ha tres forenses dedicats a les aut\u00f2psies, que es practiquen quan hi ha morts violentes o sospitoses de criminalitat. Nom\u00e9s a Mallorca es practiquen unes 700 a l&#8217;any. Una q\u00fcesti\u00f3 que mereix una atenci\u00f3 especial \u00e9s el dels su\u00efcidis. Tots dos metges destaquen que \u00abhi ha 11 su\u00efcidis diaris a Espanya. En morts entre la poblaci\u00f3 menor de 30 anys, els su\u00efcidis ja han superat als accidents de tr\u00e0nsit. En aquest aspecte, existeix un problema de salut mental que continua sent una assignatura pendent\u00bb.<\/p>\n\n\n<div class=\"wp-block-image\">\n<figure class=\"aligncenter size-full\"><img loading=\"lazy\" decoding=\"async\" width=\"1024\" height=\"683\" src=\"https:\/\/ramib.org\/oficial\/wp-content\/uploads\/2023\/11\/nadal6.jpg\" alt=\"\" class=\"wp-image-5099\" srcset=\"https:\/\/ramib.org\/oficial\/wp-content\/uploads\/2023\/11\/nadal6.jpg 1024w, https:\/\/ramib.org\/oficial\/wp-content\/uploads\/2023\/11\/nadal6-300x200.jpg 300w, https:\/\/ramib.org\/oficial\/wp-content\/uploads\/2023\/11\/nadal6-768x512.jpg 768w, https:\/\/ramib.org\/oficial\/wp-content\/uploads\/2023\/11\/nadal6-696x464.jpg 696w, https:\/\/ramib.org\/oficial\/wp-content\/uploads\/2023\/11\/nadal6-630x420.jpg 630w\" sizes=\"(max-width: 1024px) 100vw, 1024px\" \/><\/figure><\/div>\n\n\n<p>La medicina legal es va implantar en tota Espanya en 1915, encara que les primeres dades de la seva activitat en Balears corresponen a principis dels anys 20. L&#8217;Institut de Medicina Legal i Ci\u00e8ncies Forenses es va crear en Balears en 2003, per la qual cosa ha complert 20 anys.<\/p>\n\n\n\n<p>Una vegada finalitzada la pon\u00e8ncia es van dedicar unes paraules al M. Il\u00b7ltre. Sr. Bartolom\u00e9 Nadal Moncadas per diversos acad\u00e8mics de la corporaci\u00f3.<\/p>\n\n\n<div class=\"wp-block-image\">\n<figure class=\"aligncenter size-full\"><img loading=\"lazy\" decoding=\"async\" width=\"1024\" height=\"683\" src=\"https:\/\/ramib.org\/oficial\/wp-content\/uploads\/2023\/11\/NADAL8.jpg\" alt=\"\" class=\"wp-image-5105\" srcset=\"https:\/\/ramib.org\/oficial\/wp-content\/uploads\/2023\/11\/NADAL8.jpg 1024w, https:\/\/ramib.org\/oficial\/wp-content\/uploads\/2023\/11\/NADAL8-300x200.jpg 300w, https:\/\/ramib.org\/oficial\/wp-content\/uploads\/2023\/11\/NADAL8-768x512.jpg 768w, https:\/\/ramib.org\/oficial\/wp-content\/uploads\/2023\/11\/NADAL8-696x464.jpg 696w, https:\/\/ramib.org\/oficial\/wp-content\/uploads\/2023\/11\/NADAL8-630x420.jpg 630w\" sizes=\"(max-width: 1024px) 100vw, 1024px\" \/><figcaption class=\"wp-element-caption\">M. Il. Sr. Antoni Ca\u00f1ellas Trobat<\/figcaption><\/figure><\/div>\n\n<div class=\"wp-block-image\">\n<figure class=\"aligncenter size-full\"><img loading=\"lazy\" decoding=\"async\" width=\"1024\" height=\"683\" src=\"https:\/\/ramib.org\/oficial\/wp-content\/uploads\/2023\/11\/NADAL9.jpg\" alt=\"\" class=\"wp-image-5107\" srcset=\"https:\/\/ramib.org\/oficial\/wp-content\/uploads\/2023\/11\/NADAL9.jpg 1024w, https:\/\/ramib.org\/oficial\/wp-content\/uploads\/2023\/11\/NADAL9-300x200.jpg 300w, https:\/\/ramib.org\/oficial\/wp-content\/uploads\/2023\/11\/NADAL9-768x512.jpg 768w, https:\/\/ramib.org\/oficial\/wp-content\/uploads\/2023\/11\/NADAL9-696x464.jpg 696w, https:\/\/ramib.org\/oficial\/wp-content\/uploads\/2023\/11\/NADAL9-630x420.jpg 630w\" sizes=\"(max-width: 1024px) 100vw, 1024px\" \/><figcaption class=\"wp-element-caption\">M. Il. Sra. Juana Maria Rom\u00e1n Pi\u00f1ana<\/figcaption><\/figure><\/div>\n\n\n<p>Un vegada finalitzades totes la intervencions, el President de la RAMIB va tancar l&#8217;acte amb unes paraules pr\u00f2pies recordant al Dr. Nadal.<\/p>\n\n\n\n<figure class=\"wp-block-image size-full\"><img loading=\"lazy\" decoding=\"async\" width=\"1024\" height=\"683\" src=\"https:\/\/ramib.org\/oficial\/wp-content\/uploads\/2023\/11\/nadal7.jpg\" alt=\"\" class=\"wp-image-5101\" srcset=\"https:\/\/ramib.org\/oficial\/wp-content\/uploads\/2023\/11\/nadal7.jpg 1024w, https:\/\/ramib.org\/oficial\/wp-content\/uploads\/2023\/11\/nadal7-300x200.jpg 300w, https:\/\/ramib.org\/oficial\/wp-content\/uploads\/2023\/11\/nadal7-768x512.jpg 768w, https:\/\/ramib.org\/oficial\/wp-content\/uploads\/2023\/11\/nadal7-696x464.jpg 696w, https:\/\/ramib.org\/oficial\/wp-content\/uploads\/2023\/11\/nadal7-630x420.jpg 630w\" sizes=\"(max-width: 1024px) 100vw, 1024px\" \/><\/figure>\n\n\n\n<p>Pot visualtizar la sessi\u00f3 cient\u00edfica en el canal de youtube de la corporaci\u00f3 en el seg\u00fcent enlla\u00e7:<\/p>\n\n\n\n<figure class=\"wp-block-embed is-type-video is-provider-youtube wp-block-embed-youtube wp-embed-aspect-16-9 wp-has-aspect-ratio\"><div class=\"wp-block-embed__wrapper\">\n<iframe loading=\"lazy\" title=\"21\/11\/2023: Medicina Forense en les Illes Balears: Historia y protagonistas\" width=\"696\" height=\"392\" src=\"https:\/\/www.youtube.com\/embed\/8t-YE6GC8Rk?feature=oembed\" frameborder=\"0\" allow=\"accelerometer; autoplay; clipboard-write; encrypted-media; gyroscope; picture-in-picture; web-share\" allowfullscreen><\/iframe>\n<\/div><\/figure>\n","protected":false},"excerpt":{"rendered":"<p>Dimarts passat, 21 de novembre de 2023, la seu de la Reial Acad\u00e8mia de Medicina dels Illes Balears va acollir la sessi\u00f3 cient\u00edfica &#8220;Medicina Forense en les Illes Balears: Hist\u00f2ria [&hellip;]<\/p>\n","protected":false},"author":3,"featured_media":5103,"comment_status":"open","ping_status":"closed","sticky":false,"template":"","format":"standard","meta":{"_monsterinsights_skip_tracking":false,"_monsterinsights_sitenote_active":false,"_monsterinsights_sitenote_note":"","_monsterinsights_sitenote_category":0,"footnotes":""},"categories":[14,24,442,17],"tags":[589,587,586,585,588,590],"_links":{"self":[{"href":"https:\/\/ramib.org\/oficial\/index.php\/wp-json\/wp\/v2\/posts\/5034"}],"collection":[{"href":"https:\/\/ramib.org\/oficial\/index.php\/wp-json\/wp\/v2\/posts"}],"about":[{"href":"https:\/\/ramib.org\/oficial\/index.php\/wp-json\/wp\/v2\/types\/post"}],"author":[{"embeddable":true,"href":"https:\/\/ramib.org\/oficial\/index.php\/wp-json\/wp\/v2\/users\/3"}],"replies":[{"embeddable":true,"href":"https:\/\/ramib.org\/oficial\/index.php\/wp-json\/wp\/v2\/comments?post=5034"}],"version-history":[{"count":4,"href":"https:\/\/ramib.org\/oficial\/index.php\/wp-json\/wp\/v2\/posts\/5034\/revisions"}],"predecessor-version":[{"id":5109,"href":"https:\/\/ramib.org\/oficial\/index.php\/wp-json\/wp\/v2\/posts\/5034\/revisions\/5109"}],"wp:featuredmedia":[{"embeddable":true,"href":"https:\/\/ramib.org\/oficial\/index.php\/wp-json\/wp\/v2\/media\/5103"}],"wp:attachment":[{"href":"https:\/\/ramib.org\/oficial\/index.php\/wp-json\/wp\/v2\/media?parent=5034"}],"wp:term":[{"taxonomy":"category","embeddable":true,"href":"https:\/\/ramib.org\/oficial\/index.php\/wp-json\/wp\/v2\/categories?post=5034"},{"taxonomy":"post_tag","embeddable":true,"href":"https:\/\/ramib.org\/oficial\/index.php\/wp-json\/wp\/v2\/tags?post=5034"}],"curies":[{"name":"wp","href":"https:\/\/api.w.org\/{rel}","templated":true}]}}