{"id":5008,"date":"2023-11-05T18:09:24","date_gmt":"2023-11-05T18:09:24","guid":{"rendered":"https:\/\/ramib.org\/oficial\/?p=5008"},"modified":"2024-04-12T13:09:24","modified_gmt":"2024-04-12T13:09:24","slug":"5008","status":"publish","type":"post","link":"https:\/\/ramib.org\/oficial\/index.php\/2023\/11\/05\/5008\/?lang=es","title":{"rendered":"09\/11\/2023: Solemne sesi\u00f3n de ingreso como Acad\u00e9mico Numerario del M. Il. Sr. Antonio Pareja Bezares"},"content":{"rendered":"\n<p>El pasado jueves, 9 de noviembre de 2023, la sede de la Real Academia de Medicina de les Illes Balears acogi\u00f3 la solemne ceremonia de ingreso como Acad\u00e9mico Numerario del M. Il. Sr. Dr. Antonio Pareja Bezares.<\/p>\n\n\n<div class=\"wp-block-image\">\n<figure class=\"aligncenter size-full\"><img loading=\"lazy\" decoding=\"async\" width=\"1024\" height=\"683\" src=\"https:\/\/ramib.org\/oficial\/wp-content\/uploads\/2023\/11\/pareja2.jpg\" alt=\"\" class=\"wp-image-5048\" srcset=\"https:\/\/ramib.org\/oficial\/wp-content\/uploads\/2023\/11\/pareja2.jpg 1024w, https:\/\/ramib.org\/oficial\/wp-content\/uploads\/2023\/11\/pareja2-300x200.jpg 300w, https:\/\/ramib.org\/oficial\/wp-content\/uploads\/2023\/11\/pareja2-768x512.jpg 768w, https:\/\/ramib.org\/oficial\/wp-content\/uploads\/2023\/11\/pareja2-696x464.jpg 696w, https:\/\/ramib.org\/oficial\/wp-content\/uploads\/2023\/11\/pareja2-630x420.jpg 630w\" sizes=\"(max-width: 1024px) 100vw, 1024px\" \/><\/figure><\/div>\n\n\n<p>El acto solemne fue inaugurado por el presidente de la RAMIB, Excmo. Sr. Joan Besalduch Vidal, dando la bienvenida a las autoridades y al p\u00fablico presente..<\/p>\n\n\n<div class=\"wp-block-image\">\n<figure class=\"aligncenter size-full\"><img loading=\"lazy\" decoding=\"async\" width=\"1024\" height=\"683\" src=\"https:\/\/ramib.org\/oficial\/wp-content\/uploads\/2023\/11\/pareja3.jpg\" alt=\"\" class=\"wp-image-5050\" srcset=\"https:\/\/ramib.org\/oficial\/wp-content\/uploads\/2023\/11\/pareja3.jpg 1024w, https:\/\/ramib.org\/oficial\/wp-content\/uploads\/2023\/11\/pareja3-300x200.jpg 300w, https:\/\/ramib.org\/oficial\/wp-content\/uploads\/2023\/11\/pareja3-768x512.jpg 768w, https:\/\/ramib.org\/oficial\/wp-content\/uploads\/2023\/11\/pareja3-696x464.jpg 696w, https:\/\/ramib.org\/oficial\/wp-content\/uploads\/2023\/11\/pareja3-630x420.jpg 630w\" sizes=\"(max-width: 1024px) 100vw, 1024px\" \/><\/figure><\/div>\n\n\n<p>A continuaci\u00f3n, el secretario de la instituci\u00f3n, M. Il. Sr. Javier Cort\u00e9s Bordoy, procedi\u00f3 a dar lectura al acta que recog\u00eda el nombramiento del Dr. Pareja.<\/p>\n\n\n\n<p>C\u00f3mo manda el protocolo del acto, el Dr. Antonio Pareja entr\u00f3 en la sede de la RAMIB acompa\u00f1ado por los acad\u00e9micos m\u00e1s antiguo y m\u00e1s moderno, y pas\u00f3 a leer su discurso titulado \u201dInfecciones asociadas a los cuidados sanitarios. Prevenci\u00f3n y control: aislamientos\u201d.<\/p>\n\n\n<div class=\"wp-block-image\">\n<figure class=\"aligncenter size-full\"><img loading=\"lazy\" decoding=\"async\" width=\"1024\" height=\"683\" src=\"https:\/\/ramib.org\/oficial\/wp-content\/uploads\/2023\/11\/pareja8.jpg\" alt=\"\" class=\"wp-image-5060\" srcset=\"https:\/\/ramib.org\/oficial\/wp-content\/uploads\/2023\/11\/pareja8.jpg 1024w, https:\/\/ramib.org\/oficial\/wp-content\/uploads\/2023\/11\/pareja8-300x200.jpg 300w, https:\/\/ramib.org\/oficial\/wp-content\/uploads\/2023\/11\/pareja8-768x512.jpg 768w, https:\/\/ramib.org\/oficial\/wp-content\/uploads\/2023\/11\/pareja8-696x464.jpg 696w, https:\/\/ramib.org\/oficial\/wp-content\/uploads\/2023\/11\/pareja8-630x420.jpg 630w\" sizes=\"(max-width: 1024px) 100vw, 1024px\" \/><\/figure><\/div>\n\n\n<p>La conferencia se centr\u00f3 en la importancia del aislamiento para controlar las infecciones.<\/p>\n\n\n\n<p>El desarrollo de los aislamientos como herramienta terap\u00e9utica data de finales del siglo XIX, coment\u00f3 el Dr. Pareja durante su discurso.<\/p>\n\n\n<div class=\"wp-block-image\">\n<figure class=\"aligncenter size-full\"><img loading=\"lazy\" decoding=\"async\" width=\"1024\" height=\"683\" src=\"https:\/\/ramib.org\/oficial\/wp-content\/uploads\/2023\/11\/pareja4.jpg\" alt=\"\" class=\"wp-image-5052\" srcset=\"https:\/\/ramib.org\/oficial\/wp-content\/uploads\/2023\/11\/pareja4.jpg 1024w, https:\/\/ramib.org\/oficial\/wp-content\/uploads\/2023\/11\/pareja4-300x200.jpg 300w, https:\/\/ramib.org\/oficial\/wp-content\/uploads\/2023\/11\/pareja4-768x512.jpg 768w, https:\/\/ramib.org\/oficial\/wp-content\/uploads\/2023\/11\/pareja4-696x464.jpg 696w, https:\/\/ramib.org\/oficial\/wp-content\/uploads\/2023\/11\/pareja4-630x420.jpg 630w\" sizes=\"(max-width: 1024px) 100vw, 1024px\" \/><figcaption class=\"wp-element-caption\">.<\/figcaption><\/figure><\/div>\n\n<div class=\"wp-block-image\">\n<figure class=\"aligncenter size-full\"><img loading=\"lazy\" decoding=\"async\" width=\"1024\" height=\"683\" src=\"https:\/\/ramib.org\/oficial\/wp-content\/uploads\/2023\/11\/pareja5.jpg\" alt=\"\" class=\"wp-image-5054\" srcset=\"https:\/\/ramib.org\/oficial\/wp-content\/uploads\/2023\/11\/pareja5.jpg 1024w, https:\/\/ramib.org\/oficial\/wp-content\/uploads\/2023\/11\/pareja5-300x200.jpg 300w, https:\/\/ramib.org\/oficial\/wp-content\/uploads\/2023\/11\/pareja5-768x512.jpg 768w, https:\/\/ramib.org\/oficial\/wp-content\/uploads\/2023\/11\/pareja5-696x464.jpg 696w, https:\/\/ramib.org\/oficial\/wp-content\/uploads\/2023\/11\/pareja5-630x420.jpg 630w\" sizes=\"(max-width: 1024px) 100vw, 1024px\" \/><\/figure><\/div>\n\n\n<p>Hay que crear una estructura en salud p\u00fablica y cuando se necesite despertarla,<\/p>\n\n\n\n<p>Esa estructura se tiene que crear con una salud p\u00fablica potente, con recursos humanos preparados y formados. Cuando lleg\u00f3 la pandemia surgieron los expertos sin experiencia. Hab\u00eda gente que pontificaba y no sab\u00eda ni si era un virus con estructura ADN o RNA. No ten\u00edamos a personas suficientes preparadas para dar respuesta. Se formaron en ocho horas a rastreadores, cuando hab\u00eda que hacerlo con a\u00f1os de anticipaci\u00f3n. Hay que tener un pool de gente formada e ir actualiz\u00e1ndola. Y no improvisar. Hay que crear estructuras estables y formadas para despertarlas cuando se necesiten.<\/p>\n\n\n<div class=\"wp-block-image\">\n<figure class=\"aligncenter size-full\"><img loading=\"lazy\" decoding=\"async\" width=\"1024\" height=\"683\" src=\"https:\/\/ramib.org\/oficial\/wp-content\/uploads\/2023\/11\/pareja7.jpg\" alt=\"\" class=\"wp-image-5058\" srcset=\"https:\/\/ramib.org\/oficial\/wp-content\/uploads\/2023\/11\/pareja7.jpg 1024w, https:\/\/ramib.org\/oficial\/wp-content\/uploads\/2023\/11\/pareja7-300x200.jpg 300w, https:\/\/ramib.org\/oficial\/wp-content\/uploads\/2023\/11\/pareja7-768x512.jpg 768w, https:\/\/ramib.org\/oficial\/wp-content\/uploads\/2023\/11\/pareja7-696x464.jpg 696w, https:\/\/ramib.org\/oficial\/wp-content\/uploads\/2023\/11\/pareja7-630x420.jpg 630w\" sizes=\"(max-width: 1024px) 100vw, 1024px\" \/><\/figure><\/div>\n\n\n<p>As\u00ed mismo y sobre las medidas de prevenci\u00f3n el Dr. Pareja expuso que las mismas son de hace un siglo.- En mi formaci\u00f3n influy\u00f3 mucho John Snow que en 1850, durante un brote de c\u00f3lera en Londres, control\u00f3 la epidemia analizando los casos en funci\u00f3n del tiempo, cu\u00e1ndo aparecen, c\u00f3mo evoluciona y pintando las muertes en un mapa, con las caracter\u00edsticas de cada persona. Construy\u00f3 un informe de transmisi\u00f3n y estableci\u00f3 el origen en una bomba de agua contaminada. En una semana dej\u00f3 de haber casos, es uno de los padres de la epidemiolog\u00eda moderna. Yo quer\u00eda hacer lo de este hombre.<\/p>\n\n\n<div class=\"wp-block-image\">\n<figure class=\"aligncenter size-full\"><img loading=\"lazy\" decoding=\"async\" width=\"1024\" height=\"683\" src=\"https:\/\/ramib.org\/oficial\/wp-content\/uploads\/2023\/11\/pareja6.jpg\" alt=\"\" class=\"wp-image-5056\" srcset=\"https:\/\/ramib.org\/oficial\/wp-content\/uploads\/2023\/11\/pareja6.jpg 1024w, https:\/\/ramib.org\/oficial\/wp-content\/uploads\/2023\/11\/pareja6-300x200.jpg 300w, https:\/\/ramib.org\/oficial\/wp-content\/uploads\/2023\/11\/pareja6-768x512.jpg 768w, https:\/\/ramib.org\/oficial\/wp-content\/uploads\/2023\/11\/pareja6-696x464.jpg 696w, https:\/\/ramib.org\/oficial\/wp-content\/uploads\/2023\/11\/pareja6-630x420.jpg 630w\" sizes=\"(max-width: 1024px) 100vw, 1024px\" \/><\/figure><\/div>\n\n\n<p>El aislamiento tambi\u00e9n sirve frente la bacteria \u2018Staphylococcus aureus\u2019, resistente a la meticilina (SARM) y muy presente en ambientes hospitalarios.<\/p>\n\n\n\n<p>Las precauciones est\u00e1ndar son las m\u00e1s importantes en los cuidados de \u00e1mbito sanitario donde las infecciones por esta bacteria son el efecto adverso m\u00e1s frecuente. A veces basta con un aislamiento, ponerse guantes, lavarse las manos o usar una pantalla facial. Con esto nunca llegar\u00e9 a cero infecciones pero s\u00ed al m\u00ednimo irreductible, que es el m\u00e1s bajo. Hay que conseguirlo.<\/p>\n\n\n<div class=\"wp-block-image\">\n<figure class=\"aligncenter size-full\"><img loading=\"lazy\" decoding=\"async\" width=\"1024\" height=\"683\" src=\"https:\/\/ramib.org\/oficial\/wp-content\/uploads\/2023\/11\/pareja10.jpg\" alt=\"\" class=\"wp-image-5064\" srcset=\"https:\/\/ramib.org\/oficial\/wp-content\/uploads\/2023\/11\/pareja10.jpg 1024w, https:\/\/ramib.org\/oficial\/wp-content\/uploads\/2023\/11\/pareja10-300x200.jpg 300w, https:\/\/ramib.org\/oficial\/wp-content\/uploads\/2023\/11\/pareja10-768x512.jpg 768w, https:\/\/ramib.org\/oficial\/wp-content\/uploads\/2023\/11\/pareja10-696x464.jpg 696w, https:\/\/ramib.org\/oficial\/wp-content\/uploads\/2023\/11\/pareja10-630x420.jpg 630w\" sizes=\"(max-width: 1024px) 100vw, 1024px\" \/><\/figure><\/div>\n\n\n<p>Una vez finalizada la ponencia, el M. Il. Sr. Arturo L\u00f3pez Gonz\u00e1lez, realiz\u00f3 la contestaci\u00f3n por parte de la corporaci\u00f3n al acad\u00e9mico recipiendario.<\/p>\n\n\n\n<p>Para finalizar el acto solemne, el Presidente de la RAMIB entreg\u00f3 al Acad\u00e9mico Recipiendario el t\u00edtulo correspondiente y le impuso la medalla de Acad\u00e9mico Numerario.<\/p>\n\n\n<div class=\"wp-block-image\">\n<figure class=\"aligncenter size-full\"><img loading=\"lazy\" decoding=\"async\" width=\"1024\" height=\"683\" src=\"https:\/\/ramib.org\/oficial\/wp-content\/uploads\/2023\/11\/pareja13.jpg\" alt=\"\" class=\"wp-image-5070\" srcset=\"https:\/\/ramib.org\/oficial\/wp-content\/uploads\/2023\/11\/pareja13.jpg 1024w, https:\/\/ramib.org\/oficial\/wp-content\/uploads\/2023\/11\/pareja13-300x200.jpg 300w, https:\/\/ramib.org\/oficial\/wp-content\/uploads\/2023\/11\/pareja13-768x512.jpg 768w, https:\/\/ramib.org\/oficial\/wp-content\/uploads\/2023\/11\/pareja13-696x464.jpg 696w, https:\/\/ramib.org\/oficial\/wp-content\/uploads\/2023\/11\/pareja13-630x420.jpg 630w\" sizes=\"(max-width: 1024px) 100vw, 1024px\" \/><figcaption class=\"wp-element-caption\">Momento en el que el presidente entrega el t\u00edtulo y la medalla de acad\u00e9mico numerario al M. Il. Sr. Antonio Pareja Bezares<\/figcaption><\/figure><\/div>\n\n<div class=\"wp-block-image\">\n<figure class=\"aligncenter size-full\"><img loading=\"lazy\" decoding=\"async\" width=\"1024\" height=\"683\" src=\"https:\/\/ramib.org\/oficial\/wp-content\/uploads\/2023\/11\/pareja11.jpg\" alt=\"\" class=\"wp-image-5066\" srcset=\"https:\/\/ramib.org\/oficial\/wp-content\/uploads\/2023\/11\/pareja11.jpg 1024w, https:\/\/ramib.org\/oficial\/wp-content\/uploads\/2023\/11\/pareja11-300x200.jpg 300w, https:\/\/ramib.org\/oficial\/wp-content\/uploads\/2023\/11\/pareja11-768x512.jpg 768w, https:\/\/ramib.org\/oficial\/wp-content\/uploads\/2023\/11\/pareja11-696x464.jpg 696w, https:\/\/ramib.org\/oficial\/wp-content\/uploads\/2023\/11\/pareja11-630x420.jpg 630w\" sizes=\"(max-width: 1024px) 100vw, 1024px\" \/><figcaption class=\"wp-element-caption\">.<\/figcaption><\/figure><\/div>\n\n<div class=\"wp-block-image\">\n<figure class=\"aligncenter size-full\"><img loading=\"lazy\" decoding=\"async\" width=\"1024\" height=\"683\" src=\"https:\/\/ramib.org\/oficial\/wp-content\/uploads\/2023\/11\/pareja12.jpg\" alt=\"\" class=\"wp-image-5068\" srcset=\"https:\/\/ramib.org\/oficial\/wp-content\/uploads\/2023\/11\/pareja12.jpg 1024w, https:\/\/ramib.org\/oficial\/wp-content\/uploads\/2023\/11\/pareja12-300x200.jpg 300w, https:\/\/ramib.org\/oficial\/wp-content\/uploads\/2023\/11\/pareja12-768x512.jpg 768w, https:\/\/ramib.org\/oficial\/wp-content\/uploads\/2023\/11\/pareja12-696x464.jpg 696w, https:\/\/ramib.org\/oficial\/wp-content\/uploads\/2023\/11\/pareja12-630x420.jpg 630w\" sizes=\"(max-width: 1024px) 100vw, 1024px\" \/><\/figure><\/div>\n\n\n<p>Puede visualizar la sesi\u00f3n solemne en el canal de youtube de la corporaci\u00f3n:<\/p>\n\n\n\n<figure class=\"wp-block-embed aligncenter is-type-video is-provider-youtube wp-block-embed-youtube wp-embed-aspect-16-9 wp-has-aspect-ratio\"><div class=\"wp-block-embed__wrapper\">\n<iframe loading=\"lazy\" title=\"Solemne sesi\u00f3n de ingreso como acad\u00e9mico numerario del M.Il. Sr. Antonio Pareja Bezares\" width=\"696\" height=\"392\" src=\"https:\/\/www.youtube.com\/embed\/ACHC9Iob0AE?start=70&#038;feature=oembed\" frameborder=\"0\" allow=\"accelerometer; autoplay; clipboard-write; encrypted-media; gyroscope; picture-in-picture; web-share\" allowfullscreen><\/iframe>\n<\/div><\/figure>\n","protected":false},"excerpt":{"rendered":"<p>El pasado jueves, 9 de noviembre de 2023, la sede de la Real Academia de Medicina de les Illes Balears acogi\u00f3 la solemne ceremonia de ingreso como Acad\u00e9mico Numerario del [&hellip;]<\/p>\n","protected":false},"author":3,"featured_media":5072,"comment_status":"open","ping_status":"closed","sticky":false,"template":"","format":"standard","meta":{"_monsterinsights_skip_tracking":false,"_monsterinsights_sitenote_active":false,"_monsterinsights_sitenote_note":"","_monsterinsights_sitenote_category":0,"footnotes":""},"categories":[14,166,442,188,187],"tags":[595,594,592,596,297,326,597,593],"_links":{"self":[{"href":"https:\/\/ramib.org\/oficial\/index.php\/wp-json\/wp\/v2\/posts\/5008"}],"collection":[{"href":"https:\/\/ramib.org\/oficial\/index.php\/wp-json\/wp\/v2\/posts"}],"about":[{"href":"https:\/\/ramib.org\/oficial\/index.php\/wp-json\/wp\/v2\/types\/post"}],"author":[{"embeddable":true,"href":"https:\/\/ramib.org\/oficial\/index.php\/wp-json\/wp\/v2\/users\/3"}],"replies":[{"embeddable":true,"href":"https:\/\/ramib.org\/oficial\/index.php\/wp-json\/wp\/v2\/comments?post=5008"}],"version-history":[{"count":3,"href":"https:\/\/ramib.org\/oficial\/index.php\/wp-json\/wp\/v2\/posts\/5008\/revisions"}],"predecessor-version":[{"id":5492,"href":"https:\/\/ramib.org\/oficial\/index.php\/wp-json\/wp\/v2\/posts\/5008\/revisions\/5492"}],"wp:featuredmedia":[{"embeddable":true,"href":"https:\/\/ramib.org\/oficial\/index.php\/wp-json\/wp\/v2\/media\/5072"}],"wp:attachment":[{"href":"https:\/\/ramib.org\/oficial\/index.php\/wp-json\/wp\/v2\/media?parent=5008"}],"wp:term":[{"taxonomy":"category","embeddable":true,"href":"https:\/\/ramib.org\/oficial\/index.php\/wp-json\/wp\/v2\/categories?post=5008"},{"taxonomy":"post_tag","embeddable":true,"href":"https:\/\/ramib.org\/oficial\/index.php\/wp-json\/wp\/v2\/tags?post=5008"}],"curies":[{"name":"wp","href":"https:\/\/api.w.org\/{rel}","templated":true}]}}