{"id":5004,"date":"2023-11-05T18:08:21","date_gmt":"2023-11-05T18:08:21","guid":{"rendered":"https:\/\/ramib.org\/oficial\/?p=5004"},"modified":"2023-11-17T21:42:41","modified_gmt":"2023-11-17T21:42:41","slug":"5004","status":"publish","type":"post","link":"https:\/\/ramib.org\/oficial\/index.php\/2023\/11\/05\/5004\/","title":{"rendered":"09\/11\/2023: Solemne sessi\u00f3 d&#8217;ingres com Acad\u00e8mic Numerari del M. Il. Sr. Dr. Antonio Pareja Bezares"},"content":{"rendered":"\n<p>Dijous passat, 9 de novembre de 2023, la seu de la Reial Acad\u00e8mia de Medicina de les Illes Balears va acollir la solemne cerim\u00f2nia d&#8217;ingr\u00e9s com a Acad\u00e8mic Numerari del M. Il\u00b7ltre. Sr. Dr. Antonio Pareja Bezares.<\/p>\n\n\n<div class=\"wp-block-image\">\n<figure class=\"aligncenter size-full\"><img loading=\"lazy\" decoding=\"async\" width=\"1024\" height=\"683\" src=\"https:\/\/ramib.org\/oficial\/wp-content\/uploads\/2023\/11\/pareja2.jpg\" alt=\"\" class=\"wp-image-5047\" srcset=\"https:\/\/ramib.org\/oficial\/wp-content\/uploads\/2023\/11\/pareja2.jpg 1024w, https:\/\/ramib.org\/oficial\/wp-content\/uploads\/2023\/11\/pareja2-300x200.jpg 300w, https:\/\/ramib.org\/oficial\/wp-content\/uploads\/2023\/11\/pareja2-768x512.jpg 768w, https:\/\/ramib.org\/oficial\/wp-content\/uploads\/2023\/11\/pareja2-696x464.jpg 696w, https:\/\/ramib.org\/oficial\/wp-content\/uploads\/2023\/11\/pareja2-630x420.jpg 630w\" sizes=\"(max-width: 1024px) 100vw, 1024px\" \/><\/figure><\/div>\n\n\n<p>L&#8217;acte solemne va ser inaugurat pel president de la RAMIB, Excm. Sr. Joan Besalduch Vidal, donant la benvinguda a les autoritats i al p\u00fablic present.<\/p>\n\n\n<div class=\"wp-block-image\">\n<figure class=\"aligncenter size-full\"><img loading=\"lazy\" decoding=\"async\" width=\"1024\" height=\"683\" src=\"https:\/\/ramib.org\/oficial\/wp-content\/uploads\/2023\/11\/pareja3.jpg\" alt=\"\" class=\"wp-image-5049\" srcset=\"https:\/\/ramib.org\/oficial\/wp-content\/uploads\/2023\/11\/pareja3.jpg 1024w, https:\/\/ramib.org\/oficial\/wp-content\/uploads\/2023\/11\/pareja3-300x200.jpg 300w, https:\/\/ramib.org\/oficial\/wp-content\/uploads\/2023\/11\/pareja3-768x512.jpg 768w, https:\/\/ramib.org\/oficial\/wp-content\/uploads\/2023\/11\/pareja3-696x464.jpg 696w, https:\/\/ramib.org\/oficial\/wp-content\/uploads\/2023\/11\/pareja3-630x420.jpg 630w\" sizes=\"(max-width: 1024px) 100vw, 1024px\" \/><\/figure><\/div>\n\n\n<p>A continuaci\u00f3, el secretari de la instituci\u00f3, M. Il\u00b7ltre. Sr. Javier Cort\u00e9s Bordoy, va procedir a donar lectura a l&#8217;acta que recollia el nomenament del Dr. Pareja.<br>Com mana el protocol de l&#8217;acte, el Dr. Antonio Pareja va entrar en la seu de la RAMIB acompanyat pels acad\u00e8mics m\u00e9s antic i m\u00e9s modern, i va passar a llegir el seu discurs titulat \u201dInfeccions associades a les cures sanit\u00e0ries. Prevenci\u00f3 i control: a\u00efllaments\u201d.<\/p>\n\n\n<div class=\"wp-block-image\">\n<figure class=\"aligncenter size-full\"><img loading=\"lazy\" decoding=\"async\" width=\"1024\" height=\"683\" src=\"https:\/\/ramib.org\/oficial\/wp-content\/uploads\/2023\/11\/pareja8.jpg\" alt=\"\" class=\"wp-image-5059\" srcset=\"https:\/\/ramib.org\/oficial\/wp-content\/uploads\/2023\/11\/pareja8.jpg 1024w, https:\/\/ramib.org\/oficial\/wp-content\/uploads\/2023\/11\/pareja8-300x200.jpg 300w, https:\/\/ramib.org\/oficial\/wp-content\/uploads\/2023\/11\/pareja8-768x512.jpg 768w, https:\/\/ramib.org\/oficial\/wp-content\/uploads\/2023\/11\/pareja8-696x464.jpg 696w, https:\/\/ramib.org\/oficial\/wp-content\/uploads\/2023\/11\/pareja8-630x420.jpg 630w\" sizes=\"(max-width: 1024px) 100vw, 1024px\" \/><\/figure><\/div>\n\n\n<p>La confer\u00e8ncia es va centrar en la import\u00e0ncia de l&#8217;a\u00efllament per a controlar les infeccions.<br>El desenvolupament dels a\u00efllaments com a eina terap\u00e8utica data de finals del segle XIX, va comentar el Dr. Pareja durant el seu discurs.<\/p>\n\n\n<div class=\"wp-block-image\">\n<figure class=\"aligncenter size-full\"><img loading=\"lazy\" decoding=\"async\" width=\"1024\" height=\"683\" src=\"https:\/\/ramib.org\/oficial\/wp-content\/uploads\/2023\/11\/pareja4.jpg\" alt=\"\" class=\"wp-image-5051\" srcset=\"https:\/\/ramib.org\/oficial\/wp-content\/uploads\/2023\/11\/pareja4.jpg 1024w, https:\/\/ramib.org\/oficial\/wp-content\/uploads\/2023\/11\/pareja4-300x200.jpg 300w, https:\/\/ramib.org\/oficial\/wp-content\/uploads\/2023\/11\/pareja4-768x512.jpg 768w, https:\/\/ramib.org\/oficial\/wp-content\/uploads\/2023\/11\/pareja4-696x464.jpg 696w, https:\/\/ramib.org\/oficial\/wp-content\/uploads\/2023\/11\/pareja4-630x420.jpg 630w\" sizes=\"(max-width: 1024px) 100vw, 1024px\" \/><figcaption class=\"wp-element-caption\">.<\/figcaption><\/figure><\/div>\n\n<div class=\"wp-block-image\">\n<figure class=\"aligncenter size-full\"><img loading=\"lazy\" decoding=\"async\" width=\"1024\" height=\"683\" src=\"https:\/\/ramib.org\/oficial\/wp-content\/uploads\/2023\/11\/pareja5.jpg\" alt=\"\" class=\"wp-image-5053\" srcset=\"https:\/\/ramib.org\/oficial\/wp-content\/uploads\/2023\/11\/pareja5.jpg 1024w, https:\/\/ramib.org\/oficial\/wp-content\/uploads\/2023\/11\/pareja5-300x200.jpg 300w, https:\/\/ramib.org\/oficial\/wp-content\/uploads\/2023\/11\/pareja5-768x512.jpg 768w, https:\/\/ramib.org\/oficial\/wp-content\/uploads\/2023\/11\/pareja5-696x464.jpg 696w, https:\/\/ramib.org\/oficial\/wp-content\/uploads\/2023\/11\/pareja5-630x420.jpg 630w\" sizes=\"(max-width: 1024px) 100vw, 1024px\" \/><\/figure><\/div>\n\n\n<p>Cal crear una estructura en salut p\u00fablica i quan es necessiti despertar-la.<br>Aquesta estructura s&#8217;ha de crear amb una salut p\u00fablica potent, amb recursos humans preparats i formats. Quan va arribar la pand\u00e8mia van sorgir els experts sense experi\u00e8ncia. Hi havia gent que pontificava i no sabia ni si era un virus amb estructura ADN o RNA. No ten\u00edem a persones suficients preparades per a donar resposta. Es van formar en vuit hores a rastrejadors, quan calia fer-ho amb anys d&#8217;anticipaci\u00f3. Cal tenir un pool de gent formada i anar actualitzant-la. I no improvisar. Cal crear estructures estables i formades per a despertar-les quan es necessitin.<\/p>\n\n\n<div class=\"wp-block-image\">\n<figure class=\"aligncenter size-full\"><img loading=\"lazy\" decoding=\"async\" width=\"1024\" height=\"683\" src=\"https:\/\/ramib.org\/oficial\/wp-content\/uploads\/2023\/11\/pareja7.jpg\" alt=\"\" class=\"wp-image-5057\" srcset=\"https:\/\/ramib.org\/oficial\/wp-content\/uploads\/2023\/11\/pareja7.jpg 1024w, https:\/\/ramib.org\/oficial\/wp-content\/uploads\/2023\/11\/pareja7-300x200.jpg 300w, https:\/\/ramib.org\/oficial\/wp-content\/uploads\/2023\/11\/pareja7-768x512.jpg 768w, https:\/\/ramib.org\/oficial\/wp-content\/uploads\/2023\/11\/pareja7-696x464.jpg 696w, https:\/\/ramib.org\/oficial\/wp-content\/uploads\/2023\/11\/pareja7-630x420.jpg 630w\" sizes=\"(max-width: 1024px) 100vw, 1024px\" \/><\/figure><\/div>\n\n\n<p>Aix\u00ed mateix i sobre les mesures de prevenci\u00f3 el Dr. Pareja va exposar que les mateixes s\u00f3n de fa un segle.- En la meva formaci\u00f3 va influir molt John Snow que en 1850, durant un brot de c\u00f2lera a Londres, va controlar l&#8217;epid\u00e8mia analitzant els casos en funci\u00f3 del temps, quan apareixen, com evoluciona i pintant les morts en un mapa, amb les caracter\u00edstiques de cada persona. Va construir un informe de transmissi\u00f3 i va establir l&#8217;origen en una bomba d&#8217;aigua contaminada. En una setmana va deixar d&#8217;haver-hi casos, \u00e9s un dels pares de l&#8217;epidemiologia moderna. Jo volia fer aix\u00f2 d&#8217;aquest home.<\/p>\n\n\n<div class=\"wp-block-image\">\n<figure class=\"aligncenter size-full\"><img loading=\"lazy\" decoding=\"async\" width=\"1024\" height=\"683\" src=\"https:\/\/ramib.org\/oficial\/wp-content\/uploads\/2023\/11\/pareja6.jpg\" alt=\"\" class=\"wp-image-5055\" srcset=\"https:\/\/ramib.org\/oficial\/wp-content\/uploads\/2023\/11\/pareja6.jpg 1024w, https:\/\/ramib.org\/oficial\/wp-content\/uploads\/2023\/11\/pareja6-300x200.jpg 300w, https:\/\/ramib.org\/oficial\/wp-content\/uploads\/2023\/11\/pareja6-768x512.jpg 768w, https:\/\/ramib.org\/oficial\/wp-content\/uploads\/2023\/11\/pareja6-696x464.jpg 696w, https:\/\/ramib.org\/oficial\/wp-content\/uploads\/2023\/11\/pareja6-630x420.jpg 630w\" sizes=\"(max-width: 1024px) 100vw, 1024px\" \/><\/figure><\/div>\n\n\n<p>L&#8217;a\u00efllament tamb\u00e9 serveix front el bacteri \u2018Staphylococcus aureus\u2019, resistent a la meticil\u00b7lina (SARM) i molt present en ambients hospitalaris.<\/p>\n\n\n\n<p>Les precaucions est\u00e0ndard s\u00f3n les m\u00e9s importants en les cures d&#8217;\u00e0mbit sanitari on les infeccions per aquest bacteri s\u00f3n l&#8217;efecte advers m\u00e9s freq\u00fcent. A vegades n&#8217;hi ha prou amb un a\u00efllament, posar-se guants, rentar-se les mans o usar una pantalla facial. Amb aix\u00f2 mai arribar\u00e9 a zero infeccions per\u00f2 s\u00ed al m\u00ednim irreductible, que \u00e9s el m\u00e9s baix. Cal aconseguir-ho.<\/p>\n\n\n<div class=\"wp-block-image\">\n<figure class=\"aligncenter size-full\"><img loading=\"lazy\" decoding=\"async\" width=\"1024\" height=\"683\" src=\"https:\/\/ramib.org\/oficial\/wp-content\/uploads\/2023\/11\/pareja10.jpg\" alt=\"\" class=\"wp-image-5063\" srcset=\"https:\/\/ramib.org\/oficial\/wp-content\/uploads\/2023\/11\/pareja10.jpg 1024w, https:\/\/ramib.org\/oficial\/wp-content\/uploads\/2023\/11\/pareja10-300x200.jpg 300w, https:\/\/ramib.org\/oficial\/wp-content\/uploads\/2023\/11\/pareja10-768x512.jpg 768w, https:\/\/ramib.org\/oficial\/wp-content\/uploads\/2023\/11\/pareja10-696x464.jpg 696w, https:\/\/ramib.org\/oficial\/wp-content\/uploads\/2023\/11\/pareja10-630x420.jpg 630w\" sizes=\"(max-width: 1024px) 100vw, 1024px\" \/><\/figure><\/div>\n\n\n<p>Una vegada finalitzada la pon\u00e8ncia, el M. Il\u00b7ltre. Sr. Arturo L\u00f3pez Gonz\u00e1lez, va realitzar la contestaci\u00f3 per part de la corporaci\u00f3 a l&#8217;acad\u00e8mic recipiendari.<\/p>\n\n\n\n<p>Per a finalitzar l&#8217;acte solemne, el President de la RAMIB va lliurar a l&#8217;Acad\u00e8mic Recipiendari el t\u00edtol corresponent i li va imposar la medalla d&#8217;Acad\u00e8mic Numerari.<\/p>\n\n\n<div class=\"wp-block-image\">\n<figure class=\"aligncenter size-full\"><img loading=\"lazy\" decoding=\"async\" width=\"1024\" height=\"683\" src=\"https:\/\/ramib.org\/oficial\/wp-content\/uploads\/2023\/11\/pareja13.jpg\" alt=\"\" class=\"wp-image-5069\" srcset=\"https:\/\/ramib.org\/oficial\/wp-content\/uploads\/2023\/11\/pareja13.jpg 1024w, https:\/\/ramib.org\/oficial\/wp-content\/uploads\/2023\/11\/pareja13-300x200.jpg 300w, https:\/\/ramib.org\/oficial\/wp-content\/uploads\/2023\/11\/pareja13-768x512.jpg 768w, https:\/\/ramib.org\/oficial\/wp-content\/uploads\/2023\/11\/pareja13-696x464.jpg 696w, https:\/\/ramib.org\/oficial\/wp-content\/uploads\/2023\/11\/pareja13-630x420.jpg 630w\" sizes=\"(max-width: 1024px) 100vw, 1024px\" \/><figcaption class=\"wp-element-caption\">Moment en que el president fa entrega del diploma i de la medalla al Dr. Pareja<\/figcaption><\/figure><\/div>\n\n<div class=\"wp-block-image\">\n<figure class=\"aligncenter size-full\"><img loading=\"lazy\" decoding=\"async\" width=\"1024\" height=\"683\" src=\"https:\/\/ramib.org\/oficial\/wp-content\/uploads\/2023\/11\/pareja11.jpg\" alt=\"\" class=\"wp-image-5065\" srcset=\"https:\/\/ramib.org\/oficial\/wp-content\/uploads\/2023\/11\/pareja11.jpg 1024w, https:\/\/ramib.org\/oficial\/wp-content\/uploads\/2023\/11\/pareja11-300x200.jpg 300w, https:\/\/ramib.org\/oficial\/wp-content\/uploads\/2023\/11\/pareja11-768x512.jpg 768w, https:\/\/ramib.org\/oficial\/wp-content\/uploads\/2023\/11\/pareja11-696x464.jpg 696w, https:\/\/ramib.org\/oficial\/wp-content\/uploads\/2023\/11\/pareja11-630x420.jpg 630w\" sizes=\"(max-width: 1024px) 100vw, 1024px\" \/><figcaption class=\"wp-element-caption\">.<\/figcaption><\/figure><\/div>\n\n<div class=\"wp-block-image\">\n<figure class=\"aligncenter size-full\"><img loading=\"lazy\" decoding=\"async\" width=\"1024\" height=\"683\" src=\"https:\/\/ramib.org\/oficial\/wp-content\/uploads\/2023\/11\/pareja12.jpg\" alt=\"\" class=\"wp-image-5067\" srcset=\"https:\/\/ramib.org\/oficial\/wp-content\/uploads\/2023\/11\/pareja12.jpg 1024w, https:\/\/ramib.org\/oficial\/wp-content\/uploads\/2023\/11\/pareja12-300x200.jpg 300w, https:\/\/ramib.org\/oficial\/wp-content\/uploads\/2023\/11\/pareja12-768x512.jpg 768w, https:\/\/ramib.org\/oficial\/wp-content\/uploads\/2023\/11\/pareja12-696x464.jpg 696w, https:\/\/ramib.org\/oficial\/wp-content\/uploads\/2023\/11\/pareja12-630x420.jpg 630w\" sizes=\"(max-width: 1024px) 100vw, 1024px\" \/><\/figure><\/div>\n\n\n<p>Pot visualitzar la solemne sessi\u00f3 en el canal de youtube de la corporaci\u00f3 seguint el seg\u00fcent enlla\u00e7:<\/p>\n\n\n\n<figure class=\"wp-block-embed is-type-video is-provider-youtube wp-block-embed-youtube wp-embed-aspect-16-9 wp-has-aspect-ratio\"><div class=\"wp-block-embed__wrapper\">\n<iframe loading=\"lazy\" title=\"Solemne sesi\u00f3n de ingreso como acad\u00e9mico numerario del M.Il. Sr. Antonio Pareja Bezares\" width=\"696\" height=\"392\" src=\"https:\/\/www.youtube.com\/embed\/ACHC9Iob0AE?start=70&#038;feature=oembed\" frameborder=\"0\" allow=\"accelerometer; autoplay; clipboard-write; encrypted-media; gyroscope; picture-in-picture; web-share\" allowfullscreen><\/iframe>\n<\/div><\/figure>\n","protected":false},"excerpt":{"rendered":"<p>Dijous passat, 9 de novembre de 2023, la seu de la Reial Acad\u00e8mia de Medicina de les Illes Balears va acollir la solemne cerim\u00f2nia d&#8217;ingr\u00e9s com a Acad\u00e8mic Numerari del [&hellip;]<\/p>\n","protected":false},"author":3,"featured_media":5071,"comment_status":"open","ping_status":"closed","sticky":false,"template":"","format":"standard","meta":{"_monsterinsights_skip_tracking":false,"_monsterinsights_sitenote_active":false,"_monsterinsights_sitenote_note":"","_monsterinsights_sitenote_category":0,"footnotes":""},"categories":[166,24,179,442,188,187],"tags":[],"_links":{"self":[{"href":"https:\/\/ramib.org\/oficial\/index.php\/wp-json\/wp\/v2\/posts\/5004"}],"collection":[{"href":"https:\/\/ramib.org\/oficial\/index.php\/wp-json\/wp\/v2\/posts"}],"about":[{"href":"https:\/\/ramib.org\/oficial\/index.php\/wp-json\/wp\/v2\/types\/post"}],"author":[{"embeddable":true,"href":"https:\/\/ramib.org\/oficial\/index.php\/wp-json\/wp\/v2\/users\/3"}],"replies":[{"embeddable":true,"href":"https:\/\/ramib.org\/oficial\/index.php\/wp-json\/wp\/v2\/comments?post=5004"}],"version-history":[{"count":2,"href":"https:\/\/ramib.org\/oficial\/index.php\/wp-json\/wp\/v2\/posts\/5004\/revisions"}],"predecessor-version":[{"id":5073,"href":"https:\/\/ramib.org\/oficial\/index.php\/wp-json\/wp\/v2\/posts\/5004\/revisions\/5073"}],"wp:featuredmedia":[{"embeddable":true,"href":"https:\/\/ramib.org\/oficial\/index.php\/wp-json\/wp\/v2\/media\/5071"}],"wp:attachment":[{"href":"https:\/\/ramib.org\/oficial\/index.php\/wp-json\/wp\/v2\/media?parent=5004"}],"wp:term":[{"taxonomy":"category","embeddable":true,"href":"https:\/\/ramib.org\/oficial\/index.php\/wp-json\/wp\/v2\/categories?post=5004"},{"taxonomy":"post_tag","embeddable":true,"href":"https:\/\/ramib.org\/oficial\/index.php\/wp-json\/wp\/v2\/tags?post=5004"}],"curies":[{"name":"wp","href":"https:\/\/api.w.org\/{rel}","templated":true}]}}