{"id":4930,"date":"2023-10-21T08:57:24","date_gmt":"2023-10-21T08:57:24","guid":{"rendered":"https:\/\/ramib.org\/oficial\/?p=4930"},"modified":"2023-10-21T08:57:25","modified_gmt":"2023-10-21T08:57:25","slug":"19-10-2023-presentacio-de-la-primera-edicio-de-la-campanya-commou-te-per-la-recerca-en-oncologia","status":"publish","type":"post","link":"https:\/\/ramib.org\/oficial\/index.php\/2023\/10\/21\/19-10-2023-presentacio-de-la-primera-edicio-de-la-campanya-commou-te-per-la-recerca-en-oncologia\/","title":{"rendered":"19\/10\/2023: Presentaci\u00f3 de la primera edici\u00f3 de la campanya &#8220;ComMou-te per la recerca en oncologia&#8221;"},"content":{"rendered":"\n<p>El dijous dia 19 d\u2019octubre de 2023 va tenir lloc, en la seu de Can Campaner, la presentaci\u00f3 de la primera edici\u00f3 de la campanya \u201cComMou-te per la recerca en oncologia\u201d promoguda per l\u2019IdISBa.<\/p>\n\n\n\n<p>Va obrir l&#8217;acte el president de la RAMIB, Excm. Sr. Dr. Joan Besalduch Vidal donant la benvinguda al assistents.<\/p>\n\n\n<div class=\"wp-block-image\">\n<figure class=\"aligncenter size-full\"><img loading=\"lazy\" decoding=\"async\" width=\"1024\" height=\"683\" src=\"https:\/\/ramib.org\/oficial\/wp-content\/uploads\/2023\/10\/idisba1.jpg\" alt=\"\" class=\"wp-image-4931\" srcset=\"https:\/\/ramib.org\/oficial\/wp-content\/uploads\/2023\/10\/idisba1.jpg 1024w, https:\/\/ramib.org\/oficial\/wp-content\/uploads\/2023\/10\/idisba1-300x200.jpg 300w, https:\/\/ramib.org\/oficial\/wp-content\/uploads\/2023\/10\/idisba1-768x512.jpg 768w, https:\/\/ramib.org\/oficial\/wp-content\/uploads\/2023\/10\/idisba1-696x464.jpg 696w, https:\/\/ramib.org\/oficial\/wp-content\/uploads\/2023\/10\/idisba1-630x420.jpg 630w\" sizes=\"(max-width: 1024px) 100vw, 1024px\" \/><\/figure><\/div>\n\n\n<p>La consellera de Salut, Manuela Garc\u00eda va continuar amb la presentaci\u00f3, junt amb la direcci\u00f3 cient\u00edfica de l\u2019IdISBa, la Dra. Ant\u00f2nia Barcel\u00f3 i el Dr. Miquel Fiol, i les investigadores de l\u2019IdISBa, la Dra. Gwendolyn Barcel\u00f3 i la Dra. Ant\u00f2nia Obrador.<\/p>\n\n\n<div class=\"wp-block-image\">\n<figure class=\"aligncenter size-full\"><img loading=\"lazy\" decoding=\"async\" width=\"1024\" height=\"683\" src=\"https:\/\/ramib.org\/oficial\/wp-content\/uploads\/2023\/10\/idisba2.jpg\" alt=\"\" class=\"wp-image-4933\" srcset=\"https:\/\/ramib.org\/oficial\/wp-content\/uploads\/2023\/10\/idisba2.jpg 1024w, https:\/\/ramib.org\/oficial\/wp-content\/uploads\/2023\/10\/idisba2-300x200.jpg 300w, https:\/\/ramib.org\/oficial\/wp-content\/uploads\/2023\/10\/idisba2-768x512.jpg 768w, https:\/\/ramib.org\/oficial\/wp-content\/uploads\/2023\/10\/idisba2-696x464.jpg 696w, https:\/\/ramib.org\/oficial\/wp-content\/uploads\/2023\/10\/idisba2-630x420.jpg 630w\" sizes=\"(max-width: 1024px) 100vw, 1024px\" \/><\/figure><\/div>\n\n\n<p>ComMou-te \u00e9s una campanya de difusi\u00f3 de la recerca cient\u00edfica i de foment del mecenatge de l\u2019IdISBa, que tindr\u00e0 lloc del 25 d\u2019octubre al 12 de novembre de 2023.<\/p>\n\n\n\n<p>La Dra. Ant\u00f2nia Barcel\u00f3 va exposar que la campanya t\u00e9 com a objectiu, \u201cvisibilitzar la instituci\u00f3 i donar a con\u00e8ixer la recerca de l\u2019\u00e0rea d\u2019Oncologia i Hematologia de l\u2019IdISBa. No obstant aix\u00f2, en posteriors edicions es dedicar\u00e0 a altres \u00e0rees de recerca de l\u2019Institut\u201d.<\/p>\n\n\n<div class=\"wp-block-image\">\n<figure class=\"aligncenter size-full\"><img loading=\"lazy\" decoding=\"async\" width=\"1024\" height=\"683\" src=\"https:\/\/ramib.org\/oficial\/wp-content\/uploads\/2023\/10\/idisba3.jpg\" alt=\"\" class=\"wp-image-4935\" srcset=\"https:\/\/ramib.org\/oficial\/wp-content\/uploads\/2023\/10\/idisba3.jpg 1024w, https:\/\/ramib.org\/oficial\/wp-content\/uploads\/2023\/10\/idisba3-300x200.jpg 300w, https:\/\/ramib.org\/oficial\/wp-content\/uploads\/2023\/10\/idisba3-768x512.jpg 768w, https:\/\/ramib.org\/oficial\/wp-content\/uploads\/2023\/10\/idisba3-696x464.jpg 696w, https:\/\/ramib.org\/oficial\/wp-content\/uploads\/2023\/10\/idisba3-630x420.jpg 630w\" sizes=\"(max-width: 1024px) 100vw, 1024px\" \/><\/figure><\/div>\n\n\n<p>El Dr. Miquel Fiol va descriure que \u00e9s IDISBA i quines actuacions duu a terme.<\/p>\n\n\n<div class=\"wp-block-image\">\n<figure class=\"aligncenter size-full\"><img loading=\"lazy\" decoding=\"async\" width=\"1024\" height=\"683\" src=\"https:\/\/ramib.org\/oficial\/wp-content\/uploads\/2023\/10\/idisba4.jpg\" alt=\"\" class=\"wp-image-4937\" srcset=\"https:\/\/ramib.org\/oficial\/wp-content\/uploads\/2023\/10\/idisba4.jpg 1024w, https:\/\/ramib.org\/oficial\/wp-content\/uploads\/2023\/10\/idisba4-300x200.jpg 300w, https:\/\/ramib.org\/oficial\/wp-content\/uploads\/2023\/10\/idisba4-768x512.jpg 768w, https:\/\/ramib.org\/oficial\/wp-content\/uploads\/2023\/10\/idisba4-696x464.jpg 696w, https:\/\/ramib.org\/oficial\/wp-content\/uploads\/2023\/10\/idisba4-630x420.jpg 630w\" sizes=\"(max-width: 1024px) 100vw, 1024px\" \/><\/figure><\/div>\n\n\n<p>Per part seva, la Dra. Gwendolyn Barcel\u00f3 va exposar que aquesta campanya pret\u00e9n recaptar fons pera la recerca a trav\u00e9s del mecenatge, per a aix\u00f2 es convida a tota la poblaci\u00f3 de les Illes Balears a organitzar petits esdeveniments esportius, culturals, musicals, etc.<\/p>\n\n\n<div class=\"wp-block-image\">\n<figure class=\"aligncenter size-full\"><img loading=\"lazy\" decoding=\"async\" width=\"1024\" height=\"683\" src=\"https:\/\/ramib.org\/oficial\/wp-content\/uploads\/2023\/10\/ididsba5.jpg\" alt=\"\" class=\"wp-image-4955\" srcset=\"https:\/\/ramib.org\/oficial\/wp-content\/uploads\/2023\/10\/ididsba5.jpg 1024w, https:\/\/ramib.org\/oficial\/wp-content\/uploads\/2023\/10\/ididsba5-300x200.jpg 300w, https:\/\/ramib.org\/oficial\/wp-content\/uploads\/2023\/10\/ididsba5-768x512.jpg 768w, https:\/\/ramib.org\/oficial\/wp-content\/uploads\/2023\/10\/ididsba5-696x464.jpg 696w, https:\/\/ramib.org\/oficial\/wp-content\/uploads\/2023\/10\/ididsba5-630x420.jpg 630w\" sizes=\"(max-width: 1024px) 100vw, 1024px\" \/><\/figure><\/div>\n\n\n<p>Barcel\u00f3 va explicar que totes les persones que vulguin participar en la campanya han d\u2019accedir a la web www.commoute.com on trobaran informaci\u00f3 per a realitzar un donatiu o realitzar una activitat i visibilitzar la recerca en oncologia, \u201ctotes s\u00f3n accions que sumen per a ajudar a la ci\u00e8ncia\u201d.<\/p>\n\n\n\n<p>La campanya \u2018ComMou-te per la recerca en oncologia\u2019 comen\u00e7ar\u00e0 amb una gala de dansa a c\u00e0rrec del Centre d\u2019Estudis de Dansa Helena Obrador, en el Teatre Principal de Palma el 25 d\u2019octubre. I, la clausura ser\u00e0 el 12 de novembre en el Conservatori de M\u00fasica amb l\u2019actuaci\u00f3 de l\u2019Associaci\u00f3 per a la Promoci\u00f3 de Joves Promeses Musicals.<\/p>\n\n\n\n<p>Un altre aspecte a ressaltar \u00e9s la creaci\u00f3 del cartell de la campanya, que \u00e9s obra de l\u2019artista mallorqu\u00ed Joan Aguil\u00f3 Cladera.<\/p>\n\n\n<div class=\"wp-block-image\">\n<figure class=\"aligncenter size-full\"><img loading=\"lazy\" decoding=\"async\" width=\"1024\" height=\"683\" src=\"https:\/\/ramib.org\/oficial\/wp-content\/uploads\/2023\/10\/idisba6.jpg\" alt=\"\" class=\"wp-image-4939\" srcset=\"https:\/\/ramib.org\/oficial\/wp-content\/uploads\/2023\/10\/idisba6.jpg 1024w, https:\/\/ramib.org\/oficial\/wp-content\/uploads\/2023\/10\/idisba6-300x200.jpg 300w, https:\/\/ramib.org\/oficial\/wp-content\/uploads\/2023\/10\/idisba6-768x512.jpg 768w, https:\/\/ramib.org\/oficial\/wp-content\/uploads\/2023\/10\/idisba6-696x464.jpg 696w, https:\/\/ramib.org\/oficial\/wp-content\/uploads\/2023\/10\/idisba6-630x420.jpg 630w\" sizes=\"(max-width: 1024px) 100vw, 1024px\" \/><\/figure><\/div>\n\n\n<p>Per a concloure, la Dra. Ant\u00f2nia Obrador ha comentat que, \u201caquesta campanya neix amb molta il\u00b7lusi\u00f3 i esperem contagiar a la societat Balear. Necessitem que les persones coneguin, la recerca que es realitza a les illes i com afecta a la seva salut. L\u2019IdISBa t\u00e9 55 grups de recerca i m\u00e9s de 800 investigadors per tant ComMou-te val la pena i estem segurs de donar continu\u00eftat a la campanya en anys successius\u201d.<\/p>\n\n\n<div class=\"wp-block-image\">\n<figure class=\"aligncenter size-full\"><img loading=\"lazy\" decoding=\"async\" width=\"257\" height=\"515\" src=\"https:\/\/ramib.org\/oficial\/wp-content\/uploads\/2023\/10\/triptico3.jpg\" alt=\"\" class=\"wp-image-4947\" srcset=\"https:\/\/ramib.org\/oficial\/wp-content\/uploads\/2023\/10\/triptico3.jpg 257w, https:\/\/ramib.org\/oficial\/wp-content\/uploads\/2023\/10\/triptico3-150x300.jpg 150w, https:\/\/ramib.org\/oficial\/wp-content\/uploads\/2023\/10\/triptico3-210x420.jpg 210w\" sizes=\"(max-width: 257px) 100vw, 257px\" \/><\/figure><\/div>\n\n<div class=\"wp-block-image\">\n<figure class=\"aligncenter size-full\"><img loading=\"lazy\" decoding=\"async\" width=\"249\" height=\"534\" src=\"https:\/\/ramib.org\/oficial\/wp-content\/uploads\/2023\/10\/triptic2.jpg\" alt=\"\" class=\"wp-image-4943\" srcset=\"https:\/\/ramib.org\/oficial\/wp-content\/uploads\/2023\/10\/triptic2.jpg 249w, https:\/\/ramib.org\/oficial\/wp-content\/uploads\/2023\/10\/triptic2-140x300.jpg 140w, https:\/\/ramib.org\/oficial\/wp-content\/uploads\/2023\/10\/triptic2-196x420.jpg 196w\" sizes=\"(max-width: 249px) 100vw, 249px\" \/><\/figure><\/div>\n\n<div class=\"wp-block-image\">\n<figure class=\"aligncenter size-full\"><img loading=\"lazy\" decoding=\"async\" width=\"249\" height=\"522\" src=\"https:\/\/ramib.org\/oficial\/wp-content\/uploads\/2023\/10\/triptico1.jpg\" alt=\"\" class=\"wp-image-4945\" srcset=\"https:\/\/ramib.org\/oficial\/wp-content\/uploads\/2023\/10\/triptico1.jpg 249w, https:\/\/ramib.org\/oficial\/wp-content\/uploads\/2023\/10\/triptico1-143x300.jpg 143w, https:\/\/ramib.org\/oficial\/wp-content\/uploads\/2023\/10\/triptico1-200x420.jpg 200w\" sizes=\"(max-width: 249px) 100vw, 249px\" \/><\/figure><\/div>\n\n<div class=\"wp-block-image\">\n<figure class=\"aligncenter size-full\"><img loading=\"lazy\" decoding=\"async\" width=\"326\" height=\"687\" src=\"https:\/\/ramib.org\/oficial\/wp-content\/uploads\/2023\/10\/triptico4.jpg\" alt=\"\" class=\"wp-image-4949\" srcset=\"https:\/\/ramib.org\/oficial\/wp-content\/uploads\/2023\/10\/triptico4.jpg 326w, https:\/\/ramib.org\/oficial\/wp-content\/uploads\/2023\/10\/triptico4-142x300.jpg 142w, https:\/\/ramib.org\/oficial\/wp-content\/uploads\/2023\/10\/triptico4-199x420.jpg 199w\" sizes=\"(max-width: 326px) 100vw, 326px\" \/><\/figure><\/div>\n\n<div class=\"wp-block-image\">\n<figure class=\"aligncenter size-full\"><img loading=\"lazy\" decoding=\"async\" width=\"325\" height=\"663\" src=\"https:\/\/ramib.org\/oficial\/wp-content\/uploads\/2023\/10\/triptico5.jpg\" alt=\"\" class=\"wp-image-4951\" srcset=\"https:\/\/ramib.org\/oficial\/wp-content\/uploads\/2023\/10\/triptico5.jpg 325w, https:\/\/ramib.org\/oficial\/wp-content\/uploads\/2023\/10\/triptico5-147x300.jpg 147w, https:\/\/ramib.org\/oficial\/wp-content\/uploads\/2023\/10\/triptico5-206x420.jpg 206w\" sizes=\"(max-width: 325px) 100vw, 325px\" \/><\/figure><\/div>\n\n<div class=\"wp-block-image\">\n<figure class=\"aligncenter size-full\"><img loading=\"lazy\" decoding=\"async\" width=\"321\" height=\"688\" src=\"https:\/\/ramib.org\/oficial\/wp-content\/uploads\/2023\/10\/triptico6.jpg\" alt=\"\" class=\"wp-image-4953\" srcset=\"https:\/\/ramib.org\/oficial\/wp-content\/uploads\/2023\/10\/triptico6.jpg 321w, https:\/\/ramib.org\/oficial\/wp-content\/uploads\/2023\/10\/triptico6-140x300.jpg 140w, https:\/\/ramib.org\/oficial\/wp-content\/uploads\/2023\/10\/triptico6-196x420.jpg 196w\" sizes=\"(max-width: 321px) 100vw, 321px\" \/><\/figure><\/div>","protected":false},"excerpt":{"rendered":"<p>El dijous dia 19 d\u2019octubre de 2023 va tenir lloc, en la seu de Can Campaner, la presentaci\u00f3 de la primera edici\u00f3 de la campanya \u201cComMou-te per la recerca en [&hellip;]<\/p>\n","protected":false},"author":3,"featured_media":4941,"comment_status":"open","ping_status":"closed","sticky":false,"template":"","format":"standard","meta":{"_monsterinsights_skip_tracking":false,"_monsterinsights_sitenote_active":false,"_monsterinsights_sitenote_note":"","_monsterinsights_sitenote_category":0,"footnotes":""},"categories":[14,24,442,17],"tags":[560,559,561,564,562,563],"_links":{"self":[{"href":"https:\/\/ramib.org\/oficial\/index.php\/wp-json\/wp\/v2\/posts\/4930"}],"collection":[{"href":"https:\/\/ramib.org\/oficial\/index.php\/wp-json\/wp\/v2\/posts"}],"about":[{"href":"https:\/\/ramib.org\/oficial\/index.php\/wp-json\/wp\/v2\/types\/post"}],"author":[{"embeddable":true,"href":"https:\/\/ramib.org\/oficial\/index.php\/wp-json\/wp\/v2\/users\/3"}],"replies":[{"embeddable":true,"href":"https:\/\/ramib.org\/oficial\/index.php\/wp-json\/wp\/v2\/comments?post=4930"}],"version-history":[{"count":1,"href":"https:\/\/ramib.org\/oficial\/index.php\/wp-json\/wp\/v2\/posts\/4930\/revisions"}],"predecessor-version":[{"id":4957,"href":"https:\/\/ramib.org\/oficial\/index.php\/wp-json\/wp\/v2\/posts\/4930\/revisions\/4957"}],"wp:featuredmedia":[{"embeddable":true,"href":"https:\/\/ramib.org\/oficial\/index.php\/wp-json\/wp\/v2\/media\/4941"}],"wp:attachment":[{"href":"https:\/\/ramib.org\/oficial\/index.php\/wp-json\/wp\/v2\/media?parent=4930"}],"wp:term":[{"taxonomy":"category","embeddable":true,"href":"https:\/\/ramib.org\/oficial\/index.php\/wp-json\/wp\/v2\/categories?post=4930"},{"taxonomy":"post_tag","embeddable":true,"href":"https:\/\/ramib.org\/oficial\/index.php\/wp-json\/wp\/v2\/tags?post=4930"}],"curies":[{"name":"wp","href":"https:\/\/api.w.org\/{rel}","templated":true}]}}