{"id":4922,"date":"2023-10-21T09:33:19","date_gmt":"2023-10-21T09:33:19","guid":{"rendered":"https:\/\/ramib.org\/oficial\/?p=4922"},"modified":"2024-04-12T13:08:56","modified_gmt":"2024-04-12T13:08:56","slug":"4922","status":"publish","type":"post","link":"https:\/\/ramib.org\/oficial\/index.php\/2023\/10\/21\/4922\/?lang=es","title":{"rendered":"26\/10\/2023: Mesa redonda &#8211; &#8220;Medicina 2.0: Presente y futuro de la inteligencia artificial en el sector sanitario\u201d."},"content":{"rendered":"\n<p>El jueves d\u00eda 26 de octubre de 2023 tuvo lugar, en la sede de Can Campaner, en la sede de Can Campaner la mesa redonda &#8211; &#8220;Medicina 2.0: Presente y futuro de la inteligencia artificial en el sector sanitario\u201d.<\/p>\n\n\n<div class=\"wp-block-image\">\n<figure class=\"aligncenter size-full\"><img loading=\"lazy\" decoding=\"async\" width=\"1024\" height=\"683\" src=\"https:\/\/ramib.org\/oficial\/wp-content\/uploads\/2023\/10\/mesaredonda1.jpg\" alt=\"\" class=\"wp-image-4976\" srcset=\"https:\/\/ramib.org\/oficial\/wp-content\/uploads\/2023\/10\/mesaredonda1.jpg 1024w, https:\/\/ramib.org\/oficial\/wp-content\/uploads\/2023\/10\/mesaredonda1-300x200.jpg 300w, https:\/\/ramib.org\/oficial\/wp-content\/uploads\/2023\/10\/mesaredonda1-768x512.jpg 768w, https:\/\/ramib.org\/oficial\/wp-content\/uploads\/2023\/10\/mesaredonda1-696x464.jpg 696w, https:\/\/ramib.org\/oficial\/wp-content\/uploads\/2023\/10\/mesaredonda1-630x420.jpg 630w\" sizes=\"(max-width: 1024px) 100vw, 1024px\" \/><\/figure><\/div>\n\n\n<p>Abri\u00f3 el acto el secretario general de la RAMIB, M. Il. Sr. Dr. Javier Cort\u00e9s Bordoy dando la bienvenida a los participantes, \u00a0a las autoridades presentes y al p\u00fablico que se person\u00f3 en la sede de la corporaci\u00f3n.<\/p>\n\n\n<div class=\"wp-block-image\">\n<figure class=\"aligncenter size-full\"><img loading=\"lazy\" decoding=\"async\" width=\"1024\" height=\"683\" src=\"https:\/\/ramib.org\/oficial\/wp-content\/uploads\/2023\/10\/mesaredonda2.jpg\" alt=\"\" class=\"wp-image-4978\" srcset=\"https:\/\/ramib.org\/oficial\/wp-content\/uploads\/2023\/10\/mesaredonda2.jpg 1024w, https:\/\/ramib.org\/oficial\/wp-content\/uploads\/2023\/10\/mesaredonda2-300x200.jpg 300w, https:\/\/ramib.org\/oficial\/wp-content\/uploads\/2023\/10\/mesaredonda2-768x512.jpg 768w, https:\/\/ramib.org\/oficial\/wp-content\/uploads\/2023\/10\/mesaredonda2-696x464.jpg 696w, https:\/\/ramib.org\/oficial\/wp-content\/uploads\/2023\/10\/mesaredonda2-630x420.jpg 630w\" sizes=\"(max-width: 1024px) 100vw, 1024px\" \/><\/figure><\/div>\n\n\n<p>Acto seguido, el coordinador de la mesa, el acad\u00e9mico numerario M. Il. Sr. Dr. Claudio Mirasso Santos present\u00f3 al Dr. Antonio Pertusa Ib\u00e1\u00f1ez.<\/p>\n\n\n<div class=\"wp-block-image\">\n<figure class=\"aligncenter size-full\"><img loading=\"lazy\" decoding=\"async\" width=\"1024\" height=\"683\" src=\"https:\/\/ramib.org\/oficial\/wp-content\/uploads\/2023\/10\/mesaredonda3.jpg\" alt=\"\" class=\"wp-image-4980\" srcset=\"https:\/\/ramib.org\/oficial\/wp-content\/uploads\/2023\/10\/mesaredonda3.jpg 1024w, https:\/\/ramib.org\/oficial\/wp-content\/uploads\/2023\/10\/mesaredonda3-300x200.jpg 300w, https:\/\/ramib.org\/oficial\/wp-content\/uploads\/2023\/10\/mesaredonda3-768x512.jpg 768w, https:\/\/ramib.org\/oficial\/wp-content\/uploads\/2023\/10\/mesaredonda3-696x464.jpg 696w, https:\/\/ramib.org\/oficial\/wp-content\/uploads\/2023\/10\/mesaredonda3-630x420.jpg 630w\" sizes=\"(max-width: 1024px) 100vw, 1024px\" \/><\/figure><\/div>\n\n\n<p>El evento cont\u00f3 con la ponencia &#8220;T\u00e9cnicas de aprendizaje autom\u00e1tico y profundo aplicadas a datos m\u00e9dicos&#8221; a cargo del Dr. Antonio Pertusa Ib\u00e1\u00f1ez.<\/p>\n\n\n\n<p>El Dr. Pertusa es el Director del Instituto Universitario de Investigaci\u00f3n Inform\u00e1tica (IUII), Universidad de Alicante, es licenciado y doctor en Inform\u00e1tica por la Universidad de Alicante, profesor titular en el Departamento de Lenguajes y Sistemas Inform\u00e1ticos y miembro del Grupo de Reconocimiento de Formas e Inteligencia Artificial.<\/p>\n\n\n\n<figure class=\"wp-block-image size-full\"><img loading=\"lazy\" decoding=\"async\" width=\"1024\" height=\"683\" src=\"https:\/\/ramib.org\/oficial\/wp-content\/uploads\/2023\/10\/mesaredonda4.jpg\" alt=\"\" class=\"wp-image-4982\" srcset=\"https:\/\/ramib.org\/oficial\/wp-content\/uploads\/2023\/10\/mesaredonda4.jpg 1024w, https:\/\/ramib.org\/oficial\/wp-content\/uploads\/2023\/10\/mesaredonda4-300x200.jpg 300w, https:\/\/ramib.org\/oficial\/wp-content\/uploads\/2023\/10\/mesaredonda4-768x512.jpg 768w, https:\/\/ramib.org\/oficial\/wp-content\/uploads\/2023\/10\/mesaredonda4-696x464.jpg 696w, https:\/\/ramib.org\/oficial\/wp-content\/uploads\/2023\/10\/mesaredonda4-630x420.jpg 630w\" sizes=\"(max-width: 1024px) 100vw, 1024px\" \/><\/figure>\n\n\n\n<p>Actualmente dirige el Instituto Universitario de Investigaci\u00f3n en Inform\u00e1tica, que cuenta con 135 investigadores, y forma parte del comit\u00e9 ejecutivo de la Asociaci\u00f3n Espa\u00f1ola de Reconocimiento de Formas y An\u00e1lisis de Im\u00e1genes Se especializa en aprendizaje autom\u00e1tico aplicado a la recuperaci\u00f3n musical, datos m\u00e9dicos y teledetecci\u00f3n.<\/p>\n\n\n\n<p>Autor de m\u00e1s de 50 publicaciones, ha colaborado en 15 proyectos y contratos y ha supervisado tres tesis sobre aprendizaje profundo en visi\u00f3n artificial y recuperaci\u00f3n musical.<\/p>\n\n\n<div class=\"wp-block-image\">\n<figure class=\"alignright size-full\"><img loading=\"lazy\" decoding=\"async\" width=\"1024\" height=\"683\" src=\"https:\/\/ramib.org\/oficial\/wp-content\/uploads\/2023\/10\/mesaredonda5.jpg\" alt=\"\" class=\"wp-image-4984\" srcset=\"https:\/\/ramib.org\/oficial\/wp-content\/uploads\/2023\/10\/mesaredonda5.jpg 1024w, https:\/\/ramib.org\/oficial\/wp-content\/uploads\/2023\/10\/mesaredonda5-300x200.jpg 300w, https:\/\/ramib.org\/oficial\/wp-content\/uploads\/2023\/10\/mesaredonda5-768x512.jpg 768w, https:\/\/ramib.org\/oficial\/wp-content\/uploads\/2023\/10\/mesaredonda5-696x464.jpg 696w, https:\/\/ramib.org\/oficial\/wp-content\/uploads\/2023\/10\/mesaredonda5-630x420.jpg 630w\" sizes=\"(max-width: 1024px) 100vw, 1024px\" \/><\/figure><\/div>\n\n\n<p>Una vez finalizada la ponencia se llev\u00f3 a cabo&nbsp; la mesa redonda que cont\u00f3 tambi\u00e9n con los participantes&nbsp; Dra. Irene Mosquera y el Dr. Antoni Jaume Cap\u00f3.<\/p>\n\n\n\n<p>La dra. Mosquera es licenciada en Matem\u00e1ticas por la Universidad Central de Venezuela y doctora en ingenier\u00eda por la Universidad Sim\u00f3n Bol\u00edvar. Desde 2021, es Profesora Contratada Doctor en el \u00e1rea de Estad\u00edstica en el Departamento de Ciencias Matem\u00e1ticas e Inform\u00e1tica y miembro del grupo de investigaci\u00f3n Biolog\u00eda Computacional y Bioinform\u00e1tica. Se especializa en el an\u00e1lisis composicional de datos de microbioma y t\u00e9cnicas estad\u00edsticas para el diagn\u00f3stico cl\u00ednico, y en aspectos de aprendizaje autom\u00e1tico y profundo. Es miembro del Instituto de Investigaci\u00f3n Sanitaria de les Illes Balears, y responsable de la asignatura Introducci\u00f3n a la Investigaci\u00f3n en Salud y Bioestad\u00edstica del grado de medicina de la UIB.<\/p>\n\n\n<div class=\"wp-block-image\">\n<figure class=\"aligncenter size-full\"><img loading=\"lazy\" decoding=\"async\" width=\"1024\" height=\"683\" src=\"https:\/\/ramib.org\/oficial\/wp-content\/uploads\/2023\/10\/mesaredonda6.jpg\" alt=\"\" class=\"wp-image-4986\" srcset=\"https:\/\/ramib.org\/oficial\/wp-content\/uploads\/2023\/10\/mesaredonda6.jpg 1024w, https:\/\/ramib.org\/oficial\/wp-content\/uploads\/2023\/10\/mesaredonda6-300x200.jpg 300w, https:\/\/ramib.org\/oficial\/wp-content\/uploads\/2023\/10\/mesaredonda6-768x512.jpg 768w, https:\/\/ramib.org\/oficial\/wp-content\/uploads\/2023\/10\/mesaredonda6-696x464.jpg 696w, https:\/\/ramib.org\/oficial\/wp-content\/uploads\/2023\/10\/mesaredonda6-630x420.jpg 630w\" sizes=\"(max-width: 1024px) 100vw, 1024px\" \/><\/figure><\/div>\n\n\n<p>El Dr. Antoni Jaume Cap\u00f3 es miembro del Departamento de Ciencias Matem\u00e1ticas e Inform\u00e1tica de la Universidad de las Islas Baleares. Es Investigador en la Unidad de Gr\u00e1ficos y Visi\u00f3n por Computador e Inteligencia Artificial, grupo que forma parte del Instituto Universitario de Investigaci\u00f3n en Ciencias de la Salud (IUNICS). Es director del Laboratorio de Aplicaciones de la Inteligencia Artificial de la UIB. Sus temas de investigaci\u00f3n se centran en la inteligencia artificial, incluyendo la IA explicable, la visi\u00f3n por ordenador, los sistemas inteligentes para la rehabilitaci\u00f3n motora y el procesamiento de im\u00e1genes m\u00e9dicas, entre otros. Es adem\u00e1s colaborador del Grupo de Innovaci\u00f3n Educativa en las Matem\u00e1ticas y la Ingenier\u00eda, grupo que forma parte del Instituto de Investigaci\u00f3n e Innovaci\u00f3n Educativa.<\/p>\n\n\n\n<p>C\u00f3mo puede beneficiarse la medicina de la Inteligencia Artificial (IA) o c\u00f3mo se aplican las nuevas t\u00e9cnicas en los datos m\u00e9dicos. La mesa redonda expuso el pasado, presente y futuro de la denominada Salud 2.0<\/p>\n\n\n\n<p>Se trataron puntos tales como que la salud asistida por la IA. Los m\u00e9dicos deben entender que esto ya est\u00e1 aqu\u00ed y que es un complemento, una herramienta a la que no hay que tener miedo, que ser\u00e1 muy \u00fatil para diagnosticar y tratar mejor.<\/p>\n\n\n\n<p>Hay mucha gente que ya sabe c\u00f3mo se maneja. Lo nuevo es el ChatGPT y las herramientas del lenguaje que han salido este \u00faltimo a\u00f1o, pero la IA se usa desde hace m\u00e1s de una d\u00e9cada. En Medicina donde m\u00e1s se utiliza es la detecci\u00f3n de anomal\u00edas o im\u00e1genes. Hay que pensar que mientras el ojo humano, entrenado en ver resonancias o radiograf\u00edas, ve unas 200 im\u00e1genes (por decir algo), la m\u00e1quina es capaz de ver 10.000. No hay competici\u00f3n, tenemos que aprovecharla a la hora de tomar decisiones. La IA puede detectar el c\u00e1ncer de mama cinco a\u00f1os antes de que se manifieste en un 30 % de los casos, los m\u00e9dicos en un 15 %. La ventaja es que trabajan con muchos par\u00e1metros a la vez y los humanos no. No nos substituyen, son complementarias y su avance es imparable.<\/p>\n\n\n<div class=\"wp-block-image\">\n<figure class=\"aligncenter size-full\"><img loading=\"lazy\" decoding=\"async\" width=\"1024\" height=\"683\" src=\"https:\/\/ramib.org\/oficial\/wp-content\/uploads\/2023\/10\/mesaredonda7.jpg\" alt=\"\" class=\"wp-image-4988\" srcset=\"https:\/\/ramib.org\/oficial\/wp-content\/uploads\/2023\/10\/mesaredonda7.jpg 1024w, https:\/\/ramib.org\/oficial\/wp-content\/uploads\/2023\/10\/mesaredonda7-300x200.jpg 300w, https:\/\/ramib.org\/oficial\/wp-content\/uploads\/2023\/10\/mesaredonda7-768x512.jpg 768w, https:\/\/ramib.org\/oficial\/wp-content\/uploads\/2023\/10\/mesaredonda7-696x464.jpg 696w, https:\/\/ramib.org\/oficial\/wp-content\/uploads\/2023\/10\/mesaredonda7-630x420.jpg 630w\" sizes=\"(max-width: 1024px) 100vw, 1024px\" \/><\/figure><\/div>\n\n\n<p>As\u00ed mismo tambi\u00e9n se expuso que hay que tener en cuenta que muchos m\u00e9dicos est\u00e1n en edad de jubilarse.<\/p>\n\n\n\n<p>Se expuso &nbsp;que los m\u00e9dicos de ahora ya no miran las radiograf\u00edas, leen el informe del t\u00e9cnico y muchos de estos se hacen en base al algoritmo de IA y sus sugerencias. En la mesa de hoy todos somos de edad avanzada y estamos muy entusiasmados. Hay muchas publicaciones internacionales convencidas de que va para adelante porque es una opini\u00f3n extra. El m\u00e9dico decide.<\/p>\n\n\n\n<p>La realidad virtual sirve para entrenar con la textura o la t\u00e9cnica 3D, puedes hacer pr\u00e1cticas de lo que luego ver\u00e1s en el pacientes. La IA se aplica directamente al diagn\u00f3stico y a la medicina personalizada.<\/p>\n\n\n\n<p>Es indispensable que en la medicina se ense\u00f1en los avances tecnol\u00f3gicos. Hay que reformar los planes de estudios, en algunas universidades del mundo ya lo han hecho.<\/p>\n\n\n\n<p>Cuantas m\u00e1s m\u00e1quinas tengamos dispondremos de m\u00e1s tiempo para pensar.<\/p>\n\n\n<div class=\"wp-block-image\">\n<figure class=\"aligncenter size-full\"><img loading=\"lazy\" decoding=\"async\" width=\"1024\" height=\"683\" src=\"https:\/\/ramib.org\/oficial\/wp-content\/uploads\/2023\/10\/IMG20231026190047.jpg\" alt=\"\" class=\"wp-image-4992\" srcset=\"https:\/\/ramib.org\/oficial\/wp-content\/uploads\/2023\/10\/IMG20231026190047.jpg 1024w, https:\/\/ramib.org\/oficial\/wp-content\/uploads\/2023\/10\/IMG20231026190047-300x200.jpg 300w, https:\/\/ramib.org\/oficial\/wp-content\/uploads\/2023\/10\/IMG20231026190047-768x512.jpg 768w, https:\/\/ramib.org\/oficial\/wp-content\/uploads\/2023\/10\/IMG20231026190047-696x464.jpg 696w, https:\/\/ramib.org\/oficial\/wp-content\/uploads\/2023\/10\/IMG20231026190047-630x420.jpg 630w\" sizes=\"(max-width: 1024px) 100vw, 1024px\" \/><\/figure><\/div>\n\n\n<p>La mesa redonda fue seguida con gran inter\u00e9s&nbsp; finalizando con el habitual coloquio entre los intervinientes y el p\u00fablico asistente.<\/p>\n\n\n\n<p>El acto se puede visualizar en el canal de youtube de la corporaci\u00f3n en el siguiente enlace:<\/p>\n\n\n\n<figure class=\"wp-block-embed is-type-video is-provider-youtube wp-block-embed-youtube wp-embed-aspect-16-9 wp-has-aspect-ratio\"><div class=\"wp-block-embed__wrapper\">\n<iframe loading=\"lazy\" title=\"26\/10\/2023 Medicina 2.0: Presente y futuro de la inteligencia artificial en el sector sanitario\" width=\"696\" height=\"392\" src=\"https:\/\/www.youtube.com\/embed\/GJIE6UX8LWU?feature=oembed\" frameborder=\"0\" allow=\"accelerometer; autoplay; clipboard-write; encrypted-media; gyroscope; picture-in-picture; web-share\" allowfullscreen><\/iframe>\n<\/div><\/figure>\n","protected":false},"excerpt":{"rendered":"<p>El jueves d\u00eda 26 de octubre de 2023 tuvo lugar, en la sede de Can Campaner, en la sede de Can Campaner la mesa redonda &#8211; &#8220;Medicina 2.0: Presente y [&hellip;]<\/p>\n","protected":false},"author":3,"featured_media":4990,"comment_status":"open","ping_status":"closed","sticky":false,"template":"","format":"standard","meta":{"_monsterinsights_skip_tracking":false,"_monsterinsights_sitenote_active":false,"_monsterinsights_sitenote_note":"","_monsterinsights_sitenote_category":0,"footnotes":""},"categories":[14,24,442,17],"tags":[358,556,553,557,555,558,232,42,199,73],"_links":{"self":[{"href":"https:\/\/ramib.org\/oficial\/index.php\/wp-json\/wp\/v2\/posts\/4922"}],"collection":[{"href":"https:\/\/ramib.org\/oficial\/index.php\/wp-json\/wp\/v2\/posts"}],"about":[{"href":"https:\/\/ramib.org\/oficial\/index.php\/wp-json\/wp\/v2\/types\/post"}],"author":[{"embeddable":true,"href":"https:\/\/ramib.org\/oficial\/index.php\/wp-json\/wp\/v2\/users\/3"}],"replies":[{"embeddable":true,"href":"https:\/\/ramib.org\/oficial\/index.php\/wp-json\/wp\/v2\/comments?post=4922"}],"version-history":[{"count":2,"href":"https:\/\/ramib.org\/oficial\/index.php\/wp-json\/wp\/v2\/posts\/4922\/revisions"}],"predecessor-version":[{"id":4995,"href":"https:\/\/ramib.org\/oficial\/index.php\/wp-json\/wp\/v2\/posts\/4922\/revisions\/4995"}],"wp:featuredmedia":[{"embeddable":true,"href":"https:\/\/ramib.org\/oficial\/index.php\/wp-json\/wp\/v2\/media\/4990"}],"wp:attachment":[{"href":"https:\/\/ramib.org\/oficial\/index.php\/wp-json\/wp\/v2\/media?parent=4922"}],"wp:term":[{"taxonomy":"category","embeddable":true,"href":"https:\/\/ramib.org\/oficial\/index.php\/wp-json\/wp\/v2\/categories?post=4922"},{"taxonomy":"post_tag","embeddable":true,"href":"https:\/\/ramib.org\/oficial\/index.php\/wp-json\/wp\/v2\/tags?post=4922"}],"curies":[{"name":"wp","href":"https:\/\/api.w.org\/{rel}","templated":true}]}}