{"id":4918,"date":"2023-10-21T09:32:45","date_gmt":"2023-10-21T09:32:45","guid":{"rendered":"https:\/\/ramib.org\/oficial\/?p=4918"},"modified":"2023-11-01T18:03:53","modified_gmt":"2023-11-01T18:03:53","slug":"4918","status":"publish","type":"post","link":"https:\/\/ramib.org\/oficial\/index.php\/2023\/10\/21\/4918\/","title":{"rendered":"26\/10\/2023: Taula rodona &#8220;Medicina 2.0: Present i futur de la intel\u00b7lig\u00e8ncia artificial en el sector sanitari&#8221;"},"content":{"rendered":"\n<p>El dijous dia 26 d&#8217;octubre de 2023 va tenir lloc, en la seu de Ca Campaner, en la seu de Can Campaner la taula rodona &#8211; &#8220;Medicina 2.0: Present i futur de la intel\u00b7lig\u00e8ncia artificial en el sector sanitari\u201d.<\/p>\n\n\n<div class=\"wp-block-image\">\n<figure class=\"aligncenter size-full\"><img loading=\"lazy\" decoding=\"async\" width=\"1024\" height=\"683\" src=\"https:\/\/ramib.org\/oficial\/wp-content\/uploads\/2023\/10\/mesaredonda1.jpg\" alt=\"\" class=\"wp-image-4975\" srcset=\"https:\/\/ramib.org\/oficial\/wp-content\/uploads\/2023\/10\/mesaredonda1.jpg 1024w, https:\/\/ramib.org\/oficial\/wp-content\/uploads\/2023\/10\/mesaredonda1-300x200.jpg 300w, https:\/\/ramib.org\/oficial\/wp-content\/uploads\/2023\/10\/mesaredonda1-768x512.jpg 768w, https:\/\/ramib.org\/oficial\/wp-content\/uploads\/2023\/10\/mesaredonda1-696x464.jpg 696w, https:\/\/ramib.org\/oficial\/wp-content\/uploads\/2023\/10\/mesaredonda1-630x420.jpg 630w\" sizes=\"(max-width: 1024px) 100vw, 1024px\" \/><\/figure><\/div>\n\n\n<p>Va obrir l&#8217;acte el secretari general de la RAMIB, M. Il\u00b7ltre. Sr. Dr. Javier Cort\u00e9s Bordoy donant la benvinguda als participants, a les autoritats presents i al p\u00fablic que es va personar en la seu de la corporaci\u00f3.<\/p>\n\n\n<div class=\"wp-block-image\">\n<figure class=\"aligncenter size-full\"><img loading=\"lazy\" decoding=\"async\" width=\"1024\" height=\"683\" src=\"https:\/\/ramib.org\/oficial\/wp-content\/uploads\/2023\/10\/mesaredonda3.jpg\" alt=\"\" class=\"wp-image-4979\" srcset=\"https:\/\/ramib.org\/oficial\/wp-content\/uploads\/2023\/10\/mesaredonda3.jpg 1024w, https:\/\/ramib.org\/oficial\/wp-content\/uploads\/2023\/10\/mesaredonda3-300x200.jpg 300w, https:\/\/ramib.org\/oficial\/wp-content\/uploads\/2023\/10\/mesaredonda3-768x512.jpg 768w, https:\/\/ramib.org\/oficial\/wp-content\/uploads\/2023\/10\/mesaredonda3-696x464.jpg 696w, https:\/\/ramib.org\/oficial\/wp-content\/uploads\/2023\/10\/mesaredonda3-630x420.jpg 630w\" sizes=\"(max-width: 1024px) 100vw, 1024px\" \/><\/figure><\/div>\n\n\n<p>Tot seguit, el coordinador de la taula, l&#8217;acad\u00e8mic numerari M. Il\u00b7ltre. Sr. Dr. Claudio Mirasso Santos va presentar el contingut de la taula rodona i va exposar el curr\u00edculum del ponent Dr. Antonio Pertusa Ib\u00e1\u00f1ez.<\/p>\n\n\n<div class=\"wp-block-image\">\n<figure class=\"aligncenter size-full\"><img loading=\"lazy\" decoding=\"async\" width=\"1024\" height=\"683\" src=\"https:\/\/ramib.org\/oficial\/wp-content\/uploads\/2023\/10\/mesaredonda2.jpg\" alt=\"\" class=\"wp-image-4977\" srcset=\"https:\/\/ramib.org\/oficial\/wp-content\/uploads\/2023\/10\/mesaredonda2.jpg 1024w, https:\/\/ramib.org\/oficial\/wp-content\/uploads\/2023\/10\/mesaredonda2-300x200.jpg 300w, https:\/\/ramib.org\/oficial\/wp-content\/uploads\/2023\/10\/mesaredonda2-768x512.jpg 768w, https:\/\/ramib.org\/oficial\/wp-content\/uploads\/2023\/10\/mesaredonda2-696x464.jpg 696w, https:\/\/ramib.org\/oficial\/wp-content\/uploads\/2023\/10\/mesaredonda2-630x420.jpg 630w\" sizes=\"(max-width: 1024px) 100vw, 1024px\" \/><\/figure><\/div>\n\n\n<p>L&#8217;esdeveniment va comptar amb la pon\u00e8ncia &#8220;T\u00e8cniques d&#8217;aprenentatge autom\u00e0tic i profund aplicades a dades m\u00e8diques&#8221; a c\u00e0rrec del Dr. Pertusa.<\/p>\n\n\n<div class=\"wp-block-image\">\n<figure class=\"aligncenter size-full\"><img loading=\"lazy\" decoding=\"async\" width=\"1024\" height=\"683\" src=\"https:\/\/ramib.org\/oficial\/wp-content\/uploads\/2023\/10\/mesaredonda4.jpg\" alt=\"\" class=\"wp-image-4981\" srcset=\"https:\/\/ramib.org\/oficial\/wp-content\/uploads\/2023\/10\/mesaredonda4.jpg 1024w, https:\/\/ramib.org\/oficial\/wp-content\/uploads\/2023\/10\/mesaredonda4-300x200.jpg 300w, https:\/\/ramib.org\/oficial\/wp-content\/uploads\/2023\/10\/mesaredonda4-768x512.jpg 768w, https:\/\/ramib.org\/oficial\/wp-content\/uploads\/2023\/10\/mesaredonda4-696x464.jpg 696w, https:\/\/ramib.org\/oficial\/wp-content\/uploads\/2023\/10\/mesaredonda4-630x420.jpg 630w\" sizes=\"(max-width: 1024px) 100vw, 1024px\" \/><\/figure><\/div>\n\n\n<p>El Dr. Pertusa \u00e9s el Director de l&#8217;Institut Universitari de Recerca Inform\u00e0tica (IUII), Universitat d&#8217;Alacant, \u00e9s llicenciat i doctor en Inform\u00e0tica per la Universitat d&#8217;Alacant, professor titular en el Departament de Llenguatges i Sistemes Inform\u00e0tics i membre del Grup de Reconeixement de Formes i Intel\u00b7lig\u00e8ncia Artificial.<\/p>\n\n\n\n<p>Actualment dirigeix l&#8217;Institut Universitari de Recerca en Inform\u00e0tica, que compta amb 135 investigadors, i forma part del comit\u00e8 executiu de l&#8217;Associaci\u00f3 Espanyola de Reconeixement de Formes i An\u00e0lisis d&#8217;Imatges S&#8217;especialitza en aprenentatge autom\u00e0tic aplicat a la recuperaci\u00f3 musical, dades m\u00e8diques i teledetecci\u00f3.<\/p>\n\n\n<div class=\"wp-block-image\">\n<figure class=\"aligncenter size-full\"><img loading=\"lazy\" decoding=\"async\" width=\"1024\" height=\"683\" src=\"https:\/\/ramib.org\/oficial\/wp-content\/uploads\/2023\/10\/mesaredonda5.jpg\" alt=\"\" class=\"wp-image-4983\" srcset=\"https:\/\/ramib.org\/oficial\/wp-content\/uploads\/2023\/10\/mesaredonda5.jpg 1024w, https:\/\/ramib.org\/oficial\/wp-content\/uploads\/2023\/10\/mesaredonda5-300x200.jpg 300w, https:\/\/ramib.org\/oficial\/wp-content\/uploads\/2023\/10\/mesaredonda5-768x512.jpg 768w, https:\/\/ramib.org\/oficial\/wp-content\/uploads\/2023\/10\/mesaredonda5-696x464.jpg 696w, https:\/\/ramib.org\/oficial\/wp-content\/uploads\/2023\/10\/mesaredonda5-630x420.jpg 630w\" sizes=\"(max-width: 1024px) 100vw, 1024px\" \/><\/figure><\/div>\n\n\n<p>Autor de m\u00e9s de 50 publicacions, ha col\u00b7laborat en 15 projectes i contractes i ha supervisat tres tesis sobre aprenentatge profund en visi\u00f3 artificial i recuperaci\u00f3 musical.<\/p>\n\n\n\n<p>Una vegada finalitzada la pon\u00e8ncia es va dur a terme la taula rodona que va comptar tamb\u00e9 com a participants amb la Dra. Irene Mosquera i el Dr. Antoni Jaume Cap\u00f3.<\/p>\n\n\n\n<p>La dra. Mosquera \u00e9s llicenciada en Matem\u00e0tiques per la Universitat Central de Vene\u00e7uela i doctora en enginyeria per la Universitat Sim\u00f3n Bol\u00edvar. Des de 2021, \u00e9s Professora Contractada Doctor en l&#8217;\u00e0rea d&#8217;Estad\u00edstica en el Departament de Ci\u00e8ncies Matem\u00e0tiques i Inform\u00e0tica i membre del grup de recerca Biologia Computacional i Bioinform\u00e0tica. S&#8217;especialitza en l&#8217;an\u00e0lisi composicional de dades de microbioma i t\u00e8cniques estad\u00edstiques per al diagn\u00f2stic cl\u00ednic, i en aspectes d&#8217;aprenentatge autom\u00e0tic i profund. \u00c9s membre de l&#8217;Institut de Recerca Sanit\u00e0ria dels Illes Balears, i responsable de l&#8217;assignatura Introducci\u00f3 a la Recerca en Salut i Bioestad\u00edstica del grau de medicina de la UIB.<\/p>\n\n\n<div class=\"wp-block-image\">\n<figure class=\"aligncenter size-full\"><img loading=\"lazy\" decoding=\"async\" width=\"1024\" height=\"683\" src=\"https:\/\/ramib.org\/oficial\/wp-content\/uploads\/2023\/10\/mesaredonda6.jpg\" alt=\"\" class=\"wp-image-4985\" srcset=\"https:\/\/ramib.org\/oficial\/wp-content\/uploads\/2023\/10\/mesaredonda6.jpg 1024w, https:\/\/ramib.org\/oficial\/wp-content\/uploads\/2023\/10\/mesaredonda6-300x200.jpg 300w, https:\/\/ramib.org\/oficial\/wp-content\/uploads\/2023\/10\/mesaredonda6-768x512.jpg 768w, https:\/\/ramib.org\/oficial\/wp-content\/uploads\/2023\/10\/mesaredonda6-696x464.jpg 696w, https:\/\/ramib.org\/oficial\/wp-content\/uploads\/2023\/10\/mesaredonda6-630x420.jpg 630w\" sizes=\"(max-width: 1024px) 100vw, 1024px\" \/><\/figure><\/div>\n\n\n<p>El Dr. Antoni Jaume Cap\u00f3 \u00e9s membre del Departament de Ci\u00e8ncies Matem\u00e0tiques i Inform\u00e0tica de la Universitat de les illes Balears. \u00c9s Investigador en la Unitat de Gr\u00e0fics i Visi\u00f3 per Computador i Intel\u00b7lig\u00e8ncia Artificial, grup que forma part de l&#8217;Institut Universitari de Recerca en Ci\u00e8ncies de la Salut (IUNICS). \u00c9s director del Laboratori d&#8217;Aplicacions de la Intel\u00b7lig\u00e8ncia Artificial de la UIB. Els seus temes de recerca se centren en la intel\u00b7lig\u00e8ncia artificial, incloent-hi la IA explicable, la visi\u00f3 per ordinador, els sistemes intel\u00b7ligents per a la rehabilitaci\u00f3 motora i el processament d&#8217;imatges m\u00e8diques, entre altres. \u00c9s a m\u00e9s col\u00b7laborador del Grup d&#8217;Innovaci\u00f3 Educativa en les Matem\u00e0tiques i l&#8217;Enginyeria, grup que forma part de l&#8217;Institut de Recerca i Innovaci\u00f3 Educativa.<\/p>\n\n\n\n<p>Com pot beneficiar-se la medicina de la Intel\u00b7lig\u00e8ncia Artificial (IA) o com s&#8217;apliquen les noves t\u00e8cniques en les dades m\u00e8diques. La taula rodona va exposar el passat, present i futur de la denominada Salut 2.0<\/p>\n\n\n\n<p>Es van tractar punts com ara que la salut assistida per la IA. Els metges han d&#8217;entendre que aix\u00f2 ja \u00e9s aqu\u00ed i que \u00e9s un complement, una eina a la qual no cal tenir por, que ser\u00e0 molt \u00fatil per a diagnosticar i tractar millor.<\/p>\n\n\n<div class=\"wp-block-image\">\n<figure class=\"aligncenter size-full\"><img loading=\"lazy\" decoding=\"async\" width=\"1024\" height=\"683\" src=\"https:\/\/ramib.org\/oficial\/wp-content\/uploads\/2023\/10\/mesaredonda7.jpg\" alt=\"\" class=\"wp-image-4987\" srcset=\"https:\/\/ramib.org\/oficial\/wp-content\/uploads\/2023\/10\/mesaredonda7.jpg 1024w, https:\/\/ramib.org\/oficial\/wp-content\/uploads\/2023\/10\/mesaredonda7-300x200.jpg 300w, https:\/\/ramib.org\/oficial\/wp-content\/uploads\/2023\/10\/mesaredonda7-768x512.jpg 768w, https:\/\/ramib.org\/oficial\/wp-content\/uploads\/2023\/10\/mesaredonda7-696x464.jpg 696w, https:\/\/ramib.org\/oficial\/wp-content\/uploads\/2023\/10\/mesaredonda7-630x420.jpg 630w\" sizes=\"(max-width: 1024px) 100vw, 1024px\" \/><\/figure><\/div>\n\n\n<p>Hi ha molta gent que ja sap com es maneja. El nou \u00e9s el ChatGPT i les eines del llenguatge que han sortit aquest \u00faltim any, per\u00f2 la IA s&#8217;usa des de fa m\u00e9s d&#8217;una d\u00e8cada. En Medicina on m\u00e9s s&#8217;utilitza \u00e9s la detecci\u00f3 d&#8217;anomalies o imatges. Cal pensar que mentre l&#8217;ull hum\u00e0, entrenat a veure resson\u00e0ncies o radiografies, veu unes 200 imatges (per dir alguna cosa), la m\u00e0quina \u00e9s capa\u00e7 de veure 10.000. No hi ha competici\u00f3, hem d&#8217;aprofitar-la a l&#8217;hora de prendre decisions. La IA pot detectar el c\u00e0ncer de mama cinc anys abans que es manifesti en un 30% dels casos, els metges en un 15%. L&#8217;avantatge \u00e9s que treballen amb molts par\u00e0metres alhora i els humans no. No ens substitueixen, s\u00f3n complement\u00e0ries i el seu avan\u00e7 \u00e9s imparable.<\/p>\n\n\n\n<p>Aix\u00ed mateix tamb\u00e9 es va exposar que cal tenir en compte que molts metges estan en edat de jubilar-se.<\/p>\n\n\n\n<p>Es va exposar que els metges d&#8217;ara ja no miren les radiografies, llegeixen l&#8217;informe del t\u00e8cnic i molts d&#8217;aquests es fan sobre la base de l&#8217;algorisme de IA i els seus suggeriments. En la taula d&#8217;avui tots som d&#8217;edat avan\u00e7ada i estem molt entusiasmats. Hi ha moltes publicacions internacionals conven\u00e7udes que va cap endavant perqu\u00e8 \u00e9s una opini\u00f3 extra. El metge decideix.<\/p>\n\n\n\n<p>La realitat virtual serveix per a entrenar amb la textura o la t\u00e8cnica 3D, pots fer pr\u00e0ctiques del que despr\u00e9s veur\u00e0s en el pacients. La IA s&#8217;aplica directament al diagn\u00f2stic i a la medicina personalitzada.<\/p>\n\n\n\n<p>\u00c9s indispensable que en la medicina s&#8217;ensenyin els avan\u00e7os tecnol\u00f2gics. Cal reformar els plans d&#8217;estudis, en algunes universitats del m\u00f3n ja l&#8217;han fet.<\/p>\n\n\n\n<p>Quantes m\u00e9s m\u00e0quines tinguem disposarem de m\u00e9s temps per a pensar.<\/p>\n\n\n<div class=\"wp-block-image\">\n<figure class=\"aligncenter size-full\"><img loading=\"lazy\" decoding=\"async\" width=\"1024\" height=\"683\" src=\"https:\/\/ramib.org\/oficial\/wp-content\/uploads\/2023\/10\/IMG20231026190047.jpg\" alt=\"\" class=\"wp-image-4991\" srcset=\"https:\/\/ramib.org\/oficial\/wp-content\/uploads\/2023\/10\/IMG20231026190047.jpg 1024w, https:\/\/ramib.org\/oficial\/wp-content\/uploads\/2023\/10\/IMG20231026190047-300x200.jpg 300w, https:\/\/ramib.org\/oficial\/wp-content\/uploads\/2023\/10\/IMG20231026190047-768x512.jpg 768w, https:\/\/ramib.org\/oficial\/wp-content\/uploads\/2023\/10\/IMG20231026190047-696x464.jpg 696w, https:\/\/ramib.org\/oficial\/wp-content\/uploads\/2023\/10\/IMG20231026190047-630x420.jpg 630w\" sizes=\"(max-width: 1024px) 100vw, 1024px\" \/><\/figure><\/div>\n\n\n<p>La taula rodona va ser seguida amb gran inter\u00e8s finalitzant amb l&#8217;habitual col\u00b7loqui entre els intervinents i el p\u00fablic assistent.<\/p>\n\n\n\n<p>Pot visualitzar la taula rodona en el seg\u00fcent enlla\u00e7 del canal de youtube de la corporaci\u00f3:<\/p>\n\n\n\n<figure class=\"wp-block-embed is-type-video is-provider-youtube wp-block-embed-youtube wp-embed-aspect-16-9 wp-has-aspect-ratio\"><div class=\"wp-block-embed__wrapper\">\n<iframe loading=\"lazy\" title=\"26\/10\/2023 Medicina 2.0: Presente y futuro de la inteligencia artificial en el sector sanitario\" width=\"696\" height=\"392\" src=\"https:\/\/www.youtube.com\/embed\/GJIE6UX8LWU?feature=oembed\" frameborder=\"0\" allow=\"accelerometer; autoplay; clipboard-write; encrypted-media; gyroscope; picture-in-picture; web-share\" allowfullscreen><\/iframe>\n<\/div><\/figure>\n","protected":false},"excerpt":{"rendered":"<p>El dijous dia 26 d&#8217;octubre de 2023 va tenir lloc, en la seu de Ca Campaner, en la seu de Can Campaner la taula rodona &#8211; &#8220;Medicina 2.0: Present i [&hellip;]<\/p>\n","protected":false},"author":3,"featured_media":4989,"comment_status":"open","ping_status":"closed","sticky":false,"template":"","format":"standard","meta":{"_monsterinsights_skip_tracking":false,"_monsterinsights_sitenote_active":false,"_monsterinsights_sitenote_note":"","_monsterinsights_sitenote_category":0,"footnotes":""},"categories":[14,24,442,17],"tags":[358,309,553,232,554,199],"_links":{"self":[{"href":"https:\/\/ramib.org\/oficial\/index.php\/wp-json\/wp\/v2\/posts\/4918"}],"collection":[{"href":"https:\/\/ramib.org\/oficial\/index.php\/wp-json\/wp\/v2\/posts"}],"about":[{"href":"https:\/\/ramib.org\/oficial\/index.php\/wp-json\/wp\/v2\/types\/post"}],"author":[{"embeddable":true,"href":"https:\/\/ramib.org\/oficial\/index.php\/wp-json\/wp\/v2\/users\/3"}],"replies":[{"embeddable":true,"href":"https:\/\/ramib.org\/oficial\/index.php\/wp-json\/wp\/v2\/comments?post=4918"}],"version-history":[{"count":2,"href":"https:\/\/ramib.org\/oficial\/index.php\/wp-json\/wp\/v2\/posts\/4918\/revisions"}],"predecessor-version":[{"id":4993,"href":"https:\/\/ramib.org\/oficial\/index.php\/wp-json\/wp\/v2\/posts\/4918\/revisions\/4993"}],"wp:featuredmedia":[{"embeddable":true,"href":"https:\/\/ramib.org\/oficial\/index.php\/wp-json\/wp\/v2\/media\/4989"}],"wp:attachment":[{"href":"https:\/\/ramib.org\/oficial\/index.php\/wp-json\/wp\/v2\/media?parent=4918"}],"wp:term":[{"taxonomy":"category","embeddable":true,"href":"https:\/\/ramib.org\/oficial\/index.php\/wp-json\/wp\/v2\/categories?post=4918"},{"taxonomy":"post_tag","embeddable":true,"href":"https:\/\/ramib.org\/oficial\/index.php\/wp-json\/wp\/v2\/tags?post=4918"}],"curies":[{"name":"wp","href":"https:\/\/api.w.org\/{rel}","templated":true}]}}