{"id":4778,"date":"2023-09-09T11:23:11","date_gmt":"2023-09-09T11:23:11","guid":{"rendered":"https:\/\/ramib.org\/oficial\/?p=4778"},"modified":"2023-10-07T08:33:41","modified_gmt":"2023-10-07T08:33:41","slug":"18-09-2023-conferencia-retos-del-futuro-del-sector-farmaceutico-y-el-papel-de-la-economia-de-la-salud","status":"publish","type":"post","link":"https:\/\/ramib.org\/oficial\/index.php\/2023\/09\/09\/18-09-2023-conferencia-retos-del-futuro-del-sector-farmaceutico-y-el-papel-de-la-economia-de-la-salud\/?lang=es","title":{"rendered":"18\/09\/2023: Conferencia Retos del futuro del sector farmac\u00e9utico y el papel de la Econom\u00eda de la Salud"},"content":{"rendered":"\n<p>El pasado d\u00eda 18 de septiembre de 2023 tuvo lugar en la sede de la RAMIB la conferencia abierta \u201cRetos de futuro del sector farmac\u00e9utico y el papel de la Econom\u00eda de la Salud\u201d.<\/p>\n\n\n<div class=\"wp-block-image\">\n<figure class=\"aligncenter size-full\"><img loading=\"lazy\" decoding=\"async\" width=\"1024\" height=\"683\" src=\"https:\/\/ramib.org\/oficial\/wp-content\/uploads\/2023\/09\/NOVARTIS9.jpg\" alt=\"\" class=\"wp-image-4820\" srcset=\"https:\/\/ramib.org\/oficial\/wp-content\/uploads\/2023\/09\/NOVARTIS9.jpg 1024w, https:\/\/ramib.org\/oficial\/wp-content\/uploads\/2023\/09\/NOVARTIS9-300x200.jpg 300w, https:\/\/ramib.org\/oficial\/wp-content\/uploads\/2023\/09\/NOVARTIS9-768x512.jpg 768w, https:\/\/ramib.org\/oficial\/wp-content\/uploads\/2023\/09\/NOVARTIS9-696x464.jpg 696w, https:\/\/ramib.org\/oficial\/wp-content\/uploads\/2023\/09\/NOVARTIS9-630x420.jpg 630w\" sizes=\"(max-width: 1024px) 100vw, 1024px\" \/><\/figure><\/div>\n\n\n<p>Esta conferencia forma parte del VIII Programa Experto en Pol\u00edtica Sanitaria y Farmacoeconom\u00eda que se llev\u00f3 a cabo en Mallorca durante los d\u00edas 17, 18 y 19 de septiembre con el t\u00edtulo de \u201cLa evaluaci\u00f3n de la innovaci\u00f3n sanitaria. \u00bfQuo vadis?\u201d.<\/p>\n\n\n<div class=\"wp-block-image\">\n<figure class=\"aligncenter size-full\"><img loading=\"lazy\" decoding=\"async\" width=\"1024\" height=\"683\" src=\"https:\/\/ramib.org\/oficial\/wp-content\/uploads\/2023\/09\/NOVARTIS1.jpg\" alt=\"\" class=\"wp-image-4804\" srcset=\"https:\/\/ramib.org\/oficial\/wp-content\/uploads\/2023\/09\/NOVARTIS1.jpg 1024w, https:\/\/ramib.org\/oficial\/wp-content\/uploads\/2023\/09\/NOVARTIS1-300x200.jpg 300w, https:\/\/ramib.org\/oficial\/wp-content\/uploads\/2023\/09\/NOVARTIS1-768x512.jpg 768w, https:\/\/ramib.org\/oficial\/wp-content\/uploads\/2023\/09\/NOVARTIS1-696x464.jpg 696w, https:\/\/ramib.org\/oficial\/wp-content\/uploads\/2023\/09\/NOVARTIS1-630x420.jpg 630w\" sizes=\"(max-width: 1024px) 100vw, 1024px\" \/><figcaption class=\"wp-element-caption\">El presidente Dr. Besalduch abriendo el acto.<\/figcaption><\/figure><\/div>\n\n\n<p>El acto fue presidido por el Excmo. Sr. Presidente de la corporaci\u00f3n Joan Besalduch Vidal; la consejera de Salud Sra. Manuela Garc\u00eda Romero; el Sr. Jos\u00e9 Mat\u00edas P\u00e9rez, Value, Access &amp; Solutions Head del Grupo Novartis Espa\u00f1a y el Sr. Guillem L\u00f3pez-Casasnovas, catedr\u00e1tico de Econom\u00eda de la Universitat Pompeu Fabra de Barcelona, director del Centre de Recerca en Economia i Salut, CRES, y expresidente de la International Health Economics Association.<\/p>\n\n\n\n<figure class=\"wp-block-image size-full\"><img loading=\"lazy\" decoding=\"async\" width=\"1024\" height=\"683\" src=\"https:\/\/ramib.org\/oficial\/wp-content\/uploads\/2023\/09\/NOVARTIS2.jpg\" alt=\"\" class=\"wp-image-4806\" srcset=\"https:\/\/ramib.org\/oficial\/wp-content\/uploads\/2023\/09\/NOVARTIS2.jpg 1024w, https:\/\/ramib.org\/oficial\/wp-content\/uploads\/2023\/09\/NOVARTIS2-300x200.jpg 300w, https:\/\/ramib.org\/oficial\/wp-content\/uploads\/2023\/09\/NOVARTIS2-768x512.jpg 768w, https:\/\/ramib.org\/oficial\/wp-content\/uploads\/2023\/09\/NOVARTIS2-696x464.jpg 696w, https:\/\/ramib.org\/oficial\/wp-content\/uploads\/2023\/09\/NOVARTIS2-630x420.jpg 630w\" sizes=\"(max-width: 1024px) 100vw, 1024px\" \/><figcaption class=\"wp-element-caption\">La consejera de Salud en su intervenci\u00f3n.<\/figcaption><\/figure>\n\n\n<div class=\"wp-block-image\">\n<figure class=\"aligncenter size-full\"><img loading=\"lazy\" decoding=\"async\" width=\"1024\" height=\"683\" src=\"https:\/\/ramib.org\/oficial\/wp-content\/uploads\/2023\/09\/NOVARTIS3.jpg\" alt=\"\" class=\"wp-image-4808\" srcset=\"https:\/\/ramib.org\/oficial\/wp-content\/uploads\/2023\/09\/NOVARTIS3.jpg 1024w, https:\/\/ramib.org\/oficial\/wp-content\/uploads\/2023\/09\/NOVARTIS3-300x200.jpg 300w, https:\/\/ramib.org\/oficial\/wp-content\/uploads\/2023\/09\/NOVARTIS3-768x512.jpg 768w, https:\/\/ramib.org\/oficial\/wp-content\/uploads\/2023\/09\/NOVARTIS3-696x464.jpg 696w, https:\/\/ramib.org\/oficial\/wp-content\/uploads\/2023\/09\/NOVARTIS3-630x420.jpg 630w\" sizes=\"(max-width: 1024px) 100vw, 1024px\" \/><figcaption class=\"wp-element-caption\"> El Sr. Jos\u00e9 Mat\u00edas P\u00e9rez, Value, Access &amp; Solutions Head del Grupo Novartis Espa\u00f1a<\/figcaption><\/figure><\/div>\n\n<div class=\"wp-block-image\">\n<figure class=\"aligncenter size-full\"><img loading=\"lazy\" decoding=\"async\" width=\"1024\" height=\"683\" src=\"https:\/\/ramib.org\/oficial\/wp-content\/uploads\/2023\/09\/NOVARTIS4.jpg\" alt=\"\" class=\"wp-image-4810\" srcset=\"https:\/\/ramib.org\/oficial\/wp-content\/uploads\/2023\/09\/NOVARTIS4.jpg 1024w, https:\/\/ramib.org\/oficial\/wp-content\/uploads\/2023\/09\/NOVARTIS4-300x200.jpg 300w, https:\/\/ramib.org\/oficial\/wp-content\/uploads\/2023\/09\/NOVARTIS4-768x512.jpg 768w, https:\/\/ramib.org\/oficial\/wp-content\/uploads\/2023\/09\/NOVARTIS4-696x464.jpg 696w, https:\/\/ramib.org\/oficial\/wp-content\/uploads\/2023\/09\/NOVARTIS4-630x420.jpg 630w\" sizes=\"(max-width: 1024px) 100vw, 1024px\" \/><figcaption class=\"wp-element-caption\">Sr. Guillem L\u00f3pez-Casasnovas, catedr\u00e1tico de Econom\u00eda de la Universitat Pompeu Fabra de Barcelona, director del Centre de Recerca en Economia i Salut, CRES, y expresidente de la International Health Economics Association.<\/figcaption><\/figure><\/div>\n\n\n<p>La conferencia fue llevada a cabo por la Sra. Anna Garc\u00eda-Alt\u00e9s, presidenta de la Asociaci\u00f3n de Econom\u00eda de la Salud.<\/p>\n\n\n<div class=\"wp-block-image\">\n<figure class=\"aligncenter size-full\"><img loading=\"lazy\" decoding=\"async\" width=\"1024\" height=\"683\" src=\"https:\/\/ramib.org\/oficial\/wp-content\/uploads\/2023\/09\/NOVARTIS5.jpg\" alt=\"\" class=\"wp-image-4812\" srcset=\"https:\/\/ramib.org\/oficial\/wp-content\/uploads\/2023\/09\/NOVARTIS5.jpg 1024w, https:\/\/ramib.org\/oficial\/wp-content\/uploads\/2023\/09\/NOVARTIS5-300x200.jpg 300w, https:\/\/ramib.org\/oficial\/wp-content\/uploads\/2023\/09\/NOVARTIS5-768x512.jpg 768w, https:\/\/ramib.org\/oficial\/wp-content\/uploads\/2023\/09\/NOVARTIS5-696x464.jpg 696w, https:\/\/ramib.org\/oficial\/wp-content\/uploads\/2023\/09\/NOVARTIS5-630x420.jpg 630w\" sizes=\"(max-width: 1024px) 100vw, 1024px\" \/><\/figure><\/div>\n\n\n<p>\u00bfQu\u00e9 papel puede jugar el sector farmac\u00e9utico en la Econom\u00eda de la Salud? No es algo de lo que se hable a menudo pero s\u00ed hay un trabajo por hacer, por ejemplo, en la mejora de la relaci\u00f3n entre el coste y su efectividad. Sobre c\u00f3mo trabajarlo trat\u00f3 la ponencia llevada a cabo en la sede de la RAMIB.<\/p>\n\n\n<div class=\"wp-block-image\">\n<figure class=\"aligncenter size-full\"><img loading=\"lazy\" decoding=\"async\" width=\"1024\" height=\"768\" src=\"https:\/\/ramib.org\/oficial\/wp-content\/uploads\/2023\/09\/NOVARTIS7.jpg\" alt=\"\" class=\"wp-image-4816\" srcset=\"https:\/\/ramib.org\/oficial\/wp-content\/uploads\/2023\/09\/NOVARTIS7.jpg 1024w, https:\/\/ramib.org\/oficial\/wp-content\/uploads\/2023\/09\/NOVARTIS7-300x225.jpg 300w, https:\/\/ramib.org\/oficial\/wp-content\/uploads\/2023\/09\/NOVARTIS7-768x576.jpg 768w, https:\/\/ramib.org\/oficial\/wp-content\/uploads\/2023\/09\/NOVARTIS7-80x60.jpg 80w, https:\/\/ramib.org\/oficial\/wp-content\/uploads\/2023\/09\/NOVARTIS7-265x198.jpg 265w, https:\/\/ramib.org\/oficial\/wp-content\/uploads\/2023\/09\/NOVARTIS7-696x522.jpg 696w, https:\/\/ramib.org\/oficial\/wp-content\/uploads\/2023\/09\/NOVARTIS7-560x420.jpg 560w\" sizes=\"(max-width: 1024px) 100vw, 1024px\" \/><\/figure><\/div>\n\n\n<p>La ponencia fue seguida con gran inter\u00e9s por el p\u00fablico asistente.<\/p>\n\n\n<div class=\"wp-block-image\">\n<figure class=\"aligncenter size-full\"><img loading=\"lazy\" decoding=\"async\" width=\"1024\" height=\"683\" src=\"https:\/\/ramib.org\/oficial\/wp-content\/uploads\/2023\/09\/NOVARTISPORTADA.jpg\" alt=\"\" class=\"wp-image-4822\" srcset=\"https:\/\/ramib.org\/oficial\/wp-content\/uploads\/2023\/09\/NOVARTISPORTADA.jpg 1024w, https:\/\/ramib.org\/oficial\/wp-content\/uploads\/2023\/09\/NOVARTISPORTADA-300x200.jpg 300w, https:\/\/ramib.org\/oficial\/wp-content\/uploads\/2023\/09\/NOVARTISPORTADA-768x512.jpg 768w, https:\/\/ramib.org\/oficial\/wp-content\/uploads\/2023\/09\/NOVARTISPORTADA-696x464.jpg 696w, https:\/\/ramib.org\/oficial\/wp-content\/uploads\/2023\/09\/NOVARTISPORTADA-630x420.jpg 630w\" sizes=\"(max-width: 1024px) 100vw, 1024px\" \/><\/figure><\/div>","protected":false},"excerpt":{"rendered":"<p>El pasado d\u00eda 18 de septiembre de 2023 tuvo lugar en la sede de la RAMIB la conferencia abierta \u201cRetos de futuro del sector farmac\u00e9utico y el papel de la [&hellip;]<\/p>\n","protected":false},"author":3,"featured_media":4824,"comment_status":"open","ping_status":"closed","sticky":false,"template":"","format":"standard","meta":{"_monsterinsights_skip_tracking":false,"_monsterinsights_sitenote_active":false,"_monsterinsights_sitenote_note":"","_monsterinsights_sitenote_category":0,"footnotes":""},"categories":[14,24,442,17],"tags":[552,530,536,537,538],"_links":{"self":[{"href":"https:\/\/ramib.org\/oficial\/index.php\/wp-json\/wp\/v2\/posts\/4778"}],"collection":[{"href":"https:\/\/ramib.org\/oficial\/index.php\/wp-json\/wp\/v2\/posts"}],"about":[{"href":"https:\/\/ramib.org\/oficial\/index.php\/wp-json\/wp\/v2\/types\/post"}],"author":[{"embeddable":true,"href":"https:\/\/ramib.org\/oficial\/index.php\/wp-json\/wp\/v2\/users\/3"}],"replies":[{"embeddable":true,"href":"https:\/\/ramib.org\/oficial\/index.php\/wp-json\/wp\/v2\/comments?post=4778"}],"version-history":[{"count":4,"href":"https:\/\/ramib.org\/oficial\/index.php\/wp-json\/wp\/v2\/posts\/4778\/revisions"}],"predecessor-version":[{"id":4826,"href":"https:\/\/ramib.org\/oficial\/index.php\/wp-json\/wp\/v2\/posts\/4778\/revisions\/4826"}],"wp:featuredmedia":[{"embeddable":true,"href":"https:\/\/ramib.org\/oficial\/index.php\/wp-json\/wp\/v2\/media\/4824"}],"wp:attachment":[{"href":"https:\/\/ramib.org\/oficial\/index.php\/wp-json\/wp\/v2\/media?parent=4778"}],"wp:term":[{"taxonomy":"category","embeddable":true,"href":"https:\/\/ramib.org\/oficial\/index.php\/wp-json\/wp\/v2\/categories?post=4778"},{"taxonomy":"post_tag","embeddable":true,"href":"https:\/\/ramib.org\/oficial\/index.php\/wp-json\/wp\/v2\/tags?post=4778"}],"curies":[{"name":"wp","href":"https:\/\/api.w.org\/{rel}","templated":true}]}}