{"id":4734,"date":"2023-06-18T21:46:38","date_gmt":"2023-06-18T21:46:38","guid":{"rendered":"https:\/\/ramib.org\/oficial\/?p=4734"},"modified":"2023-10-07T08:34:02","modified_gmt":"2023-10-07T08:34:02","slug":"4734","status":"publish","type":"post","link":"https:\/\/ramib.org\/oficial\/index.php\/2023\/06\/18\/4734\/?lang=es","title":{"rendered":"04\/07\/2023: Demograf\u00eda y epidemiolog\u00eda en la objetivaci\u00f3n del estado de salud. Metodolog\u00eda estad\u00edstica y discurso m\u00e9dico del higienismo balear, siglos XIX-XX."},"content":{"rendered":"\n<p>El martes d\u00eda 4 de julio de 2023 tuvo lugar, en la sede de Can Campaner, la sesi\u00f3n cient\u00edfica \u201cDemograf\u00eda y epidemiolog\u00eda en la objetivaci\u00f3n del estado de salud. Metodolog\u00eda estad\u00edstica y discurso m\u00e9dico del higienismo balear, siglos XIX-XX\u201d.<\/p>\n\n\n\n<p>La sesi\u00f3n fue llevada a cabo por la Dra. Joana Maria Pujadas Mora, &nbsp;profesora agregada de la Universitat Oberta de Catalunya e investigadora principal del Centre d\u2019Estudis Demogr\u00e0fics.<\/p>\n\n\n<div class=\"wp-block-image\">\n<figure class=\"aligncenter size-full\"><img loading=\"lazy\" decoding=\"async\" width=\"1024\" height=\"683\" src=\"https:\/\/ramib.org\/oficial\/wp-content\/uploads\/2023\/06\/pujadas1.jpg\" alt=\"\" class=\"wp-image-4744\" srcset=\"https:\/\/ramib.org\/oficial\/wp-content\/uploads\/2023\/06\/pujadas1.jpg 1024w, https:\/\/ramib.org\/oficial\/wp-content\/uploads\/2023\/06\/pujadas1-300x200.jpg 300w, https:\/\/ramib.org\/oficial\/wp-content\/uploads\/2023\/06\/pujadas1-768x512.jpg 768w, https:\/\/ramib.org\/oficial\/wp-content\/uploads\/2023\/06\/pujadas1-696x464.jpg 696w, https:\/\/ramib.org\/oficial\/wp-content\/uploads\/2023\/06\/pujadas1-630x420.jpg 630w\" sizes=\"(max-width: 1024px) 100vw, 1024px\" \/><\/figure><\/div>\n\n\n<p>Abri\u00f3 el acto el presidente de la RAMIB, Excm. Sr. Dr. Joan Besalduch Vidal dando la bienvenida a la ponente, a las autoridades presentes y al p\u00fablico que se person\u00f3 en la sede de la corporaci\u00f3n.<\/p>\n\n\n<div class=\"wp-block-image\">\n<figure class=\"aligncenter size-full\"><img loading=\"lazy\" decoding=\"async\" width=\"1024\" height=\"683\" src=\"https:\/\/ramib.org\/oficial\/wp-content\/uploads\/2023\/06\/pujadas2.jpg\" alt=\"\" class=\"wp-image-4746\" srcset=\"https:\/\/ramib.org\/oficial\/wp-content\/uploads\/2023\/06\/pujadas2.jpg 1024w, https:\/\/ramib.org\/oficial\/wp-content\/uploads\/2023\/06\/pujadas2-300x200.jpg 300w, https:\/\/ramib.org\/oficial\/wp-content\/uploads\/2023\/06\/pujadas2-768x512.jpg 768w, https:\/\/ramib.org\/oficial\/wp-content\/uploads\/2023\/06\/pujadas2-696x464.jpg 696w, https:\/\/ramib.org\/oficial\/wp-content\/uploads\/2023\/06\/pujadas2-630x420.jpg 630w\" sizes=\"(max-width: 1024px) 100vw, 1024px\" \/><\/figure><\/div>\n\n\n<p>El encargado de presentar y exponer el curr\u00edculum de la ponente fue el acad\u00e9mico numerario M. Il. Sr. Joan March Noguera.<\/p>\n\n\n\n<p>La Dra. Pujadas Abordo c\u00f3mo los cient\u00edficos mallorquines utilizaron la demograf\u00eda y la epidemiolog\u00eda para determinar el estado general de la salud p\u00fablica, obteniendo indicadores. A los cient\u00edficos, y tambi\u00e9n a los gobernantes, les interesaba tener una poblaci\u00f3n saludable y detectar las enfermedades evitables.<\/p>\n\n\n<div class=\"wp-block-image\">\n<figure class=\"aligncenter size-full\"><img loading=\"lazy\" decoding=\"async\" width=\"1024\" height=\"683\" src=\"https:\/\/ramib.org\/oficial\/wp-content\/uploads\/2023\/06\/pujadas3.jpg\" alt=\"\" class=\"wp-image-4748\" srcset=\"https:\/\/ramib.org\/oficial\/wp-content\/uploads\/2023\/06\/pujadas3.jpg 1024w, https:\/\/ramib.org\/oficial\/wp-content\/uploads\/2023\/06\/pujadas3-300x200.jpg 300w, https:\/\/ramib.org\/oficial\/wp-content\/uploads\/2023\/06\/pujadas3-768x512.jpg 768w, https:\/\/ramib.org\/oficial\/wp-content\/uploads\/2023\/06\/pujadas3-696x464.jpg 696w, https:\/\/ramib.org\/oficial\/wp-content\/uploads\/2023\/06\/pujadas3-630x420.jpg 630w\" sizes=\"(max-width: 1024px) 100vw, 1024px\" \/><\/figure><\/div>\n\n\n<p>As\u00ed mismo remarco que, en el siglo XIX, Baleares ten\u00eda la mayor esperanza de vida en Espa\u00f1a. A mediados de ese siglo, la esperanza de vida en las Islas era de 42 a\u00f1os, cuando en la Espa\u00f1a interior era de 30-32. Eso hizo que, para nuestros cient\u00edficos, la referencia no fuera Espa\u00f1a, sino los pa\u00edses europeos m\u00e1s avanzados, que ya llegaban a los 50 a\u00f1os. La mortalidad infantil era igualmente la m\u00e1s baja de toda Espa\u00f1a, lo que a su vez regulaba la esperanza de vida.<\/p>\n\n\n<div class=\"wp-block-image\">\n<figure class=\"aligncenter size-full\"><img loading=\"lazy\" decoding=\"async\" width=\"1024\" height=\"683\" src=\"https:\/\/ramib.org\/oficial\/wp-content\/uploads\/2023\/06\/pujadas5.jpg\" alt=\"\" class=\"wp-image-4752\" srcset=\"https:\/\/ramib.org\/oficial\/wp-content\/uploads\/2023\/06\/pujadas5.jpg 1024w, https:\/\/ramib.org\/oficial\/wp-content\/uploads\/2023\/06\/pujadas5-300x200.jpg 300w, https:\/\/ramib.org\/oficial\/wp-content\/uploads\/2023\/06\/pujadas5-768x512.jpg 768w, https:\/\/ramib.org\/oficial\/wp-content\/uploads\/2023\/06\/pujadas5-696x464.jpg 696w, https:\/\/ramib.org\/oficial\/wp-content\/uploads\/2023\/06\/pujadas5-630x420.jpg 630w\" sizes=\"(max-width: 1024px) 100vw, 1024px\" \/><\/figure><\/div>\n\n\n<p>Las causas por las que la esperanza de vida en Baleares era mayor que en el resto de Espa\u00f1a eran diversas. Tenemos a finales de siglo XIX unos m\u00e9dicos ilustres, muy bien formados, que est\u00e1n perfectamente integrados en el circuito internacional del conocimiento cient\u00edfico. Ten\u00edamos una administraci\u00f3n, pese a no contar con demasiados medios, preocupada y sensibilizada con las cuestiones sanitarias. Cada municipio contaba con un m\u00e9dico. Los conventos eran una aut\u00e9ntica red de servicios sanitarios. Las medidas de higiene fueron implant\u00e1ndose poco a poco, se consolidaron las campa\u00f1as de vacunaci\u00f3n de la viruela y el hecho de ser islas nos sirvi\u00f3 para una baja afectaci\u00f3n de las epidemias. Siendo islas, era f\u00e1cil cerrar puertos y aplicar cordones sanitarios, m\u00e1s efectivos que en el continente. Tras la epidemia de peste en el Llevant de Mallorca en 1820, que redujo a la mitad la poblaci\u00f3n de Sant Lloren\u00e7, en Espa\u00f1a hubo cuatro grandes brotes de c\u00f3lera a lo largo del siglo XIX. A Baleares s\u00f3lo lleg\u00f3 uno y se concentr\u00f3 \u00fanicamente en Palma. Precisamente la epidemia de peste de 1820 fue un catalizador en las Islas de las medidas de higiene y salud p\u00fablica. En lo que s\u00ed llegamos tarde fue en el derribo de las murallas de Palma.<\/p>\n\n\n\n<p>En el mismo sentido tambi\u00e9n destac\u00f3 que la alimentaci\u00f3n era m\u00e1s rica, en el sentido de nutritiva, que en otros lugares de Espa\u00f1a. Baleares tuvo su proceso de industrializaci\u00f3n, pero el proletariado de las Islas no perdi\u00f3 el contacto con la tierra. Quiero decir que muchos de los trabajadores industriales no dejaron de tener su peque\u00f1a parcela o huerto, del que obten\u00edan alimentos sanos y frescos. Nada que ver con el proletario barcelon\u00e9s o ingl\u00e9s, que \u00fanicamente contaba con su salario para obtener alimentos.<\/p>\n\n\n<div class=\"wp-block-image\">\n<figure class=\"aligncenter size-full\"><img loading=\"lazy\" decoding=\"async\" width=\"1024\" height=\"683\" src=\"https:\/\/ramib.org\/oficial\/wp-content\/uploads\/2023\/06\/pujadas4.jpg\" alt=\"\" class=\"wp-image-4750\" srcset=\"https:\/\/ramib.org\/oficial\/wp-content\/uploads\/2023\/06\/pujadas4.jpg 1024w, https:\/\/ramib.org\/oficial\/wp-content\/uploads\/2023\/06\/pujadas4-300x200.jpg 300w, https:\/\/ramib.org\/oficial\/wp-content\/uploads\/2023\/06\/pujadas4-768x512.jpg 768w, https:\/\/ramib.org\/oficial\/wp-content\/uploads\/2023\/06\/pujadas4-696x464.jpg 696w, https:\/\/ramib.org\/oficial\/wp-content\/uploads\/2023\/06\/pujadas4-630x420.jpg 630w\" sizes=\"(max-width: 1024px) 100vw, 1024px\" \/><\/figure><\/div>\n\n\n<p>En el siglo XIX, los quintos de Baleares eran los m\u00e1s altos de Espa\u00f1a por su mejor alimentaci\u00f3n. Evidentemente, este dato s\u00f3lo se refiere a la poblaci\u00f3n masculina.<\/p>\n\n\n<div class=\"wp-block-image\">\n<figure class=\"aligncenter size-full\"><img loading=\"lazy\" decoding=\"async\" width=\"1024\" height=\"683\" src=\"https:\/\/ramib.org\/oficial\/wp-content\/uploads\/2023\/06\/pujadas7.jpg\" alt=\"\" class=\"wp-image-4756\" srcset=\"https:\/\/ramib.org\/oficial\/wp-content\/uploads\/2023\/06\/pujadas7.jpg 1024w, https:\/\/ramib.org\/oficial\/wp-content\/uploads\/2023\/06\/pujadas7-300x200.jpg 300w, https:\/\/ramib.org\/oficial\/wp-content\/uploads\/2023\/06\/pujadas7-768x512.jpg 768w, https:\/\/ramib.org\/oficial\/wp-content\/uploads\/2023\/06\/pujadas7-696x464.jpg 696w, https:\/\/ramib.org\/oficial\/wp-content\/uploads\/2023\/06\/pujadas7-630x420.jpg 630w\" sizes=\"(max-width: 1024px) 100vw, 1024px\" \/><\/figure><\/div>\n\n\n<p>Tambi\u00e9n expuso qu\u00e9 con la marcha de los emigrantes, hubo menos presi\u00f3n demogr\u00e1fica y m\u00e1s recursos a repartir. Otra cuesti\u00f3n en la que incid\u00edan nuestros cient\u00edficos era en lo benigno de nuestro clima y por ello hab\u00eda que acercarse a la esperanza de vida de los pa\u00edses europeos, con unas condiciones mucho peores.<\/p>\n\n\n<div class=\"wp-block-image\">\n<figure class=\"aligncenter size-full\"><img loading=\"lazy\" decoding=\"async\" width=\"1024\" height=\"683\" src=\"https:\/\/ramib.org\/oficial\/wp-content\/uploads\/2023\/06\/pujadas6.jpg\" alt=\"\" class=\"wp-image-4754\" srcset=\"https:\/\/ramib.org\/oficial\/wp-content\/uploads\/2023\/06\/pujadas6.jpg 1024w, https:\/\/ramib.org\/oficial\/wp-content\/uploads\/2023\/06\/pujadas6-300x200.jpg 300w, https:\/\/ramib.org\/oficial\/wp-content\/uploads\/2023\/06\/pujadas6-768x512.jpg 768w, https:\/\/ramib.org\/oficial\/wp-content\/uploads\/2023\/06\/pujadas6-696x464.jpg 696w, https:\/\/ramib.org\/oficial\/wp-content\/uploads\/2023\/06\/pujadas6-630x420.jpg 630w\" sizes=\"(max-width: 1024px) 100vw, 1024px\" \/><\/figure><\/div>\n\n\n<p>La ponencia fue seguida con gran inter\u00e9s por el p\u00fablico asistente finalizando con el habitual coloquio entre el p\u00fablico asistente y los intervinientes.<\/p>\n\n\n<div class=\"wp-block-image\">\n<figure class=\"aligncenter size-full\"><img loading=\"lazy\" decoding=\"async\" width=\"1024\" height=\"683\" src=\"https:\/\/ramib.org\/oficial\/wp-content\/uploads\/2023\/06\/pujadas8.jpg\" alt=\"\" class=\"wp-image-4758\" srcset=\"https:\/\/ramib.org\/oficial\/wp-content\/uploads\/2023\/06\/pujadas8.jpg 1024w, https:\/\/ramib.org\/oficial\/wp-content\/uploads\/2023\/06\/pujadas8-300x200.jpg 300w, https:\/\/ramib.org\/oficial\/wp-content\/uploads\/2023\/06\/pujadas8-768x512.jpg 768w, https:\/\/ramib.org\/oficial\/wp-content\/uploads\/2023\/06\/pujadas8-696x464.jpg 696w, https:\/\/ramib.org\/oficial\/wp-content\/uploads\/2023\/06\/pujadas8-630x420.jpg 630w\" sizes=\"(max-width: 1024px) 100vw, 1024px\" \/><\/figure><\/div>\n\n\n<p>Puede visualizar la sesi\u00f3n cient\u00edfica en el canal de youtube de la corporaci\u00f3n:<\/p>\n\n\n\n<p><\/p>\n\n\n\n<figure class=\"wp-block-embed is-type-video is-provider-youtube wp-block-embed-youtube wp-embed-aspect-16-9 wp-has-aspect-ratio\"><div class=\"wp-block-embed__wrapper\">\n<iframe loading=\"lazy\" title=\"Metodologia estad\u00edstica i discurs m\u00e8dic de l\u2019higienisme balear, segles XIX \u2013 XX.\" width=\"696\" height=\"392\" src=\"https:\/\/www.youtube.com\/embed\/Geb8gs5dm5s?start=147&#038;feature=oembed\" frameborder=\"0\" allow=\"accelerometer; autoplay; clipboard-write; encrypted-media; gyroscope; picture-in-picture; web-share\" allowfullscreen><\/iframe>\n<\/div><\/figure>\n","protected":false},"excerpt":{"rendered":"<p>El martes d\u00eda 4 de julio de 2023 tuvo lugar, en la sede de Can Campaner, la sesi\u00f3n cient\u00edfica \u201cDemograf\u00eda y epidemiolog\u00eda en la objetivaci\u00f3n del estado de salud. Metodolog\u00eda [&hellip;]<\/p>\n","protected":false},"author":3,"featured_media":4760,"comment_status":"open","ping_status":"closed","sticky":false,"template":"","format":"standard","meta":{"_monsterinsights_skip_tracking":false,"_monsterinsights_sitenote_active":false,"_monsterinsights_sitenote_note":"","_monsterinsights_sitenote_category":0,"footnotes":""},"categories":[14,24,442,17],"tags":[520,516,527,526,515,521,525,528,309,321,73,199],"_links":{"self":[{"href":"https:\/\/ramib.org\/oficial\/index.php\/wp-json\/wp\/v2\/posts\/4734"}],"collection":[{"href":"https:\/\/ramib.org\/oficial\/index.php\/wp-json\/wp\/v2\/posts"}],"about":[{"href":"https:\/\/ramib.org\/oficial\/index.php\/wp-json\/wp\/v2\/types\/post"}],"author":[{"embeddable":true,"href":"https:\/\/ramib.org\/oficial\/index.php\/wp-json\/wp\/v2\/users\/3"}],"replies":[{"embeddable":true,"href":"https:\/\/ramib.org\/oficial\/index.php\/wp-json\/wp\/v2\/comments?post=4734"}],"version-history":[{"count":4,"href":"https:\/\/ramib.org\/oficial\/index.php\/wp-json\/wp\/v2\/posts\/4734\/revisions"}],"predecessor-version":[{"id":4765,"href":"https:\/\/ramib.org\/oficial\/index.php\/wp-json\/wp\/v2\/posts\/4734\/revisions\/4765"}],"wp:featuredmedia":[{"embeddable":true,"href":"https:\/\/ramib.org\/oficial\/index.php\/wp-json\/wp\/v2\/media\/4760"}],"wp:attachment":[{"href":"https:\/\/ramib.org\/oficial\/index.php\/wp-json\/wp\/v2\/media?parent=4734"}],"wp:term":[{"taxonomy":"category","embeddable":true,"href":"https:\/\/ramib.org\/oficial\/index.php\/wp-json\/wp\/v2\/categories?post=4734"},{"taxonomy":"post_tag","embeddable":true,"href":"https:\/\/ramib.org\/oficial\/index.php\/wp-json\/wp\/v2\/tags?post=4734"}],"curies":[{"name":"wp","href":"https:\/\/api.w.org\/{rel}","templated":true}]}}