{"id":4649,"date":"2023-06-01T17:41:46","date_gmt":"2023-06-01T17:41:46","guid":{"rendered":"https:\/\/ramib.org\/oficial\/?p=4649"},"modified":"2023-10-07T08:34:14","modified_gmt":"2023-10-07T08:34:14","slug":"4649","status":"publish","type":"post","link":"https:\/\/ramib.org\/oficial\/index.php\/2023\/06\/01\/4649\/?lang=es","title":{"rendered":"06\/06\/2023: Herpes Z\u00f3ster: historia natural, enfermedad y prevenci\u00f3n"},"content":{"rendered":"\n<p>El martes d\u00eda 6 de junio de 2023 tuvo lugar, en la sede de Can Campaner, la sesi\u00f3n cient\u00edfica \u201cHerpes Z\u00f3ster: historia natural, enfermedad y prevenci\u00f3n\u201d.<\/p>\n\n\n\n<p>La sesi\u00f3n fue llevada a cabo por los acad\u00e9micos numerarios Dr.Jordi Reina, Vir\u00f3logo del Servicio de Microbiolog\u00eda del Hospital Universitario Son Espases y el Dr.Javier Garau, Jefe de Servicio de Medicina Interna de la Cl\u00ednica Rotger, Quir\u00f3n Salud de Palma.<\/p>\n\n\n<div class=\"wp-block-image\">\n<figure class=\"aligncenter size-full\"><img loading=\"lazy\" decoding=\"async\" width=\"1024\" height=\"683\" src=\"https:\/\/ramib.org\/oficial\/wp-content\/uploads\/2023\/06\/zoster1.jpg\" alt=\"\" class=\"wp-image-4709\" srcset=\"https:\/\/ramib.org\/oficial\/wp-content\/uploads\/2023\/06\/zoster1.jpg 1024w, https:\/\/ramib.org\/oficial\/wp-content\/uploads\/2023\/06\/zoster1-300x200.jpg 300w, https:\/\/ramib.org\/oficial\/wp-content\/uploads\/2023\/06\/zoster1-768x512.jpg 768w, https:\/\/ramib.org\/oficial\/wp-content\/uploads\/2023\/06\/zoster1-696x464.jpg 696w, https:\/\/ramib.org\/oficial\/wp-content\/uploads\/2023\/06\/zoster1-630x420.jpg 630w\" sizes=\"(max-width: 1024px) 100vw, 1024px\" \/><\/figure><\/div>\n\n\n<p>Abri\u00f3 el acto el presidente de la RAMIB, Excm. Sr. Dr. Joan Besalduch Vidal.<\/p>\n\n\n<div class=\"wp-block-image\">\n<figure class=\"aligncenter size-full\"><img loading=\"lazy\" decoding=\"async\" width=\"1024\" height=\"683\" src=\"https:\/\/ramib.org\/oficial\/wp-content\/uploads\/2023\/06\/zoister5.jpg\" alt=\"\" class=\"wp-image-4707\" srcset=\"https:\/\/ramib.org\/oficial\/wp-content\/uploads\/2023\/06\/zoister5.jpg 1024w, https:\/\/ramib.org\/oficial\/wp-content\/uploads\/2023\/06\/zoister5-300x200.jpg 300w, https:\/\/ramib.org\/oficial\/wp-content\/uploads\/2023\/06\/zoister5-768x512.jpg 768w, https:\/\/ramib.org\/oficial\/wp-content\/uploads\/2023\/06\/zoister5-696x464.jpg 696w, https:\/\/ramib.org\/oficial\/wp-content\/uploads\/2023\/06\/zoister5-630x420.jpg 630w\" sizes=\"(max-width: 1024px) 100vw, 1024px\" \/><\/figure><\/div>\n\n\n<p>El primer ponente fue el Dr. Reina, que expuso que poca gente sabe que el herpes z\u00f3ster es el mismo virus de la varicela que se queda latente, en algunas c\u00e9lulas del cuerpo, tras pasar la enfermedad, su frecuencia es \u00abextraordinaria\u00bb. Se calcula que una de cada tres personas lo tendr\u00e1 y \u00abel 80 % de los casos se producen entre los 65 y los 70 a\u00f1os\u00bb. La peor parte, es que el 20 % de los afectados desarrollar\u00e1 un intenso y persistente dolor conocido como neuralgia postherp\u00e9tica.<\/p>\n\n\n<div class=\"wp-block-image\">\n<figure class=\"aligncenter size-full\"><img loading=\"lazy\" decoding=\"async\" width=\"1024\" height=\"683\" src=\"https:\/\/ramib.org\/oficial\/wp-content\/uploads\/2023\/06\/zoster3.jpg\" alt=\"\" class=\"wp-image-4713\" srcset=\"https:\/\/ramib.org\/oficial\/wp-content\/uploads\/2023\/06\/zoster3.jpg 1024w, https:\/\/ramib.org\/oficial\/wp-content\/uploads\/2023\/06\/zoster3-300x200.jpg 300w, https:\/\/ramib.org\/oficial\/wp-content\/uploads\/2023\/06\/zoster3-768x512.jpg 768w, https:\/\/ramib.org\/oficial\/wp-content\/uploads\/2023\/06\/zoster3-696x464.jpg 696w, https:\/\/ramib.org\/oficial\/wp-content\/uploads\/2023\/06\/zoster3-630x420.jpg 630w\" sizes=\"(max-width: 1024px) 100vw, 1024px\" \/><\/figure><\/div>\n\n\n<p>En este sentido se ha producido una de las principales novedades en los \u00faltimos a\u00f1os: una nueva vacuna, de gran efectividad, que el Ministerio de Sanidad empieza a ofrecer, este a\u00f1o, a toda la poblaci\u00f3n de 65 y de 80 a\u00f1os y que ir\u00e1 aumentando progresivamente entre esta franja de edad. \u00abComo la inmunidad disminuye a medida que pasan los a\u00f1os, con la vacuna se intenta recuperar el nivel previo del sistema inmunol\u00f3gico para afrontar este virus concreto\u00bb<\/p>\n\n\n<div class=\"wp-block-image\">\n<figure class=\"aligncenter size-full\"><img loading=\"lazy\" decoding=\"async\" width=\"1024\" height=\"683\" src=\"https:\/\/ramib.org\/oficial\/wp-content\/uploads\/2023\/06\/zoster4.jpg\" alt=\"\" class=\"wp-image-4715\" srcset=\"https:\/\/ramib.org\/oficial\/wp-content\/uploads\/2023\/06\/zoster4.jpg 1024w, https:\/\/ramib.org\/oficial\/wp-content\/uploads\/2023\/06\/zoster4-300x200.jpg 300w, https:\/\/ramib.org\/oficial\/wp-content\/uploads\/2023\/06\/zoster4-768x512.jpg 768w, https:\/\/ramib.org\/oficial\/wp-content\/uploads\/2023\/06\/zoster4-696x464.jpg 696w, https:\/\/ramib.org\/oficial\/wp-content\/uploads\/2023\/06\/zoster4-630x420.jpg 630w\" sizes=\"(max-width: 1024px) 100vw, 1024px\" \/><\/figure><\/div>\n\n\n<p>Seguidamente intervino el Dr. Javier Garau que expuso que en 2030,<strong> <\/strong>el 30 % de la poblaci\u00f3n tendr\u00e1 m\u00e1s de 65 a\u00f1os\u00bb, el herpes z\u00f3ster se convierte en un verdadero problema de salud p\u00fablica.<\/p>\n\n\n<div class=\"wp-block-image\">\n<figure class=\"aligncenter size-full\"><img loading=\"lazy\" decoding=\"async\" width=\"1024\" height=\"683\" src=\"https:\/\/ramib.org\/oficial\/wp-content\/uploads\/2023\/06\/zoster6.jpg\" alt=\"\" class=\"wp-image-4717\" srcset=\"https:\/\/ramib.org\/oficial\/wp-content\/uploads\/2023\/06\/zoster6.jpg 1024w, https:\/\/ramib.org\/oficial\/wp-content\/uploads\/2023\/06\/zoster6-300x200.jpg 300w, https:\/\/ramib.org\/oficial\/wp-content\/uploads\/2023\/06\/zoster6-768x512.jpg 768w, https:\/\/ramib.org\/oficial\/wp-content\/uploads\/2023\/06\/zoster6-696x464.jpg 696w, https:\/\/ramib.org\/oficial\/wp-content\/uploads\/2023\/06\/zoster6-630x420.jpg 630w\" sizes=\"(max-width: 1024px) 100vw, 1024px\" \/><\/figure><\/div>\n\n\n<p>Casi el 100 % de los ni\u00f1os se infectaban de varicela sin gran trascendencia pero a diferencia de otros virus, \u00e9ste se queda en el organismo latente, sin dar s\u00edntomas, hasta que se reactiva\u00bb, explica el doctor Reina. Como lo hace desde dentro del cuerpo ya no es igual, \u00ablas lesiones del herpes z\u00f3ster se concentran en unas zonas determinadas: t\u00f3rax, cara, oreja<strong>&#8230; <\/strong>Est\u00e1n muy localizadas y duelen, porque al reactivarse destruye la c\u00e9lula en la que estaba, mientras que la varicela es dispersa y no duele.<\/p>\n\n\n<div class=\"wp-block-image\">\n<figure class=\"aligncenter size-full\"><img loading=\"lazy\" decoding=\"async\" width=\"1024\" height=\"683\" src=\"https:\/\/ramib.org\/oficial\/wp-content\/uploads\/2023\/06\/zoster9.jpg\" alt=\"\" class=\"wp-image-4723\" srcset=\"https:\/\/ramib.org\/oficial\/wp-content\/uploads\/2023\/06\/zoster9.jpg 1024w, https:\/\/ramib.org\/oficial\/wp-content\/uploads\/2023\/06\/zoster9-300x200.jpg 300w, https:\/\/ramib.org\/oficial\/wp-content\/uploads\/2023\/06\/zoster9-768x512.jpg 768w, https:\/\/ramib.org\/oficial\/wp-content\/uploads\/2023\/06\/zoster9-696x464.jpg 696w, https:\/\/ramib.org\/oficial\/wp-content\/uploads\/2023\/06\/zoster9-630x420.jpg 630w\" sizes=\"(max-width: 1024px) 100vw, 1024px\" \/><\/figure><\/div>\n\n\n<p>Adem\u00e1s de las personas mayores, son de riesgo todas aquellas con problemas en el sistema inmunol\u00f3gico como pacientes de c\u00e1ncer, con VIH o trasplantados. \u00abConviene entender que hay prevenci\u00f3n y c\u00f3mo se puede tratar\u00bb, a\u00f1ade el doctor Garau. Este experto se\u00f1ala la importancia del diagn\u00f3stico precoz para un mejor tratamiento (\u00abhay uno antiviral que lo acorta y mejora el pron\u00f3stica\u00bb), y para prevenir la diseminaci\u00f3n de persona a persona, como sucede tambi\u00e9n con la varicela.<\/p>\n\n\n<div class=\"wp-block-image\">\n<figure class=\"aligncenter size-full\"><img loading=\"lazy\" decoding=\"async\" width=\"1024\" height=\"683\" src=\"https:\/\/ramib.org\/oficial\/wp-content\/uploads\/2023\/06\/zoster7.jpg\" alt=\"\" class=\"wp-image-4719\" srcset=\"https:\/\/ramib.org\/oficial\/wp-content\/uploads\/2023\/06\/zoster7.jpg 1024w, https:\/\/ramib.org\/oficial\/wp-content\/uploads\/2023\/06\/zoster7-300x200.jpg 300w, https:\/\/ramib.org\/oficial\/wp-content\/uploads\/2023\/06\/zoster7-768x512.jpg 768w, https:\/\/ramib.org\/oficial\/wp-content\/uploads\/2023\/06\/zoster7-696x464.jpg 696w, https:\/\/ramib.org\/oficial\/wp-content\/uploads\/2023\/06\/zoster7-630x420.jpg 630w\" sizes=\"(max-width: 1024px) 100vw, 1024px\" \/><\/figure><\/div>\n\n\n<p>Adem\u00e1s es importante distinguir el herpes com\u00fan que acostumbra a estar \u00abalrededor de la boca o en \u00e1reas perigenitales\u00bb del z\u00f3ster. \u00abEs un primo suyo, se caracterizan porque ambos son recurrentes\u00bb. Y es que si bien el com\u00fan suele aparecer con las defensas bajas, el herpes z\u00f3ster lo hace cuando el sistema inmunitario se debilita, normalmente por cuesti\u00f3n de edad.<\/p>\n\n\n<div class=\"wp-block-image\">\n<figure class=\"aligncenter size-full\"><img loading=\"lazy\" decoding=\"async\" width=\"1024\" height=\"683\" src=\"https:\/\/ramib.org\/oficial\/wp-content\/uploads\/2023\/06\/zoster10.jpg\" alt=\"\" class=\"wp-image-4725\" srcset=\"https:\/\/ramib.org\/oficial\/wp-content\/uploads\/2023\/06\/zoster10.jpg 1024w, https:\/\/ramib.org\/oficial\/wp-content\/uploads\/2023\/06\/zoster10-300x200.jpg 300w, https:\/\/ramib.org\/oficial\/wp-content\/uploads\/2023\/06\/zoster10-768x512.jpg 768w, https:\/\/ramib.org\/oficial\/wp-content\/uploads\/2023\/06\/zoster10-696x464.jpg 696w, https:\/\/ramib.org\/oficial\/wp-content\/uploads\/2023\/06\/zoster10-630x420.jpg 630w\" sizes=\"(max-width: 1024px) 100vw, 1024px\" \/><\/figure><\/div>\n\n\n<p>La ponencia fue seguida con gran inter\u00e9s por el p\u00fablico asistente finalizando con el habitual coloquio entre el p\u00fablico asistente y los intervinientes.<\/p>\n\n\n<div class=\"wp-block-image\">\n<figure class=\"aligncenter size-full\"><img loading=\"lazy\" decoding=\"async\" width=\"1024\" height=\"683\" src=\"https:\/\/ramib.org\/oficial\/wp-content\/uploads\/2023\/06\/zosterportada.jpg\" alt=\"\" class=\"wp-image-4727\" srcset=\"https:\/\/ramib.org\/oficial\/wp-content\/uploads\/2023\/06\/zosterportada.jpg 1024w, https:\/\/ramib.org\/oficial\/wp-content\/uploads\/2023\/06\/zosterportada-300x200.jpg 300w, https:\/\/ramib.org\/oficial\/wp-content\/uploads\/2023\/06\/zosterportada-768x512.jpg 768w, https:\/\/ramib.org\/oficial\/wp-content\/uploads\/2023\/06\/zosterportada-696x464.jpg 696w, https:\/\/ramib.org\/oficial\/wp-content\/uploads\/2023\/06\/zosterportada-630x420.jpg 630w\" sizes=\"(max-width: 1024px) 100vw, 1024px\" \/><\/figure><\/div>\n\n\n<p>Puede visualizar la sesi\u00f3n cient\u00edfica en el canal de youtube de la corporaci\u00f3n:<\/p>\n\n\n\n<figure class=\"wp-block-embed is-type-video is-provider-youtube wp-block-embed-youtube wp-embed-aspect-16-9 wp-has-aspect-ratio\"><div class=\"wp-block-embed__wrapper\">\n<iframe loading=\"lazy\" title=\"06\/06\/2023: Herpes Z\u00f3ster: historia natural, enfermedad y prevenci\u00f3n\" width=\"696\" height=\"392\" src=\"https:\/\/www.youtube.com\/embed\/LDf0lUQ8bpM?start=603&#038;feature=oembed\" frameborder=\"0\" allow=\"accelerometer; autoplay; clipboard-write; encrypted-media; gyroscope; picture-in-picture; web-share\" allowfullscreen><\/iframe>\n<\/div><\/figure>\n","protected":false},"excerpt":{"rendered":"<p>El martes d\u00eda 6 de junio de 2023 tuvo lugar, en la sede de Can Campaner, la sesi\u00f3n cient\u00edfica \u201cHerpes Z\u00f3ster: historia natural, enfermedad y prevenci\u00f3n\u201d. La sesi\u00f3n fue llevada [&hellip;]<\/p>\n","protected":false},"author":3,"featured_media":4729,"comment_status":"open","ping_status":"closed","sticky":false,"template":"","format":"standard","meta":{"_monsterinsights_skip_tracking":false,"_monsterinsights_sitenote_active":false,"_monsterinsights_sitenote_note":"","_monsterinsights_sitenote_category":0,"footnotes":""},"categories":[14,24,442,17],"tags":[490,488,491,481,492,486,483,493,494,489,199,73,495,487,262,464,480,496],"_links":{"self":[{"href":"https:\/\/ramib.org\/oficial\/index.php\/wp-json\/wp\/v2\/posts\/4649"}],"collection":[{"href":"https:\/\/ramib.org\/oficial\/index.php\/wp-json\/wp\/v2\/posts"}],"about":[{"href":"https:\/\/ramib.org\/oficial\/index.php\/wp-json\/wp\/v2\/types\/post"}],"author":[{"embeddable":true,"href":"https:\/\/ramib.org\/oficial\/index.php\/wp-json\/wp\/v2\/users\/3"}],"replies":[{"embeddable":true,"href":"https:\/\/ramib.org\/oficial\/index.php\/wp-json\/wp\/v2\/comments?post=4649"}],"version-history":[{"count":2,"href":"https:\/\/ramib.org\/oficial\/index.php\/wp-json\/wp\/v2\/posts\/4649\/revisions"}],"predecessor-version":[{"id":4733,"href":"https:\/\/ramib.org\/oficial\/index.php\/wp-json\/wp\/v2\/posts\/4649\/revisions\/4733"}],"wp:featuredmedia":[{"embeddable":true,"href":"https:\/\/ramib.org\/oficial\/index.php\/wp-json\/wp\/v2\/media\/4729"}],"wp:attachment":[{"href":"https:\/\/ramib.org\/oficial\/index.php\/wp-json\/wp\/v2\/media?parent=4649"}],"wp:term":[{"taxonomy":"category","embeddable":true,"href":"https:\/\/ramib.org\/oficial\/index.php\/wp-json\/wp\/v2\/categories?post=4649"},{"taxonomy":"post_tag","embeddable":true,"href":"https:\/\/ramib.org\/oficial\/index.php\/wp-json\/wp\/v2\/tags?post=4649"}],"curies":[{"name":"wp","href":"https:\/\/api.w.org\/{rel}","templated":true}]}}