{"id":4571,"date":"2023-04-09T20:43:14","date_gmt":"2023-04-09T20:43:14","guid":{"rendered":"https:\/\/ramib.org\/oficial\/?p=4571"},"modified":"2023-10-07T08:34:56","modified_gmt":"2023-10-07T08:34:56","slug":"4571","status":"publish","type":"post","link":"https:\/\/ramib.org\/oficial\/index.php\/2023\/04\/09\/4571\/?lang=es","title":{"rendered":"20\/04\/2023: La Ciudad romana y tardoantigua de Pollentia (Alcudia, Mallorca). Cien a\u00f1os de excavaciones arqueol\u00f3gicas (1923-2023)"},"content":{"rendered":"\n<p>El pasado 20 de abril de 2023, se celebr\u00f3 en la sede de la Real Academia de Medicina de las Islas Baleares la sesi\u00f3n cient\u00edfica \u201cLa Ciudad romana y tardoantigua de Pollentia (Alcudia, Mallorca). Cien a\u00f1os de excavaciones arqueol\u00f3gicas (1923-2023).\u201d organizada conjuntamente por la RAMIB y el Colegio Oficial de Bi\u00f3logos de las Islas Baleares.<\/p>\n\n\n<div class=\"wp-block-image\">\n<figure class=\"aligncenter size-full\"><img loading=\"lazy\" decoding=\"async\" width=\"1024\" height=\"683\" src=\"https:\/\/ramib.org\/oficial\/wp-content\/uploads\/2023\/04\/cau1.jpg\" alt=\"\" class=\"wp-image-4584\" srcset=\"https:\/\/ramib.org\/oficial\/wp-content\/uploads\/2023\/04\/cau1.jpg 1024w, https:\/\/ramib.org\/oficial\/wp-content\/uploads\/2023\/04\/cau1-300x200.jpg 300w, https:\/\/ramib.org\/oficial\/wp-content\/uploads\/2023\/04\/cau1-768x512.jpg 768w, https:\/\/ramib.org\/oficial\/wp-content\/uploads\/2023\/04\/cau1-696x464.jpg 696w, https:\/\/ramib.org\/oficial\/wp-content\/uploads\/2023\/04\/cau1-630x420.jpg 630w\" sizes=\"(max-width: 1024px) 100vw, 1024px\" \/><\/figure><\/div>\n\n\n<p>El presidente de la RAMIB, Joan Besalduch Vidal, abri\u00f3 el acto agradeciendo a la conferenciante, a las autoridades y al p\u00fablico su asistencia<\/p>\n\n\n<div class=\"wp-block-image\">\n<figure class=\"aligncenter size-full\"><img loading=\"lazy\" decoding=\"async\" width=\"1024\" height=\"683\" src=\"https:\/\/ramib.org\/oficial\/wp-content\/uploads\/2023\/04\/cau2.jpg\" alt=\"\" class=\"wp-image-4586\" srcset=\"https:\/\/ramib.org\/oficial\/wp-content\/uploads\/2023\/04\/cau2.jpg 1024w, https:\/\/ramib.org\/oficial\/wp-content\/uploads\/2023\/04\/cau2-300x200.jpg 300w, https:\/\/ramib.org\/oficial\/wp-content\/uploads\/2023\/04\/cau2-768x512.jpg 768w, https:\/\/ramib.org\/oficial\/wp-content\/uploads\/2023\/04\/cau2-696x464.jpg 696w, https:\/\/ramib.org\/oficial\/wp-content\/uploads\/2023\/04\/cau2-630x420.jpg 630w\" sizes=\"(max-width: 1024px) 100vw, 1024px\" \/><\/figure><\/div>\n\n\n<p>Present\u00f3 a la ponente, representando al Colegio Oficial de Bi\u00f3logos de los Islas Baleares, el Sr. Pere Cresp\u00ed Salom, exponiendo el curr\u00edculum de la ponente.<\/p>\n\n\n<div class=\"wp-block-image\">\n<figure class=\"aligncenter size-full\"><img loading=\"lazy\" decoding=\"async\" width=\"1024\" height=\"683\" src=\"https:\/\/ramib.org\/oficial\/wp-content\/uploads\/2023\/04\/cau5.jpg\" alt=\"\" class=\"wp-image-4592\" srcset=\"https:\/\/ramib.org\/oficial\/wp-content\/uploads\/2023\/04\/cau5.jpg 1024w, https:\/\/ramib.org\/oficial\/wp-content\/uploads\/2023\/04\/cau5-300x200.jpg 300w, https:\/\/ramib.org\/oficial\/wp-content\/uploads\/2023\/04\/cau5-768x512.jpg 768w, https:\/\/ramib.org\/oficial\/wp-content\/uploads\/2023\/04\/cau5-696x464.jpg 696w, https:\/\/ramib.org\/oficial\/wp-content\/uploads\/2023\/04\/cau5-630x420.jpg 630w\" sizes=\"(max-width: 1024px) 100vw, 1024px\" \/><\/figure><\/div>\n\n\n<p>La sesi\u00f3n cient\u00edfica fue llevada a cabo por el Dr. Miquel \u00c0ngel Cau Ontiveros, Research Profesor de la Instituci\u00f3n Catalana de Investigaci\u00f3n y Estudios Avanzados (ICREA), Director del Instituto de Arqueolog\u00eda de la Universitat de Barcelona (IAUB) y Director del Equipo de Investigaci\u00f3n Arqueol\u00f3gica y Arqueom\u00e9trica de la Universitat de Barcelona (ERAAUB).<\/p>\n\n\n<div class=\"wp-block-image\">\n<figure class=\"aligncenter size-full\"><img loading=\"lazy\" decoding=\"async\" width=\"1024\" height=\"683\" src=\"https:\/\/ramib.org\/oficial\/wp-content\/uploads\/2023\/04\/cau4.jpg\" alt=\"\" class=\"wp-image-4590\" srcset=\"https:\/\/ramib.org\/oficial\/wp-content\/uploads\/2023\/04\/cau4.jpg 1024w, https:\/\/ramib.org\/oficial\/wp-content\/uploads\/2023\/04\/cau4-300x200.jpg 300w, https:\/\/ramib.org\/oficial\/wp-content\/uploads\/2023\/04\/cau4-768x512.jpg 768w, https:\/\/ramib.org\/oficial\/wp-content\/uploads\/2023\/04\/cau4-696x464.jpg 696w, https:\/\/ramib.org\/oficial\/wp-content\/uploads\/2023\/04\/cau4-630x420.jpg 630w\" sizes=\"(max-width: 1024px) 100vw, 1024px\" \/><\/figure><\/div>\n\n\n<p>El Dr. Cau explic\u00f3, entre varias cosas, que este a\u00f1o se cumplen 100 a\u00f1os desde el origen de las tareas arqueol\u00f3gicas iniciadas en 1923.<\/p>\n\n\n\n<p>La excavaciones sistem\u00e1ticas, con permiso oficial de Madrid, arrancaron en 1923, y se han continuado de manera ininterrumpida, con excepci\u00f3n de la Guerra Civil, hasta ahora. Es cierto que la ciudad se conoc\u00eda de antes, porque hay hallazgos ya en el siglo XVI, pero la arqueolog\u00eda propiamente dicha arranca en 1923.<\/p>\n\n\n<div class=\"wp-block-image\">\n<figure class=\"aligncenter size-full\"><img loading=\"lazy\" decoding=\"async\" width=\"1024\" height=\"683\" src=\"https:\/\/ramib.org\/oficial\/wp-content\/uploads\/2023\/04\/cau3.jpg\" alt=\"\" class=\"wp-image-4588\" srcset=\"https:\/\/ramib.org\/oficial\/wp-content\/uploads\/2023\/04\/cau3.jpg 1024w, https:\/\/ramib.org\/oficial\/wp-content\/uploads\/2023\/04\/cau3-300x200.jpg 300w, https:\/\/ramib.org\/oficial\/wp-content\/uploads\/2023\/04\/cau3-768x512.jpg 768w, https:\/\/ramib.org\/oficial\/wp-content\/uploads\/2023\/04\/cau3-696x464.jpg 696w, https:\/\/ramib.org\/oficial\/wp-content\/uploads\/2023\/04\/cau3-630x420.jpg 630w\" sizes=\"(max-width: 1024px) 100vw, 1024px\" \/><\/figure><\/div>\n\n\n<p>Se han conocido muchas cosas en un siglo. Hay que recordar que las primeras excavaciones se hacen en terrenos privados con la condici\u00f3n que se tape de nuevo despu\u00e9s de excavar, por lo cual de estos lugares no se ve nada, pero esto no significa que no sepamos m\u00e1s cosas de las que se ven. Ahora estamos en un momento muy dulce, con un equipo muy grande de unas 100 personas en verano y excavando en varios sectores. Hay much\u00edsimo para hacer porque es una ciudad muy grande, de 19 a 21 hect\u00e1reas de terreno. De hecho, todo el campo que se ve alrededor tambi\u00e9n es la ciudad.<\/p>\n\n\n<div class=\"wp-block-image\">\n<figure class=\"aligncenter size-full\"><img loading=\"lazy\" decoding=\"async\" width=\"1024\" height=\"683\" src=\"https:\/\/ramib.org\/oficial\/wp-content\/uploads\/2023\/04\/cau7.jpg\" alt=\"\" class=\"wp-image-4596\" srcset=\"https:\/\/ramib.org\/oficial\/wp-content\/uploads\/2023\/04\/cau7.jpg 1024w, https:\/\/ramib.org\/oficial\/wp-content\/uploads\/2023\/04\/cau7-300x200.jpg 300w, https:\/\/ramib.org\/oficial\/wp-content\/uploads\/2023\/04\/cau7-768x512.jpg 768w, https:\/\/ramib.org\/oficial\/wp-content\/uploads\/2023\/04\/cau7-696x464.jpg 696w, https:\/\/ramib.org\/oficial\/wp-content\/uploads\/2023\/04\/cau7-630x420.jpg 630w\" sizes=\"(max-width: 1024px) 100vw, 1024px\" \/><\/figure><\/div>\n\n\n<p>Recientemente hemos excavado lo macaellum, que era el mercado romano de la ciudad, unas tascas en el norte de la ciudad o las necr\u00f3polis del sur. Tambi\u00e9n destaca la bas\u00edlica civil, que era el gran edificio en el cual se impart\u00eda justicia y en el cual hemos excavado una peque\u00f1a parte que nos ha sorprendido por un mosaico opus sectile en una antesala pavimentada formado por hex\u00e1gonos de pizarra color negro gris que si los yuxtapones tienen arriba una pieza de m\u00e1rmol blanco. Es impresionante. Finalmente, estamos excavando la parte residencial para ver si somos capaces de llegar a los niveles fundacionales del 123 a. C. y poder investigar la fase preexistente anterior en la cual se sabe que hab\u00eda un poblado talay\u00f3tico.<\/p>\n\n\n<div class=\"wp-block-image\">\n<figure class=\"aligncenter size-full\"><img loading=\"lazy\" decoding=\"async\" width=\"1024\" height=\"683\" src=\"https:\/\/ramib.org\/oficial\/wp-content\/uploads\/2023\/04\/cau6.jpg\" alt=\"\" class=\"wp-image-4594\" srcset=\"https:\/\/ramib.org\/oficial\/wp-content\/uploads\/2023\/04\/cau6.jpg 1024w, https:\/\/ramib.org\/oficial\/wp-content\/uploads\/2023\/04\/cau6-300x200.jpg 300w, https:\/\/ramib.org\/oficial\/wp-content\/uploads\/2023\/04\/cau6-768x512.jpg 768w, https:\/\/ramib.org\/oficial\/wp-content\/uploads\/2023\/04\/cau6-696x464.jpg 696w, https:\/\/ramib.org\/oficial\/wp-content\/uploads\/2023\/04\/cau6-630x420.jpg 630w\" sizes=\"(max-width: 1024px) 100vw, 1024px\" \/><\/figure><\/div>\n\n\n<p>As\u00ed mismo de cara al futuro indic\u00f3 que la parte cient\u00edfica va muy bien, pero la gran apuesta de futuro es una reivindicaci\u00f3n hist\u00f3rica: la creaci\u00f3n del que siempre hemos denominado un museo propio. Esto ha evolucionado en un centro de investigaci\u00f3n que incluya un espacio muse\u00edstico y que tenga secci\u00f3n terrestre y subacu\u00e1tica. Ser\u00eda una gran infraestructura no solo para Pollentia, sino para Mallorca.<\/p>\n\n\n<div class=\"wp-block-image\">\n<figure class=\"aligncenter size-full\"><img loading=\"lazy\" decoding=\"async\" width=\"1024\" height=\"683\" src=\"https:\/\/ramib.org\/oficial\/wp-content\/uploads\/2023\/04\/cau8.jpg\" alt=\"\" class=\"wp-image-4598\" srcset=\"https:\/\/ramib.org\/oficial\/wp-content\/uploads\/2023\/04\/cau8.jpg 1024w, https:\/\/ramib.org\/oficial\/wp-content\/uploads\/2023\/04\/cau8-300x200.jpg 300w, https:\/\/ramib.org\/oficial\/wp-content\/uploads\/2023\/04\/cau8-768x512.jpg 768w, https:\/\/ramib.org\/oficial\/wp-content\/uploads\/2023\/04\/cau8-696x464.jpg 696w, https:\/\/ramib.org\/oficial\/wp-content\/uploads\/2023\/04\/cau8-630x420.jpg 630w\" sizes=\"(max-width: 1024px) 100vw, 1024px\" \/><\/figure><\/div>\n\n\n<p>Una vez finalizada la ponencia se abri\u00f3 el turno abierto de palabra habitual en el que el p\u00fablico pudo plantear varias cuestiones que fueron respondidas por poniente.<\/p>\n\n\n<div class=\"wp-block-image\">\n<figure class=\"aligncenter size-full\"><img loading=\"lazy\" decoding=\"async\" width=\"1024\" height=\"683\" src=\"https:\/\/ramib.org\/oficial\/wp-content\/uploads\/2023\/04\/cau9.jpg\" alt=\"\" class=\"wp-image-4600\" srcset=\"https:\/\/ramib.org\/oficial\/wp-content\/uploads\/2023\/04\/cau9.jpg 1024w, https:\/\/ramib.org\/oficial\/wp-content\/uploads\/2023\/04\/cau9-300x200.jpg 300w, https:\/\/ramib.org\/oficial\/wp-content\/uploads\/2023\/04\/cau9-768x512.jpg 768w, https:\/\/ramib.org\/oficial\/wp-content\/uploads\/2023\/04\/cau9-696x464.jpg 696w, https:\/\/ramib.org\/oficial\/wp-content\/uploads\/2023\/04\/cau9-630x420.jpg 630w\" sizes=\"(max-width: 1024px) 100vw, 1024px\" \/><\/figure><\/div>\n\n\n<p>Al finalizar el debate el presidente de la corporaci\u00f3n cerr\u00f3 el acto agradeciendo al Dr. Cau su magn\u00edfica ponencia.<\/p>\n\n\n<div class=\"wp-block-image\">\n<figure class=\"aligncenter size-full\"><img loading=\"lazy\" decoding=\"async\" width=\"1024\" height=\"683\" src=\"https:\/\/ramib.org\/oficial\/wp-content\/uploads\/2023\/04\/cau-10.jpg\" alt=\"\" class=\"wp-image-4582\" srcset=\"https:\/\/ramib.org\/oficial\/wp-content\/uploads\/2023\/04\/cau-10.jpg 1024w, https:\/\/ramib.org\/oficial\/wp-content\/uploads\/2023\/04\/cau-10-300x200.jpg 300w, https:\/\/ramib.org\/oficial\/wp-content\/uploads\/2023\/04\/cau-10-768x512.jpg 768w, https:\/\/ramib.org\/oficial\/wp-content\/uploads\/2023\/04\/cau-10-696x464.jpg 696w, https:\/\/ramib.org\/oficial\/wp-content\/uploads\/2023\/04\/cau-10-630x420.jpg 630w\" sizes=\"(max-width: 1024px) 100vw, 1024px\" \/><\/figure><\/div>\n\n\n<p>Puede visualizar la sesi\u00f3n cient\u00edfica en el siguiente enlace:<\/p>\n\n\n\n<figure class=\"wp-block-embed is-type-video is-provider-youtube wp-block-embed-youtube wp-embed-aspect-16-9 wp-has-aspect-ratio\"><div class=\"wp-block-embed__wrapper\">\n<iframe loading=\"lazy\" title=\"La Ciutat romana i tardoantiga de Pol\u2022l\u00e8ntia. 100 anys d\u2019excavacions arqueol\u00f2giques (1923-2023).\" width=\"696\" height=\"392\" src=\"https:\/\/www.youtube.com\/embed\/f2mfIdb5m_s?feature=oembed\" frameborder=\"0\" allow=\"accelerometer; autoplay; clipboard-write; encrypted-media; gyroscope; picture-in-picture; web-share\" allowfullscreen><\/iframe>\n<\/div><\/figure>\n","protected":false},"excerpt":{"rendered":"<p>El pasado 20 de abril de 2023, se celebr\u00f3 en la sede de la Real Academia de Medicina de las Islas Baleares la sesi\u00f3n cient\u00edfica \u201cLa Ciudad romana y tardoantigua [&hellip;]<\/p>\n","protected":false},"author":3,"featured_media":4602,"comment_status":"open","ping_status":"closed","sticky":false,"template":"","format":"standard","meta":{"_monsterinsights_skip_tracking":false,"_monsterinsights_sitenote_active":false,"_monsterinsights_sitenote_note":"","_monsterinsights_sitenote_category":0,"footnotes":""},"categories":[14,24,442,17],"tags":[470,469,467,471,472,466,73,199],"_links":{"self":[{"href":"https:\/\/ramib.org\/oficial\/index.php\/wp-json\/wp\/v2\/posts\/4571"}],"collection":[{"href":"https:\/\/ramib.org\/oficial\/index.php\/wp-json\/wp\/v2\/posts"}],"about":[{"href":"https:\/\/ramib.org\/oficial\/index.php\/wp-json\/wp\/v2\/types\/post"}],"author":[{"embeddable":true,"href":"https:\/\/ramib.org\/oficial\/index.php\/wp-json\/wp\/v2\/users\/3"}],"replies":[{"embeddable":true,"href":"https:\/\/ramib.org\/oficial\/index.php\/wp-json\/wp\/v2\/comments?post=4571"}],"version-history":[{"count":3,"href":"https:\/\/ramib.org\/oficial\/index.php\/wp-json\/wp\/v2\/posts\/4571\/revisions"}],"predecessor-version":[{"id":4704,"href":"https:\/\/ramib.org\/oficial\/index.php\/wp-json\/wp\/v2\/posts\/4571\/revisions\/4704"}],"wp:featuredmedia":[{"embeddable":true,"href":"https:\/\/ramib.org\/oficial\/index.php\/wp-json\/wp\/v2\/media\/4602"}],"wp:attachment":[{"href":"https:\/\/ramib.org\/oficial\/index.php\/wp-json\/wp\/v2\/media?parent=4571"}],"wp:term":[{"taxonomy":"category","embeddable":true,"href":"https:\/\/ramib.org\/oficial\/index.php\/wp-json\/wp\/v2\/categories?post=4571"},{"taxonomy":"post_tag","embeddable":true,"href":"https:\/\/ramib.org\/oficial\/index.php\/wp-json\/wp\/v2\/tags?post=4571"}],"curies":[{"name":"wp","href":"https:\/\/api.w.org\/{rel}","templated":true}]}}