{"id":4425,"date":"2023-02-28T16:05:33","date_gmt":"2023-02-28T16:05:33","guid":{"rendered":"https:\/\/ramib.org\/oficial\/?p=4425"},"modified":"2023-12-02T18:42:38","modified_gmt":"2023-12-02T18:42:38","slug":"4425","status":"publish","type":"post","link":"https:\/\/ramib.org\/oficial\/index.php\/2023\/02\/28\/4425\/","title":{"rendered":"07\/03\/2023: 20 anys de c\u00e0ncer de tiroides a Balears"},"content":{"rendered":"\n<p>El dimarts dia 7 de mar\u00e7 de 2023 va tenir lloc, en la seu de Can Campaner, la sessi\u00f3 cient\u00edfica \u201c20 anys de c\u00e0ncer de tiroides a Balears\u201d.<\/p>\n\n\n\n<p>Va obrir l&#8217;acte el president de la RAMIB, Excm. Sr. Dr. Joan Besalduch Vidal i va presentar al ponent la M. Il\u00b7ltre. Sra. Ant\u00f2nia Barcel\u00f3 Benn\u00e0sar.<\/p>\n\n\n<div class=\"wp-block-image\">\n<figure class=\"aligncenter size-full\"><img loading=\"lazy\" decoding=\"async\" width=\"1024\" height=\"683\" src=\"https:\/\/ramib.org\/oficial\/wp-content\/uploads\/2023\/02\/DRTOFE1.jpg\" alt=\"\" class=\"wp-image-4468\" srcset=\"https:\/\/ramib.org\/oficial\/wp-content\/uploads\/2023\/02\/DRTOFE1.jpg 1024w, https:\/\/ramib.org\/oficial\/wp-content\/uploads\/2023\/02\/DRTOFE1-300x200.jpg 300w, https:\/\/ramib.org\/oficial\/wp-content\/uploads\/2023\/02\/DRTOFE1-768x512.jpg 768w, https:\/\/ramib.org\/oficial\/wp-content\/uploads\/2023\/02\/DRTOFE1-696x464.jpg 696w, https:\/\/ramib.org\/oficial\/wp-content\/uploads\/2023\/02\/DRTOFE1-630x420.jpg 630w\" sizes=\"(max-width: 1024px) 100vw, 1024px\" \/><figcaption class=\"wp-element-caption\">El president de la RAMIB, Excm. Sr. Joan Besalduch Vidal, obrint l&#8217;acte.<\/figcaption><\/figure><\/div>\n\n<div class=\"wp-block-image\">\n<figure class=\"aligncenter size-full\"><img loading=\"lazy\" decoding=\"async\" width=\"1024\" height=\"683\" src=\"https:\/\/ramib.org\/oficial\/wp-content\/uploads\/2023\/02\/DRTOFE3.jpg\" alt=\"\" class=\"wp-image-4472\" srcset=\"https:\/\/ramib.org\/oficial\/wp-content\/uploads\/2023\/02\/DRTOFE3.jpg 1024w, https:\/\/ramib.org\/oficial\/wp-content\/uploads\/2023\/02\/DRTOFE3-300x200.jpg 300w, https:\/\/ramib.org\/oficial\/wp-content\/uploads\/2023\/02\/DRTOFE3-768x512.jpg 768w, https:\/\/ramib.org\/oficial\/wp-content\/uploads\/2023\/02\/DRTOFE3-696x464.jpg 696w, https:\/\/ramib.org\/oficial\/wp-content\/uploads\/2023\/02\/DRTOFE3-630x420.jpg 630w\" sizes=\"(max-width: 1024px) 100vw, 1024px\" \/><figcaption class=\"wp-element-caption\">Moment de presentaci\u00f3 del ponent per part de la M. Il\u00b7ltre Sra. Ant\u00f2nia Barcel\u00f3<\/figcaption><\/figure><\/div>\n\n<div class=\"wp-block-image\">\n<figure class=\"alignleft size-full\"><img loading=\"lazy\" decoding=\"async\" width=\"1024\" height=\"683\" src=\"https:\/\/ramib.org\/oficial\/wp-content\/uploads\/2023\/02\/DRTOFE2.jpg\" alt=\"\" class=\"wp-image-4470\" srcset=\"https:\/\/ramib.org\/oficial\/wp-content\/uploads\/2023\/02\/DRTOFE2.jpg 1024w, https:\/\/ramib.org\/oficial\/wp-content\/uploads\/2023\/02\/DRTOFE2-300x200.jpg 300w, https:\/\/ramib.org\/oficial\/wp-content\/uploads\/2023\/02\/DRTOFE2-768x512.jpg 768w, https:\/\/ramib.org\/oficial\/wp-content\/uploads\/2023\/02\/DRTOFE2-696x464.jpg 696w, https:\/\/ramib.org\/oficial\/wp-content\/uploads\/2023\/02\/DRTOFE2-630x420.jpg 630w\" sizes=\"(max-width: 1024px) 100vw, 1024px\" \/><\/figure><\/div>\n\n\n<p>La pon\u00e8ncia va ser duta a terme pel Dr. Santiago Tof\u00e9 Povedano, especialista en Endocrinologia i Nutrici\u00f3 de l&#8217;Hospital Universitari Son Espases i professor associat de la Facultat de Medicina de la Universitat Illes Balears.<\/p>\n\n\n<div class=\"wp-block-image\">\n<figure class=\"aligncenter size-full\"><img loading=\"lazy\" decoding=\"async\" width=\"1024\" height=\"683\" src=\"https:\/\/ramib.org\/oficial\/wp-content\/uploads\/2023\/02\/DRTOFE4.jpg\" alt=\"\" class=\"wp-image-4474\" srcset=\"https:\/\/ramib.org\/oficial\/wp-content\/uploads\/2023\/02\/DRTOFE4.jpg 1024w, https:\/\/ramib.org\/oficial\/wp-content\/uploads\/2023\/02\/DRTOFE4-300x200.jpg 300w, https:\/\/ramib.org\/oficial\/wp-content\/uploads\/2023\/02\/DRTOFE4-768x512.jpg 768w, https:\/\/ramib.org\/oficial\/wp-content\/uploads\/2023\/02\/DRTOFE4-696x464.jpg 696w, https:\/\/ramib.org\/oficial\/wp-content\/uploads\/2023\/02\/DRTOFE4-630x420.jpg 630w\" sizes=\"(max-width: 1024px) 100vw, 1024px\" \/><\/figure><\/div>\n\n\n<p>El Dr. Tof\u00e9 va presentar un estudi en el qual han participat molts metges, tant en la recollida de dades com en el tractament. S&#8217;ha vist que la incid\u00e8ncia en Balears s&#8217;ha anat incrementant; una part important es deu, com en altres pa\u00efsos, a la incorporaci\u00f3 gradual de l&#8217;ecografia cervical en la majoria de consultes m\u00e8diques. Com la patologia nodular \u00e9s prevalent es mira m\u00e9s i hi ha un sobrediagn\u00f3stico, ja que molts tumors s\u00f3n de petita grand\u00e0ria i mai haguessin donat s\u00edmptomes en la vida del pacient. D&#8217;altra banda tamb\u00e9 \u00e9s cert que, en menor mesura, els de major grand\u00e0ria o m\u00e9s agressius tamb\u00e9 han crescut la seva incid\u00e8ncia. Finalment parlarem de la medicina de precisi\u00f3 amb f\u00e0rmacs antitumorals i del mapatge gen\u00e8tic. A m\u00e9s, S\u00f3n Espases t\u00e9 una gran l\u00ednia de recerca en la qual \u00e9s pioner per la qual si el pron\u00f2stic de vida \u00e9s excel\u00b7lent, es fa una vigil\u00e0ncia activa.<\/p>\n\n\n<div class=\"wp-block-image\">\n<figure class=\"aligncenter size-full\"><img loading=\"lazy\" decoding=\"async\" width=\"1024\" height=\"683\" src=\"https:\/\/ramib.org\/oficial\/wp-content\/uploads\/2023\/02\/DRTOFE5.jpg\" alt=\"\" class=\"wp-image-4476\" srcset=\"https:\/\/ramib.org\/oficial\/wp-content\/uploads\/2023\/02\/DRTOFE5.jpg 1024w, https:\/\/ramib.org\/oficial\/wp-content\/uploads\/2023\/02\/DRTOFE5-300x200.jpg 300w, https:\/\/ramib.org\/oficial\/wp-content\/uploads\/2023\/02\/DRTOFE5-768x512.jpg 768w, https:\/\/ramib.org\/oficial\/wp-content\/uploads\/2023\/02\/DRTOFE5-696x464.jpg 696w, https:\/\/ramib.org\/oficial\/wp-content\/uploads\/2023\/02\/DRTOFE5-630x420.jpg 630w\" sizes=\"(max-width: 1024px) 100vw, 1024px\" \/><\/figure><\/div>\n\n\n<p>&#8211; Hi ha tres grans l\u00ednies recerca: la de factors potencialment associats a la incid\u00e8ncia com \u00e9s l&#8217;epid\u00e8mia d&#8217;obesitat; exposici\u00f3 a estr\u00f2gens i agents mediambientals potencialment t\u00f2xics; el desenvolupament de t\u00e8cniques m\u00ednimament invasives amb menys risc que la cirurgia de rescat o inicial i fer el diagn\u00f2stic amb mapatge gen\u00e8tic per a identificar el gen i tenir f\u00e0rmacs espec\u00edfics ja aprovats.<\/p>\n\n\n<div class=\"wp-block-image\">\n<figure class=\"aligncenter size-full\"><img loading=\"lazy\" decoding=\"async\" width=\"1024\" height=\"683\" src=\"https:\/\/ramib.org\/oficial\/wp-content\/uploads\/2023\/02\/DRTOFE6.jpg\" alt=\"\" class=\"wp-image-4478\" srcset=\"https:\/\/ramib.org\/oficial\/wp-content\/uploads\/2023\/02\/DRTOFE6.jpg 1024w, https:\/\/ramib.org\/oficial\/wp-content\/uploads\/2023\/02\/DRTOFE6-300x200.jpg 300w, https:\/\/ramib.org\/oficial\/wp-content\/uploads\/2023\/02\/DRTOFE6-768x512.jpg 768w, https:\/\/ramib.org\/oficial\/wp-content\/uploads\/2023\/02\/DRTOFE6-696x464.jpg 696w, https:\/\/ramib.org\/oficial\/wp-content\/uploads\/2023\/02\/DRTOFE6-630x420.jpg 630w\" sizes=\"(max-width: 1024px) 100vw, 1024px\" \/><\/figure><\/div>\n\n\n<p>&#8211; Es tracta de no ser massa agressius si sabem que el comportament \u00e9s bo. La cirurgia de coll ho \u00e9s i deixa marcat al pacient que no t\u00e9 per qu\u00e8 sotmetre&#8217;s a cirurgies de rescat quir\u00fargic si hi ha tractaments menys agressius i igual d&#8217;efica\u00e7os. Per aqu\u00ed va la medicina ara.<\/p>\n\n\n<div class=\"wp-block-image\">\n<figure class=\"aligncenter size-full\"><img loading=\"lazy\" decoding=\"async\" width=\"1024\" height=\"683\" src=\"https:\/\/ramib.org\/oficial\/wp-content\/uploads\/2023\/02\/DRTOFE8.jpg\" alt=\"\" class=\"wp-image-4482\" srcset=\"https:\/\/ramib.org\/oficial\/wp-content\/uploads\/2023\/02\/DRTOFE8.jpg 1024w, https:\/\/ramib.org\/oficial\/wp-content\/uploads\/2023\/02\/DRTOFE8-300x200.jpg 300w, https:\/\/ramib.org\/oficial\/wp-content\/uploads\/2023\/02\/DRTOFE8-768x512.jpg 768w, https:\/\/ramib.org\/oficial\/wp-content\/uploads\/2023\/02\/DRTOFE8-696x464.jpg 696w, https:\/\/ramib.org\/oficial\/wp-content\/uploads\/2023\/02\/DRTOFE8-630x420.jpg 630w\" sizes=\"(max-width: 1024px) 100vw, 1024px\" \/><figcaption class=\"wp-element-caption\">Imatges del debat habitual  posterior a les pon\u00e8ncies<\/figcaption><\/figure><\/div>\n\n<div class=\"wp-block-image\">\n<figure class=\"aligncenter size-full\"><img loading=\"lazy\" decoding=\"async\" width=\"1024\" height=\"683\" src=\"https:\/\/ramib.org\/oficial\/wp-content\/uploads\/2023\/02\/DRTOFE7.jpg\" alt=\"\" class=\"wp-image-4480\" srcset=\"https:\/\/ramib.org\/oficial\/wp-content\/uploads\/2023\/02\/DRTOFE7.jpg 1024w, https:\/\/ramib.org\/oficial\/wp-content\/uploads\/2023\/02\/DRTOFE7-300x200.jpg 300w, https:\/\/ramib.org\/oficial\/wp-content\/uploads\/2023\/02\/DRTOFE7-768x512.jpg 768w, https:\/\/ramib.org\/oficial\/wp-content\/uploads\/2023\/02\/DRTOFE7-696x464.jpg 696w, https:\/\/ramib.org\/oficial\/wp-content\/uploads\/2023\/02\/DRTOFE7-630x420.jpg 630w\" sizes=\"(max-width: 1024px) 100vw, 1024px\" \/><\/figure><\/div>\n\n\n<p>La pon\u00e8ncia va ser seguides amb gran inter\u00e8s pel p\u00fablic assistent finalitzant amb l&#8217;habitual col\u00b7loqui entre el p\u00fablic assistent i els intervinents.<\/p>\n\n\n<div class=\"wp-block-image\">\n<figure class=\"aligncenter size-full\"><img loading=\"lazy\" decoding=\"async\" width=\"1024\" height=\"683\" src=\"https:\/\/ramib.org\/oficial\/wp-content\/uploads\/2023\/02\/DRTOFE9.jpg\" alt=\"\" class=\"wp-image-4484\" srcset=\"https:\/\/ramib.org\/oficial\/wp-content\/uploads\/2023\/02\/DRTOFE9.jpg 1024w, https:\/\/ramib.org\/oficial\/wp-content\/uploads\/2023\/02\/DRTOFE9-300x200.jpg 300w, https:\/\/ramib.org\/oficial\/wp-content\/uploads\/2023\/02\/DRTOFE9-768x512.jpg 768w, https:\/\/ramib.org\/oficial\/wp-content\/uploads\/2023\/02\/DRTOFE9-696x464.jpg 696w, https:\/\/ramib.org\/oficial\/wp-content\/uploads\/2023\/02\/DRTOFE9-630x420.jpg 630w\" sizes=\"(max-width: 1024px) 100vw, 1024px\" \/><\/figure><\/div>\n\n\n<p>Pot visualitzar la pon\u00e8ncia en el canal de youtube de la corporaci\u00f3 clicant en el seg\u00fcent enlla\u00e7:<\/p>\n\n\n\n<figure class=\"wp-block-embed aligncenter is-type-video is-provider-youtube wp-block-embed-youtube wp-embed-aspect-16-9 wp-has-aspect-ratio\"><div class=\"wp-block-embed__wrapper\">\n<iframe loading=\"lazy\" title=\"07\/03\/2023: 20 a\u00f1os de c\u00e1ncer de tiroides en Baleares\" width=\"696\" height=\"392\" src=\"https:\/\/www.youtube.com\/embed\/FnB3CYYAw1g?start=192&#038;feature=oembed\" frameborder=\"0\" allow=\"accelerometer; autoplay; clipboard-write; encrypted-media; gyroscope; picture-in-picture; web-share\" allowfullscreen><\/iframe>\n<\/div><\/figure>\n","protected":false},"excerpt":{"rendered":"<p>El dimarts dia 7 de mar\u00e7 de 2023 va tenir lloc, en la seu de Can Campaner, la sessi\u00f3 cient\u00edfica \u201c20 anys de c\u00e0ncer de tiroides a Balears\u201d. Va obrir [&hellip;]<\/p>\n","protected":false},"author":3,"featured_media":4486,"comment_status":"open","ping_status":"closed","sticky":false,"template":"","format":"standard","meta":{"_monsterinsights_skip_tracking":false,"_monsterinsights_sitenote_active":false,"_monsterinsights_sitenote_note":"","_monsterinsights_sitenote_category":0,"footnotes":""},"categories":[14,24,442,17],"tags":[450,266,309,451],"_links":{"self":[{"href":"https:\/\/ramib.org\/oficial\/index.php\/wp-json\/wp\/v2\/posts\/4425"}],"collection":[{"href":"https:\/\/ramib.org\/oficial\/index.php\/wp-json\/wp\/v2\/posts"}],"about":[{"href":"https:\/\/ramib.org\/oficial\/index.php\/wp-json\/wp\/v2\/types\/post"}],"author":[{"embeddable":true,"href":"https:\/\/ramib.org\/oficial\/index.php\/wp-json\/wp\/v2\/users\/3"}],"replies":[{"embeddable":true,"href":"https:\/\/ramib.org\/oficial\/index.php\/wp-json\/wp\/v2\/comments?post=4425"}],"version-history":[{"count":6,"href":"https:\/\/ramib.org\/oficial\/index.php\/wp-json\/wp\/v2\/posts\/4425\/revisions"}],"predecessor-version":[{"id":5119,"href":"https:\/\/ramib.org\/oficial\/index.php\/wp-json\/wp\/v2\/posts\/4425\/revisions\/5119"}],"wp:featuredmedia":[{"embeddable":true,"href":"https:\/\/ramib.org\/oficial\/index.php\/wp-json\/wp\/v2\/media\/4486"}],"wp:attachment":[{"href":"https:\/\/ramib.org\/oficial\/index.php\/wp-json\/wp\/v2\/media?parent=4425"}],"wp:term":[{"taxonomy":"category","embeddable":true,"href":"https:\/\/ramib.org\/oficial\/index.php\/wp-json\/wp\/v2\/categories?post=4425"},{"taxonomy":"post_tag","embeddable":true,"href":"https:\/\/ramib.org\/oficial\/index.php\/wp-json\/wp\/v2\/tags?post=4425"}],"curies":[{"name":"wp","href":"https:\/\/api.w.org\/{rel}","templated":true}]}}