{"id":4261,"date":"2023-01-26T21:40:20","date_gmt":"2023-01-26T21:40:20","guid":{"rendered":"https:\/\/ramib.org\/oficial\/?p=4261"},"modified":"2023-06-14T19:32:11","modified_gmt":"2023-06-14T19:32:11","slug":"24-01-2023-sessio-inaugural-del-curs-academic-2023","status":"publish","type":"post","link":"https:\/\/ramib.org\/oficial\/index.php\/2023\/01\/26\/24-01-2023-sessio-inaugural-del-curs-academic-2023\/","title":{"rendered":"24\/01\/2023: Sessi\u00f3 inaugural del curs acad\u00e8mic 2023"},"content":{"rendered":"\n<p>Dimarts passat, 24 de gener, va tenir lloc en la seu de la Reial Acad\u00e8mia de Medicina dels Illes Balears la sessi\u00f3 inaugural del curs acad\u00e8mic 2023.<\/p>\n\n\n<div class=\"wp-block-image\">\n<figure class=\"aligncenter size-large\"><img loading=\"lazy\" decoding=\"async\" width=\"1024\" height=\"683\" src=\"https:\/\/ramib.org\/oficial\/wp-content\/uploads\/2023\/01\/inau20231.jpg\" alt=\"\" class=\"wp-image-4264\" srcset=\"https:\/\/ramib.org\/oficial\/wp-content\/uploads\/2023\/01\/inau20231.jpg 1024w, https:\/\/ramib.org\/oficial\/wp-content\/uploads\/2023\/01\/inau20231-300x200.jpg 300w, https:\/\/ramib.org\/oficial\/wp-content\/uploads\/2023\/01\/inau20231-768x512.jpg 768w, https:\/\/ramib.org\/oficial\/wp-content\/uploads\/2023\/01\/inau20231-696x464.jpg 696w, https:\/\/ramib.org\/oficial\/wp-content\/uploads\/2023\/01\/inau20231-630x420.jpg 630w\" sizes=\"(max-width: 1024px) 100vw, 1024px\" \/><\/figure><\/div>\n\n\n<p>El doctor Joan Besalduch Vidal, president de la Reial Acad\u00e8mia de Medicina de Balears (RAMIB), va recordar en el seu primer discurs inaugural ocupant aquest c\u00e0rrec que la celebraci\u00f3 t\u00e9 ja gaireb\u00e9 200 anys d&#8217;antiguitat perqu\u00e8 es realitza des de 1831. \u00abEn repassar l&#8217;\u00faltim any voldria destacar els convenis subscrits amb la CAEB, el Col\u00b7legi Oficial de Bi\u00f2legs i el Grup Serra, i ressaltar tamb\u00e9 el programa de sessions cient\u00edfiques i p\u00edndoles informatives que acosten els temes sanitaris a la societat\u00bb, va remarcar.<\/p>\n\n\n\n<p>L&#8217;acte va prosseguir amb la lectura de la mem\u00f2ria acad\u00e8mica 2022 a c\u00e0rrec del secretari general M. I. Sr. Javier Cort\u00e9s Bordoy. Aquesta mem\u00f2ria recull, entre altres punts, la renovaci\u00f3 de c\u00e0rrecs en el mes passat febrer, el proc\u00e9s de catalogaci\u00f3 i digitalitzaci\u00f3 de l&#8217;arxiu acad\u00e8mic que duu a terme l&#8217;investigador Miquel Amengual, del servei de Biblioteca i Documentaci\u00f3 de la UIB i la celebraci\u00f3 de nou sessions de govern ordin\u00e0ries i tres extraordin\u00e0ries, l&#8217;ingr\u00e9s de l&#8217;acad\u00e8mic numerari M. Il\u00b7ltre. Sr. Rafael Morales Soriano.<\/p>\n\n\n<div class=\"wp-block-image\">\n<figure class=\"aligncenter size-large\"><img loading=\"lazy\" decoding=\"async\" width=\"1024\" height=\"683\" src=\"https:\/\/ramib.org\/oficial\/wp-content\/uploads\/2023\/01\/inau20232.jpg\" alt=\"\" class=\"wp-image-4266\" srcset=\"https:\/\/ramib.org\/oficial\/wp-content\/uploads\/2023\/01\/inau20232.jpg 1024w, https:\/\/ramib.org\/oficial\/wp-content\/uploads\/2023\/01\/inau20232-300x200.jpg 300w, https:\/\/ramib.org\/oficial\/wp-content\/uploads\/2023\/01\/inau20232-768x512.jpg 768w, https:\/\/ramib.org\/oficial\/wp-content\/uploads\/2023\/01\/inau20232-696x464.jpg 696w, https:\/\/ramib.org\/oficial\/wp-content\/uploads\/2023\/01\/inau20232-630x420.jpg 630w\" sizes=\"(max-width: 1024px) 100vw, 1024px\" \/><\/figure><\/div>\n\n\n<p>El Dr. Cort\u00e8s va pronunciar unes paraules recordant els decessos de l&#8217;Excm. Sr. Santiago Grisol\u00eda, marqu\u00e8s de Grisol\u00eda, Acad\u00e8mic d&#8217;Honor d&#8217;aquesta Reial Acad\u00e8mia; els Excms. Srs. Gabriel Garcias i Rafael Perera, antics presidents de la Reial Acad\u00e8mia de Jurisprud\u00e8ncia de les Illes Balears i el M. Il\u00b7ltre. Sr. Bartomeu Nadal, Acad\u00e8mic Numerari de la Reial Acad\u00e8mia de Medicina de les Illes Balears, persona molt estimada en aquesta casa.<\/p>\n\n\n<div class=\"wp-block-image\">\n<figure class=\"aligncenter size-large\"><img loading=\"lazy\" decoding=\"async\" width=\"1024\" height=\"683\" src=\"https:\/\/ramib.org\/oficial\/wp-content\/uploads\/2023\/01\/inau20233.jpg\" alt=\"\" class=\"wp-image-4268\" srcset=\"https:\/\/ramib.org\/oficial\/wp-content\/uploads\/2023\/01\/inau20233.jpg 1024w, https:\/\/ramib.org\/oficial\/wp-content\/uploads\/2023\/01\/inau20233-300x200.jpg 300w, https:\/\/ramib.org\/oficial\/wp-content\/uploads\/2023\/01\/inau20233-768x512.jpg 768w, https:\/\/ramib.org\/oficial\/wp-content\/uploads\/2023\/01\/inau20233-696x464.jpg 696w, https:\/\/ramib.org\/oficial\/wp-content\/uploads\/2023\/01\/inau20233-630x420.jpg 630w\" sizes=\"(max-width: 1024px) 100vw, 1024px\" \/><\/figure><\/div>\n\n\n<p>Aix\u00ed mateix va exposar els n\u00fameros de la revista de la Reial Acad\u00e8mia, Academic Journal of Health Sciences, la qual ha continuat creixent tant en difusi\u00f3 com en qualitat de la m\u00e0 del seu director M. I. Sr. Angel Arturo L\u00f3pez. La revista ocupa el primer lloc en el r\u00e0nquing de publicacions de car\u00e0cter cient\u00edfic i sanitari de la plataforma universit\u00e0ria balear. El nombre total de desc\u00e0rregues d&#8217;exemplars i articles de la revista sumen 830.348 al llarg de 2022. Tamb\u00e9 va destacar els n\u00fameros de les visualitzacions de l&#8217;activitat acad\u00e8mica en el canal propi de youtube les quals ascendeixen a 36.390 en finalitzar l&#8217;any 2022.<\/p>\n\n\n<div class=\"wp-block-image\">\n<figure class=\"aligncenter size-large\"><img loading=\"lazy\" decoding=\"async\" width=\"1024\" height=\"683\" src=\"https:\/\/ramib.org\/oficial\/wp-content\/uploads\/2023\/01\/inau202324.jpg\" alt=\"\" class=\"wp-image-4306\" srcset=\"https:\/\/ramib.org\/oficial\/wp-content\/uploads\/2023\/01\/inau202324.jpg 1024w, https:\/\/ramib.org\/oficial\/wp-content\/uploads\/2023\/01\/inau202324-300x200.jpg 300w, https:\/\/ramib.org\/oficial\/wp-content\/uploads\/2023\/01\/inau202324-768x512.jpg 768w, https:\/\/ramib.org\/oficial\/wp-content\/uploads\/2023\/01\/inau202324-696x464.jpg 696w, https:\/\/ramib.org\/oficial\/wp-content\/uploads\/2023\/01\/inau202324-630x420.jpg 630w\" sizes=\"(max-width: 1024px) 100vw, 1024px\" \/><\/figure><\/div>\n\n<div class=\"wp-block-image\">\n<figure class=\"aligncenter size-large\"><img loading=\"lazy\" decoding=\"async\" width=\"1024\" height=\"683\" src=\"https:\/\/ramib.org\/oficial\/wp-content\/uploads\/2023\/01\/inau202323.jpg\" alt=\"\" class=\"wp-image-4304\" srcset=\"https:\/\/ramib.org\/oficial\/wp-content\/uploads\/2023\/01\/inau202323.jpg 1024w, https:\/\/ramib.org\/oficial\/wp-content\/uploads\/2023\/01\/inau202323-300x200.jpg 300w, https:\/\/ramib.org\/oficial\/wp-content\/uploads\/2023\/01\/inau202323-768x512.jpg 768w, https:\/\/ramib.org\/oficial\/wp-content\/uploads\/2023\/01\/inau202323-696x464.jpg 696w, https:\/\/ramib.org\/oficial\/wp-content\/uploads\/2023\/01\/inau202323-630x420.jpg 630w\" sizes=\"(max-width: 1024px) 100vw, 1024px\" \/><\/figure><\/div>\n\n\n<p>Una vegada finalitzada la lectura de la mem\u00f2ria acad\u00e8mica la M. Il\u00b7ltre. Sra. Antonia Barcel\u00f3 Benn\u00e1sar va ser l&#8217;encarregada de pronunciar el discurs inaugural que va tenir per t\u00edtol Disrupci\u00f3 endocrina, la pertorbaci\u00f3 silenciosa de la nostra salut.<\/p>\n\n\n<div class=\"wp-block-image\">\n<figure class=\"aligncenter size-large\"><img loading=\"lazy\" decoding=\"async\" width=\"1024\" height=\"683\" src=\"https:\/\/ramib.org\/oficial\/wp-content\/uploads\/2023\/01\/inau20234.jpg\" alt=\"\" class=\"wp-image-4270\" srcset=\"https:\/\/ramib.org\/oficial\/wp-content\/uploads\/2023\/01\/inau20234.jpg 1024w, https:\/\/ramib.org\/oficial\/wp-content\/uploads\/2023\/01\/inau20234-300x200.jpg 300w, https:\/\/ramib.org\/oficial\/wp-content\/uploads\/2023\/01\/inau20234-768x512.jpg 768w, https:\/\/ramib.org\/oficial\/wp-content\/uploads\/2023\/01\/inau20234-696x464.jpg 696w, https:\/\/ramib.org\/oficial\/wp-content\/uploads\/2023\/01\/inau20234-630x420.jpg 630w\" sizes=\"(max-width: 1024px) 100vw, 1024px\" \/><\/figure><\/div>\n\n\n<p>\u00abTant el nostre entorn com la salut i la superviv\u00e8ncia humana estan m\u00e9s amena\u00e7ades que mai\u00bb, va comen\u00e7ar la seva intervenci\u00f3 la doctora Barcel\u00f3. \u00abA trav\u00e9s de l&#8217;aire que respirem, l&#8217;aigua que bevem i la terra en qu\u00e8 conreem els nostres aliments, cada dia, milers de subst\u00e0ncies qu\u00edmiques afecten de manera negativa al nostre cos i al medi ambient\u00bb.<\/p>\n\n\n<div class=\"wp-block-image\">\n<figure class=\"aligncenter size-large\"><img loading=\"lazy\" decoding=\"async\" width=\"1024\" height=\"683\" src=\"https:\/\/ramib.org\/oficial\/wp-content\/uploads\/2023\/01\/inau20236.jpg\" alt=\"\" class=\"wp-image-4274\" srcset=\"https:\/\/ramib.org\/oficial\/wp-content\/uploads\/2023\/01\/inau20236.jpg 1024w, https:\/\/ramib.org\/oficial\/wp-content\/uploads\/2023\/01\/inau20236-300x200.jpg 300w, https:\/\/ramib.org\/oficial\/wp-content\/uploads\/2023\/01\/inau20236-768x512.jpg 768w, https:\/\/ramib.org\/oficial\/wp-content\/uploads\/2023\/01\/inau20236-696x464.jpg 696w, https:\/\/ramib.org\/oficial\/wp-content\/uploads\/2023\/01\/inau20236-630x420.jpg 630w\" sizes=\"(max-width: 1024px) 100vw, 1024px\" \/><\/figure><\/div>\n\n\n<p>L&#8217;Organitzaci\u00f3 Mundial de la Salut (OMS) defineix els disruptors endocrins com una subst\u00e0ncia ex\u00f2gena que altera les funcions del sistema endocr\u00ed amb efectes nocius que constitueixen un problema de salut p\u00fablica. Segons la ponent, \u00abgaireb\u00e9 el 100% dels \u00e9ssers humans presenten un n\u00famero elevat d&#8217;aquests disruptors en el seu cos\u00bb, ja que \u00abgran part dels productes que s&#8217;usen di\u00e0riament els contenen\u00bb. Els seus efectes, va explicar, poden tenir conseq\u00fc\u00e8ncies en el sistema reproductor, les taxes de fecunditat, la salut tiroidal, el neurodesenvolupament, els trastorns de metabolisme o els tumors relacionats amb les hormones, encara que \u00abcon\u00e8ixer-los amb absoluta fiabilitat \u00e9s pr\u00e0cticament impossible\u00bb, va assenyalar l&#8217;especialista. Ser conscients que existeix aquest problema, vigilar-lo i prevenir-lo s\u00f3n claus \u00abper a controlar aquesta epid\u00e8mia\u00bb, va citar l&#8217;aplaudida conferenciant.<\/p>\n\n\n<div class=\"wp-block-image\">\n<figure class=\"aligncenter size-large\"><img loading=\"lazy\" decoding=\"async\" width=\"683\" height=\"1024\" src=\"https:\/\/ramib.org\/oficial\/wp-content\/uploads\/2023\/01\/inau20235.jpg\" alt=\"\" class=\"wp-image-4272\" srcset=\"https:\/\/ramib.org\/oficial\/wp-content\/uploads\/2023\/01\/inau20235.jpg 683w, https:\/\/ramib.org\/oficial\/wp-content\/uploads\/2023\/01\/inau20235-200x300.jpg 200w, https:\/\/ramib.org\/oficial\/wp-content\/uploads\/2023\/01\/inau20235-280x420.jpg 280w\" sizes=\"(max-width: 683px) 100vw, 683px\" \/><\/figure><\/div>\n\n\n<p>Posteriorment es van lliurar els premis i distincions corresponents al curs acad\u00e8mic 2022.<\/p>\n\n\n\n<p><strong>DISTINCIONS CURS ACAD\u00c8MIC 2022<\/strong><\/p>\n\n\n\n<p><strong>Acad\u00e8mics corresponents electes<\/strong><\/p>\n\n\n\n<p>D. Lloren\u00e7 Sastre Moragues<\/p>\n\n\n<div class=\"wp-block-image\">\n<figure class=\"aligncenter size-large\"><img loading=\"lazy\" decoding=\"async\" width=\"1024\" height=\"683\" src=\"https:\/\/ramib.org\/oficial\/wp-content\/uploads\/2023\/01\/inau202311.jpg\" alt=\"\" class=\"wp-image-4284\" srcset=\"https:\/\/ramib.org\/oficial\/wp-content\/uploads\/2023\/01\/inau202311.jpg 1024w, https:\/\/ramib.org\/oficial\/wp-content\/uploads\/2023\/01\/inau202311-300x200.jpg 300w, https:\/\/ramib.org\/oficial\/wp-content\/uploads\/2023\/01\/inau202311-768x512.jpg 768w, https:\/\/ramib.org\/oficial\/wp-content\/uploads\/2023\/01\/inau202311-696x464.jpg 696w, https:\/\/ramib.org\/oficial\/wp-content\/uploads\/2023\/01\/inau202311-630x420.jpg 630w\" sizes=\"(max-width: 1024px) 100vw, 1024px\" \/><\/figure><\/div>\n\n\n<p>D. Miquel Pastor Tous<\/p>\n\n\n<div class=\"wp-block-image\">\n<figure class=\"aligncenter size-large\"><img loading=\"lazy\" decoding=\"async\" width=\"1024\" height=\"683\" src=\"https:\/\/ramib.org\/oficial\/wp-content\/uploads\/2023\/01\/inau20238.jpg\" alt=\"\" class=\"wp-image-4278\" srcset=\"https:\/\/ramib.org\/oficial\/wp-content\/uploads\/2023\/01\/inau20238.jpg 1024w, https:\/\/ramib.org\/oficial\/wp-content\/uploads\/2023\/01\/inau20238-300x200.jpg 300w, https:\/\/ramib.org\/oficial\/wp-content\/uploads\/2023\/01\/inau20238-768x512.jpg 768w, https:\/\/ramib.org\/oficial\/wp-content\/uploads\/2023\/01\/inau20238-696x464.jpg 696w, https:\/\/ramib.org\/oficial\/wp-content\/uploads\/2023\/01\/inau20238-630x420.jpg 630w\" sizes=\"(max-width: 1024px) 100vw, 1024px\" \/><\/figure><\/div>\n\n\n<p><strong>PREMI DE LA REIAL ACAD\u00c8MIA DE MEDICINA DE LES ILLES BALEARS<\/strong><\/p>\n\n\n\n<p>T\u00edtol: \u201cUse of single-photon emission computed tomography\/computed tomography (SPECT\/CT) in lymphatic mapping of patients with head and neck melanoma undergoing sentinel lymph node biopsy.\u201d.<\/p>\n\n\n\n<p><strong>Antoni Benn\u00e0sar<\/strong>, Mauricio Orozco, Antoni Vilalta, Susana Puig, Josep Malvehy, Marta Valero i Sergi Vidal-Sicart. Cl\u00ednica Rotger i Hospital Cl\u00ednic de Barcelona.<\/p>\n\n\n<div class=\"wp-block-image\">\n<figure class=\"aligncenter size-large\"><img loading=\"lazy\" decoding=\"async\" width=\"1024\" height=\"683\" src=\"https:\/\/ramib.org\/oficial\/wp-content\/uploads\/2023\/01\/inau20239.jpg\" alt=\"\" class=\"wp-image-4280\" srcset=\"https:\/\/ramib.org\/oficial\/wp-content\/uploads\/2023\/01\/inau20239.jpg 1024w, https:\/\/ramib.org\/oficial\/wp-content\/uploads\/2023\/01\/inau20239-300x200.jpg 300w, https:\/\/ramib.org\/oficial\/wp-content\/uploads\/2023\/01\/inau20239-768x512.jpg 768w, https:\/\/ramib.org\/oficial\/wp-content\/uploads\/2023\/01\/inau20239-696x464.jpg 696w, https:\/\/ramib.org\/oficial\/wp-content\/uploads\/2023\/01\/inau20239-630x420.jpg 630w\" sizes=\"(max-width: 1024px) 100vw, 1024px\" \/><\/figure><\/div>\n\n\n<p><strong>PREMI MATEU ORFILA, a la traject\u00f2ria de un professional de la salut<\/strong><\/p>\n\n\n\n<p>Dr. Miquel Fiol Sala, a proposta de l\u2019Institut d\u2019Investigaci\u00f3 Sanitaria Illes Balears (IdISBa).<\/p>\n\n\n<div class=\"wp-block-image\">\n<figure class=\"aligncenter size-large\"><img loading=\"lazy\" decoding=\"async\" width=\"1024\" height=\"683\" src=\"https:\/\/ramib.org\/oficial\/wp-content\/uploads\/2023\/01\/inau202310.jpg\" alt=\"\" class=\"wp-image-4282\" srcset=\"https:\/\/ramib.org\/oficial\/wp-content\/uploads\/2023\/01\/inau202310.jpg 1024w, https:\/\/ramib.org\/oficial\/wp-content\/uploads\/2023\/01\/inau202310-300x200.jpg 300w, https:\/\/ramib.org\/oficial\/wp-content\/uploads\/2023\/01\/inau202310-768x512.jpg 768w, https:\/\/ramib.org\/oficial\/wp-content\/uploads\/2023\/01\/inau202310-696x464.jpg 696w, https:\/\/ramib.org\/oficial\/wp-content\/uploads\/2023\/01\/inau202310-630x420.jpg 630w\" sizes=\"(max-width: 1024px) 100vw, 1024px\" \/><\/figure><\/div>\n\n\n<p><strong>C\u00c9DULA FUNDACIONAL 1788<\/strong><\/p>\n\n\n\n<p>Grup Serra, en agra\u00efment al Grup Serra per la seva labor de difusi\u00f3 i promoci\u00f3 de las activitats de la RAMIB.<strong><\/strong><\/p>\n\n\n<div class=\"wp-block-image\">\n<figure class=\"aligncenter size-large\"><img loading=\"lazy\" decoding=\"async\" width=\"370\" height=\"475\" src=\"https:\/\/ramib.org\/oficial\/wp-content\/uploads\/2023\/01\/Nueva-imagen.png\" alt=\"\" class=\"wp-image-4310\" srcset=\"https:\/\/ramib.org\/oficial\/wp-content\/uploads\/2023\/01\/Nueva-imagen.png 370w, https:\/\/ramib.org\/oficial\/wp-content\/uploads\/2023\/01\/Nueva-imagen-234x300.png 234w, https:\/\/ramib.org\/oficial\/wp-content\/uploads\/2023\/01\/Nueva-imagen-327x420.png 327w\" sizes=\"(max-width: 370px) 100vw, 370px\" \/><\/figure><\/div>\n\n\n<p><strong>PREMIS PATROCINATS<\/strong><\/p>\n\n\n\n<p><strong>Premi Prof. Jean Dausset&nbsp;<\/strong>a la millor tesi de Medicina i Ci\u00e8ncies Afins, elaborada a les Illes Balears dins el curs acad\u00e8mic 2021.<\/p>\n\n\n\n<p>T\u00edtol: \u201cRenal health in patients with non-alcoholic fatty liver disease and metabolic syndrome\u201d.<\/p>\n\n\n\n<p><strong>Dra. Manuela Abbate<\/strong>. Universitat de les Illes Balears.<\/p>\n\n\n<div class=\"wp-block-image\">\n<figure class=\"aligncenter size-large\"><img loading=\"lazy\" decoding=\"async\" width=\"1024\" height=\"683\" src=\"https:\/\/ramib.org\/oficial\/wp-content\/uploads\/2023\/01\/inau202314.jpg\" alt=\"\" class=\"wp-image-4290\" srcset=\"https:\/\/ramib.org\/oficial\/wp-content\/uploads\/2023\/01\/inau202314.jpg 1024w, https:\/\/ramib.org\/oficial\/wp-content\/uploads\/2023\/01\/inau202314-300x200.jpg 300w, https:\/\/ramib.org\/oficial\/wp-content\/uploads\/2023\/01\/inau202314-768x512.jpg 768w, https:\/\/ramib.org\/oficial\/wp-content\/uploads\/2023\/01\/inau202314-696x464.jpg 696w, https:\/\/ramib.org\/oficial\/wp-content\/uploads\/2023\/01\/inau202314-630x420.jpg 630w\" sizes=\"(max-width: 1024px) 100vw, 1024px\" \/><\/figure><\/div>\n\n\n<p><strong>Premi Doctor Ram\u00f3n Rotger Moner,&nbsp;<\/strong>per al millor estudi sobre cirurgia i especialitats quir\u00fargiques.<\/p>\n\n\n\n<p>T\u00edtol: \u201cUncoforaminotom\u00eda antero-lateral cervical en el tratamiento de la radiculopat\u00eda cervical. T\u00e9cnica de Jho con peque\u00f1a modificaci\u00f3n. Estudio retrospectivo de los primeros 146 casos\u201d.<\/p>\n\n\n\n<p><strong>Jon Olabe<\/strong> i Javier Olabe. Olabeneurocirujanos SLP.<\/p>\n\n\n<div class=\"wp-block-image\">\n<figure class=\"aligncenter size-large\"><img loading=\"lazy\" decoding=\"async\" width=\"1024\" height=\"683\" src=\"https:\/\/ramib.org\/oficial\/wp-content\/uploads\/2023\/01\/inau202315.jpg\" alt=\"\" class=\"wp-image-4292\" srcset=\"https:\/\/ramib.org\/oficial\/wp-content\/uploads\/2023\/01\/inau202315.jpg 1024w, https:\/\/ramib.org\/oficial\/wp-content\/uploads\/2023\/01\/inau202315-300x200.jpg 300w, https:\/\/ramib.org\/oficial\/wp-content\/uploads\/2023\/01\/inau202315-768x512.jpg 768w, https:\/\/ramib.org\/oficial\/wp-content\/uploads\/2023\/01\/inau202315-696x464.jpg 696w, https:\/\/ramib.org\/oficial\/wp-content\/uploads\/2023\/01\/inau202315-630x420.jpg 630w\" sizes=\"(max-width: 1024px) 100vw, 1024px\" \/><\/figure><\/div>\n\n\n<p><strong>Premi del Col\u00b7legi Oficial d\u2019Infermeria de les Illes Balears, <\/strong><strong>per al millor estudi d\u2019investigaci\u00f3 en infermeria en qualsevol dels seus \u00e0mbits.<\/strong><strong><\/strong><\/p>\n\n\n\n<p>T\u00edtol: \u201cEstudio de casos y controles para evaluar el efecto del \u00e1mbito de exposici\u00f3n y las medidas de protecci\u00f3n individual en el riesgo de transmisi\u00f3n del SARS-CoV-2\u201d.<\/p>\n\n\n\n<p><strong>Aina Huguet<\/strong>, Laura Capit\u00e1n y Aina Mar\u00eda Y\u00e1\u00f1ez<\/p>\n\n\n\n<figure class=\"wp-block-image size-large\"><img loading=\"lazy\" decoding=\"async\" width=\"1024\" height=\"683\" src=\"https:\/\/ramib.org\/oficial\/wp-content\/uploads\/2023\/01\/MG_0045.jpg\" alt=\"\" class=\"wp-image-4312\" srcset=\"https:\/\/ramib.org\/oficial\/wp-content\/uploads\/2023\/01\/MG_0045.jpg 1024w, https:\/\/ramib.org\/oficial\/wp-content\/uploads\/2023\/01\/MG_0045-300x200.jpg 300w, https:\/\/ramib.org\/oficial\/wp-content\/uploads\/2023\/01\/MG_0045-768x512.jpg 768w, https:\/\/ramib.org\/oficial\/wp-content\/uploads\/2023\/01\/MG_0045-696x464.jpg 696w, https:\/\/ramib.org\/oficial\/wp-content\/uploads\/2023\/01\/MG_0045-630x420.jpg 630w\" sizes=\"(max-width: 1024px) 100vw, 1024px\" \/><\/figure>\n\n\n\n<p><strong>Premi Hospital Quir\u00f3nsalud PalmaPlanas, <\/strong><strong>al millor estudi sobre les especialitats m\u00e8diques.<\/strong><strong><\/strong><\/p>\n\n\n\n<p>T\u00edtol: \u201cValor terap\u00e9utico de la introducci\u00f3n de micro RNAs supresores tumorales en c\u00e1ncer de pulm\u00f3n: un modelo precl\u00ednico\u201d.<\/p>\n\n\n\n<p><strong>Pedro P. Medina.<\/strong> Universidad Aut\u00f3noma de Madrid<\/p>\n\n\n<div class=\"wp-block-image\">\n<figure class=\"aligncenter size-large\"><img loading=\"lazy\" decoding=\"async\" width=\"1024\" height=\"683\" src=\"https:\/\/ramib.org\/oficial\/wp-content\/uploads\/2023\/01\/inau202317.jpg\" alt=\"\" class=\"wp-image-4294\" srcset=\"https:\/\/ramib.org\/oficial\/wp-content\/uploads\/2023\/01\/inau202317.jpg 1024w, https:\/\/ramib.org\/oficial\/wp-content\/uploads\/2023\/01\/inau202317-300x200.jpg 300w, https:\/\/ramib.org\/oficial\/wp-content\/uploads\/2023\/01\/inau202317-768x512.jpg 768w, https:\/\/ramib.org\/oficial\/wp-content\/uploads\/2023\/01\/inau202317-696x464.jpg 696w, https:\/\/ramib.org\/oficial\/wp-content\/uploads\/2023\/01\/inau202317-630x420.jpg 630w\" sizes=\"(max-width: 1024px) 100vw, 1024px\" \/><\/figure><\/div>\n\n\n<p><strong>Premi del Col\u00b7legi Oficial de Farmac\u00e8utics de les Illes Balears, <\/strong><strong>per al millor estudi d\u2019investigaci\u00f3 en l\u2019\u00e0mbit de les ci\u00e8ncies farmac\u00e8utiques.<\/strong><\/p>\n\n\n\n<p>T\u00edtol: \u201cAsociaci\u00f3n entre consumo de ansiol\u00edticos y antidepresivos y el nivel de riesgo cardio-metab\u00f3lico en poblaci\u00f3n de Baleares\u201d.<\/p>\n\n\n\n<p><strong>Josep Llu\u00eds Coll,<\/strong> Hilda Mar\u00eda Gonz\u00e1lez, Pilar Tom\u00e1s, Katrina Riera, Maria Gordito y Miguel Carlos Aguil\u00f3. Escola Universit\u00e0ria ADEMA<\/p>\n\n\n<div class=\"wp-block-image\">\n<figure class=\"aligncenter size-large\"><img loading=\"lazy\" decoding=\"async\" width=\"1024\" height=\"683\" src=\"https:\/\/ramib.org\/oficial\/wp-content\/uploads\/2023\/01\/inau202318.jpg\" alt=\"\" class=\"wp-image-4296\" srcset=\"https:\/\/ramib.org\/oficial\/wp-content\/uploads\/2023\/01\/inau202318.jpg 1024w, https:\/\/ramib.org\/oficial\/wp-content\/uploads\/2023\/01\/inau202318-300x200.jpg 300w, https:\/\/ramib.org\/oficial\/wp-content\/uploads\/2023\/01\/inau202318-768x512.jpg 768w, https:\/\/ramib.org\/oficial\/wp-content\/uploads\/2023\/01\/inau202318-696x464.jpg 696w, https:\/\/ramib.org\/oficial\/wp-content\/uploads\/2023\/01\/inau202318-630x420.jpg 630w\" sizes=\"(max-width: 1024px) 100vw, 1024px\" \/><\/figure><\/div>\n\n\n<p><strong>Premi ADEMA, <\/strong><strong>per al millor estudi de recerca en salut bucal i nutrici\u00f3.<\/strong><strong><\/strong><\/p>\n\n\n\n<p>T\u00edtulo: \u201cPerfil cardio-metab\u00f3lico de personas con baja y alta adherencia a la dieta mediterr\u00e1nea\u201d.<\/p>\n\n\n\n<p><strong>Giuseppe Russolillo<\/strong>, Juan Pablo Mart\u00ed, Pilar Tom\u00e1s, Mar\u00eda Gil, Rosa Gonz\u00e1lez y V\u00edctor Manuel Robles. Escola Universit\u00e0ria ADEMA.<\/p>\n\n\n<div class=\"wp-block-image\">\n<figure class=\"aligncenter size-large\"><img loading=\"lazy\" decoding=\"async\" width=\"1024\" height=\"683\" src=\"https:\/\/ramib.org\/oficial\/wp-content\/uploads\/2023\/01\/MG_0052b.jpg\" alt=\"\" class=\"wp-image-4314\" srcset=\"https:\/\/ramib.org\/oficial\/wp-content\/uploads\/2023\/01\/MG_0052b.jpg 1024w, https:\/\/ramib.org\/oficial\/wp-content\/uploads\/2023\/01\/MG_0052b-300x200.jpg 300w, https:\/\/ramib.org\/oficial\/wp-content\/uploads\/2023\/01\/MG_0052b-768x512.jpg 768w, https:\/\/ramib.org\/oficial\/wp-content\/uploads\/2023\/01\/MG_0052b-696x464.jpg 696w, https:\/\/ramib.org\/oficial\/wp-content\/uploads\/2023\/01\/MG_0052b-630x420.jpg 630w\" sizes=\"(max-width: 1024px) 100vw, 1024px\" \/><\/figure><\/div>\n\n\n<p><strong>Premio Laboratorio Dr. Cort\u00e9s, <\/strong><strong>per a la millor publicaci\u00f3 sobre Oncologia Ginecol\u00f2gica realitzada per professionals radicats a les Illes Balears.<\/strong><strong><\/strong><\/p>\n\n\n\n<p>T\u00edtulo: \u201cSentinel lymph node biopsy in endometrial cancer: Dual injection, dual tracer. A multidisciplinary exhaustive approach to nodal staging\u201d.<\/p>\n\n\n\n<p><strong>Anna Torrent,<\/strong> Joana Amengual, Catalina Mar\u00eda Sampol, Mario Ruiz, Jorge Rioja, Gabriel Matheu, Pilar Roca y Octavi C\u00f3rdoba. Hospital Universitari Son Espases.<\/p>\n\n\n<div class=\"wp-block-image\">\n<figure class=\"aligncenter size-large\"><img loading=\"lazy\" decoding=\"async\" width=\"1024\" height=\"683\" src=\"https:\/\/ramib.org\/oficial\/wp-content\/uploads\/2023\/01\/inau202320.jpg\" alt=\"\" class=\"wp-image-4298\" srcset=\"https:\/\/ramib.org\/oficial\/wp-content\/uploads\/2023\/01\/inau202320.jpg 1024w, https:\/\/ramib.org\/oficial\/wp-content\/uploads\/2023\/01\/inau202320-300x200.jpg 300w, https:\/\/ramib.org\/oficial\/wp-content\/uploads\/2023\/01\/inau202320-768x512.jpg 768w, https:\/\/ramib.org\/oficial\/wp-content\/uploads\/2023\/01\/inau202320-696x464.jpg 696w, https:\/\/ramib.org\/oficial\/wp-content\/uploads\/2023\/01\/inau202320-630x420.jpg 630w\" sizes=\"(max-width: 1024px) 100vw, 1024px\" \/><\/figure><\/div>\n\n\n<p>Una vegada finalitzat l\u2019acate d\u2019entrega de premis i distincions es va donar per inaugurat el curs acad\u00e8mic 2023 per part del president de la corporaci\u00f3, finalitzant aix\u00ed l\u2019acte.<\/p>\n\n\n<div class=\"wp-block-image\">\n<figure class=\"aligncenter size-large\"><img loading=\"lazy\" decoding=\"async\" width=\"1024\" height=\"683\" src=\"https:\/\/ramib.org\/oficial\/wp-content\/uploads\/2023\/01\/inau202322.jpg\" alt=\"\" class=\"wp-image-4302\" srcset=\"https:\/\/ramib.org\/oficial\/wp-content\/uploads\/2023\/01\/inau202322.jpg 1024w, https:\/\/ramib.org\/oficial\/wp-content\/uploads\/2023\/01\/inau202322-300x200.jpg 300w, https:\/\/ramib.org\/oficial\/wp-content\/uploads\/2023\/01\/inau202322-768x512.jpg 768w, https:\/\/ramib.org\/oficial\/wp-content\/uploads\/2023\/01\/inau202322-696x464.jpg 696w, https:\/\/ramib.org\/oficial\/wp-content\/uploads\/2023\/01\/inau202322-630x420.jpg 630w\" sizes=\"(max-width: 1024px) 100vw, 1024px\" \/><\/figure><\/div>\n\n<div class=\"wp-block-image\">\n<figure class=\"aligncenter size-large\"><img loading=\"lazy\" decoding=\"async\" width=\"1024\" height=\"683\" src=\"https:\/\/ramib.org\/oficial\/wp-content\/uploads\/2023\/01\/inau202325.jpg\" alt=\"\" class=\"wp-image-4308\" srcset=\"https:\/\/ramib.org\/oficial\/wp-content\/uploads\/2023\/01\/inau202325.jpg 1024w, https:\/\/ramib.org\/oficial\/wp-content\/uploads\/2023\/01\/inau202325-300x200.jpg 300w, https:\/\/ramib.org\/oficial\/wp-content\/uploads\/2023\/01\/inau202325-768x512.jpg 768w, https:\/\/ramib.org\/oficial\/wp-content\/uploads\/2023\/01\/inau202325-696x464.jpg 696w, https:\/\/ramib.org\/oficial\/wp-content\/uploads\/2023\/01\/inau202325-630x420.jpg 630w\" sizes=\"(max-width: 1024px) 100vw, 1024px\" \/><\/figure><\/div>\n\n\n<figure class=\"wp-block-embed is-type-video is-provider-youtube wp-block-embed-youtube wp-embed-aspect-16-9 wp-has-aspect-ratio\"><div class=\"wp-block-embed__wrapper\">\n<iframe loading=\"lazy\" title=\"Disrupci\u00f3 endocrina, la pertorbaci\u00f3 silenciosa de la nostra salut\" width=\"696\" height=\"392\" src=\"https:\/\/www.youtube.com\/embed\/BFxXdVtT_Kg?start=150&#038;feature=oembed\" frameborder=\"0\" allow=\"accelerometer; autoplay; clipboard-write; encrypted-media; gyroscope; picture-in-picture; web-share\" allowfullscreen><\/iframe>\n<\/div><\/figure>\n\n\n\n<figure class=\"wp-block-embed is-type-video is-provider-youtube wp-block-embed-youtube wp-embed-aspect-16-9 wp-has-aspect-ratio\"><div class=\"wp-block-embed__wrapper\">\n<iframe loading=\"lazy\" title=\"Lectura de la mem\u00f2ria acad\u00e8mica curs acad\u00e8mic 2022\" width=\"696\" height=\"392\" src=\"https:\/\/www.youtube.com\/embed\/87VcGBjE7e0?feature=oembed\" frameborder=\"0\" allow=\"accelerometer; autoplay; clipboard-write; encrypted-media; gyroscope; picture-in-picture; web-share\" allowfullscreen><\/iframe>\n<\/div><\/figure>\n\n\n\n<div data-wp-interactive=\"\" class=\"wp-block-file\"><object data-wp-bind--hidden=\"!selectors.core.file.hasPdfPreview\" hidden class=\"wp-block-file__embed\" data=\"https:\/\/ramib.org\/oficial\/wp-content\/uploads\/2023\/06\/Sessio-Inaugural-2023.pdf\" type=\"application\/pdf\" style=\"width:100%;height:600px\" aria-label=\"Incrustaci\u00f3 del fitxer Llibret sessi\u00f3 inaugural any 2023.\"><\/object><a id=\"wp-block-file--media-d9f0d7b5-2a22-4fc6-9174-a93227c62edb\" href=\"https:\/\/ramib.org\/oficial\/wp-content\/uploads\/2023\/06\/Sessio-Inaugural-2023.pdf\">Llibret sessi\u00f3 inaugural any 2023<\/a><a href=\"https:\/\/ramib.org\/oficial\/wp-content\/uploads\/2023\/06\/Sessio-Inaugural-2023.pdf\" class=\"wp-block-file__button wp-element-button\" download aria-describedby=\"wp-block-file--media-d9f0d7b5-2a22-4fc6-9174-a93227c62edb\">Baixa<\/a><\/div>\n","protected":false},"excerpt":{"rendered":"<p>Dimarts passat, 24 de gener, va tenir lloc en la seu de la Reial Acad\u00e8mia de Medicina dels Illes Balears la sessi\u00f3 inaugural del curs acad\u00e8mic 2023. El doctor Joan [&hellip;]<\/p>\n","protected":false},"author":3,"featured_media":4262,"comment_status":"open","ping_status":"closed","sticky":false,"template":"","format":"standard","meta":{"_monsterinsights_skip_tracking":false,"_monsterinsights_sitenote_active":false,"_monsterinsights_sitenote_note":"","_monsterinsights_sitenote_category":0,"footnotes":""},"categories":[166,24,442,18,187],"tags":[431,432,430,429,199,428],"_links":{"self":[{"href":"https:\/\/ramib.org\/oficial\/index.php\/wp-json\/wp\/v2\/posts\/4261"}],"collection":[{"href":"https:\/\/ramib.org\/oficial\/index.php\/wp-json\/wp\/v2\/posts"}],"about":[{"href":"https:\/\/ramib.org\/oficial\/index.php\/wp-json\/wp\/v2\/types\/post"}],"author":[{"embeddable":true,"href":"https:\/\/ramib.org\/oficial\/index.php\/wp-json\/wp\/v2\/users\/3"}],"replies":[{"embeddable":true,"href":"https:\/\/ramib.org\/oficial\/index.php\/wp-json\/wp\/v2\/comments?post=4261"}],"version-history":[{"count":3,"href":"https:\/\/ramib.org\/oficial\/index.php\/wp-json\/wp\/v2\/posts\/4261\/revisions"}],"predecessor-version":[{"id":4699,"href":"https:\/\/ramib.org\/oficial\/index.php\/wp-json\/wp\/v2\/posts\/4261\/revisions\/4699"}],"wp:featuredmedia":[{"embeddable":true,"href":"https:\/\/ramib.org\/oficial\/index.php\/wp-json\/wp\/v2\/media\/4262"}],"wp:attachment":[{"href":"https:\/\/ramib.org\/oficial\/index.php\/wp-json\/wp\/v2\/media?parent=4261"}],"wp:term":[{"taxonomy":"category","embeddable":true,"href":"https:\/\/ramib.org\/oficial\/index.php\/wp-json\/wp\/v2\/categories?post=4261"},{"taxonomy":"post_tag","embeddable":true,"href":"https:\/\/ramib.org\/oficial\/index.php\/wp-json\/wp\/v2\/tags?post=4261"}],"curies":[{"name":"wp","href":"https:\/\/api.w.org\/{rel}","templated":true}]}}