{"id":419,"date":"2017-11-03T10:16:54","date_gmt":"2017-11-03T10:16:54","guid":{"rendered":"https:\/\/ramib.org\/oficial\/index.php\/m-il-sr-ferran-tolosa-cabani\/?lang=es"},"modified":"2020-05-09T11:16:47","modified_gmt":"2020-05-09T11:16:47","slug":"m-il-sr-ferran-tolosa-cabani","status":"publish","type":"post","link":"https:\/\/ramib.org\/oficial\/index.php\/2017\/11\/03\/m-il-sr-ferran-tolosa-cabani\/?lang=es","title":{"rendered":"M. Il. Sr. Ferran Tolosa Caban\u00ed"},"content":{"rendered":"\n<p><strong>Ferran Tolosa Caban\u00ed (Barcelona 1950)<\/strong><\/p>\n\n\n\n<p>Es llicenci\u00e0 (1972) en medicina i es doctor\u00e0 en otorinolaringologia a la universitat de Barcelona, amb la tesi <em>Aspectos anat\u00f3micos de la fase pterigomoscilar. Embriolog\u00eda de los componentes nerviosos de la misma<\/em>, publicada (1979), parcialment, a la <em>Revista Anat\u00f3mica Cl\u00ednica.<\/em> <\/p>\n\n\n\n<p>El 1974, fix\u00e0 la residencia a Mallorca. <\/p>\n\n\n\n<p>Fou (1984-92) cap de servei d\u2019otorinolaringologia de l\u2019Hospital de Son Dureta, de Palma. Ampli\u00e0 els estudis amb estades a hospitals de Suecia, Su\u00efssa i Fran\u00e7a. <\/p>\n\n\n\n<p>El 1986, obtengu\u00e9 el premi de la Societat Catalana d\u2019Otorinolaringologia, amb el treball <em>Otitis externas.<\/em><\/p>\n\n\n\n<p>Es autor <em>d\u2019Aspectos de la problem\u00e1tica del laringectomizado<\/em> (1990), <em>La exploraci\u00f3n b\u00e1sica ORL<\/em> (1991), <em>Mi voz, problemas y cuidados <\/em>(1992), <em>Patolog\u00eda ORL en atenci\u00f3n primaria <\/em>(1992), <em>Protocolos ORL para m\u00e9dicos de cabecera <\/em>(1992) <em>i La laringe. Atlas anat\u00f3mico <\/em>(1995), entre d\u2019altres obres. <\/p>\n\n\n\n<p>Ha publicat articles a nombroses revistes especialitzades. <\/p>\n\n\n\n<p>\u00c9s professor associat de fon\u00e8tica del Departament de Filologia Catalana i Ling\u00fc\u00edstica General de la Universitat de les Illes Balears.<\/p>\n\n\n\n<p>Des de 1996, \u00e9s acad\u00e8mic numerari de la Reial&nbsp; Acad\u00e8mia de Medicina de les Illes Balears. <\/p>\n\n\n\n<p>Ha publicat llibres de topon\u00edmia i excursionisme.<\/p>\n","protected":false},"excerpt":{"rendered":"<p>Ferran Tolosa Caban\u00ed (Barcelona 1950) Es llicenci\u00e0 (1972) en medicina i es doctor\u00e0 en otorinolaringologia a la universitat de Barcelona, amb la tesi Aspectos anat\u00f3micos de la fase pterigomoscilar. Embriolog\u00eda [&hellip;]<\/p>\n","protected":false},"author":3,"featured_media":1666,"comment_status":"closed","ping_status":"closed","sticky":false,"template":"","format":"standard","meta":{"_monsterinsights_skip_tracking":false,"_monsterinsights_sitenote_active":false,"_monsterinsights_sitenote_note":"","_monsterinsights_sitenote_category":0,"footnotes":""},"categories":[],"tags":[],"_links":{"self":[{"href":"https:\/\/ramib.org\/oficial\/index.php\/wp-json\/wp\/v2\/posts\/419"}],"collection":[{"href":"https:\/\/ramib.org\/oficial\/index.php\/wp-json\/wp\/v2\/posts"}],"about":[{"href":"https:\/\/ramib.org\/oficial\/index.php\/wp-json\/wp\/v2\/types\/post"}],"author":[{"embeddable":true,"href":"https:\/\/ramib.org\/oficial\/index.php\/wp-json\/wp\/v2\/users\/3"}],"replies":[{"embeddable":true,"href":"https:\/\/ramib.org\/oficial\/index.php\/wp-json\/wp\/v2\/comments?post=419"}],"version-history":[{"count":3,"href":"https:\/\/ramib.org\/oficial\/index.php\/wp-json\/wp\/v2\/posts\/419\/revisions"}],"predecessor-version":[{"id":2234,"href":"https:\/\/ramib.org\/oficial\/index.php\/wp-json\/wp\/v2\/posts\/419\/revisions\/2234"}],"wp:featuredmedia":[{"embeddable":true,"href":"https:\/\/ramib.org\/oficial\/index.php\/wp-json\/wp\/v2\/media\/1666"}],"wp:attachment":[{"href":"https:\/\/ramib.org\/oficial\/index.php\/wp-json\/wp\/v2\/media?parent=419"}],"wp:term":[{"taxonomy":"category","embeddable":true,"href":"https:\/\/ramib.org\/oficial\/index.php\/wp-json\/wp\/v2\/categories?post=419"},{"taxonomy":"post_tag","embeddable":true,"href":"https:\/\/ramib.org\/oficial\/index.php\/wp-json\/wp\/v2\/tags?post=419"}],"curies":[{"name":"wp","href":"https:\/\/api.w.org\/{rel}","templated":true}]}}