{"id":4183,"date":"2022-12-08T17:31:15","date_gmt":"2022-12-08T17:31:15","guid":{"rendered":"https:\/\/ramib.org\/oficial\/?p=4183"},"modified":"2022-12-12T15:25:59","modified_gmt":"2022-12-12T15:25:59","slug":"4183","status":"publish","type":"post","link":"https:\/\/ramib.org\/oficial\/index.php\/2022\/12\/08\/4183\/?lang=es","title":{"rendered":"SESI\u00d3N CIENT\u00cdFICA POSPUESTA"},"content":{"rendered":"\n<div class=\"wp-block-cover has-background-dim\"><img loading=\"lazy\" decoding=\"async\" width=\"1024\" height=\"861\" class=\"wp-block-cover__image-background wp-image-4184\" alt=\"\" src=\"https:\/\/ramib.org\/oficial\/wp-content\/uploads\/2022\/12\/santiagotofe-1024x861.jpg\" data-object-fit=\"cover\" srcset=\"https:\/\/ramib.org\/oficial\/wp-content\/uploads\/2022\/12\/santiagotofe-1024x861.jpg 1024w, https:\/\/ramib.org\/oficial\/wp-content\/uploads\/2022\/12\/santiagotofe-300x252.jpg 300w, https:\/\/ramib.org\/oficial\/wp-content\/uploads\/2022\/12\/santiagotofe-768x646.jpg 768w, https:\/\/ramib.org\/oficial\/wp-content\/uploads\/2022\/12\/santiagotofe-696x585.jpg 696w, https:\/\/ramib.org\/oficial\/wp-content\/uploads\/2022\/12\/santiagotofe-500x420.jpg 500w, https:\/\/ramib.org\/oficial\/wp-content\/uploads\/2022\/12\/santiagotofe.jpg 1029w\" sizes=\"(max-width: 1024px) 100vw, 1024px\" \/><div class=\"wp-block-cover__inner-container is-layout-flow wp-block-cover-is-layout-flow\">\n<p class=\"has-drop-cap has-vivid-red-color has-text-color has-larger-font-size\"><strong>POSPUESTA<\/strong><\/p>\n<\/div><\/div>\n\n\n\n<p>Lamentamos comunicar que la conferencia del Dr. Santiago Tof\u00e9 &#8220;20 a\u00f1os de c\u00e1ncer de tiroides en Baleares&#8221;, prevista para ma\u00f1ana martes, 13 de diciembre, en la sede de la RAMIB,\u00a0<strong>ha sido cancelada por causas de fuerza mayor<\/strong>. Rogamos disculpen las molestias.<\/p>\n","protected":false},"excerpt":{"rendered":"<p>Lamentamos comunicar que la conferencia del Dr. Santiago Tof\u00e9 &#8220;20 a\u00f1os de c\u00e1ncer de tiroides en Baleares&#8221;, prevista para ma\u00f1ana martes, 13 de diciembre, en la sede de la RAMIB,\u00a0ha [&hellip;]<\/p>\n","protected":false},"author":3,"featured_media":4184,"comment_status":"open","ping_status":"closed","sticky":false,"template":"","format":"standard","meta":{"_monsterinsights_skip_tracking":false,"_monsterinsights_sitenote_active":false,"_monsterinsights_sitenote_note":"","_monsterinsights_sitenote_category":0,"footnotes":""},"categories":[14,24,269,17],"tags":[379,198],"_links":{"self":[{"href":"https:\/\/ramib.org\/oficial\/index.php\/wp-json\/wp\/v2\/posts\/4183"}],"collection":[{"href":"https:\/\/ramib.org\/oficial\/index.php\/wp-json\/wp\/v2\/posts"}],"about":[{"href":"https:\/\/ramib.org\/oficial\/index.php\/wp-json\/wp\/v2\/types\/post"}],"author":[{"embeddable":true,"href":"https:\/\/ramib.org\/oficial\/index.php\/wp-json\/wp\/v2\/users\/3"}],"replies":[{"embeddable":true,"href":"https:\/\/ramib.org\/oficial\/index.php\/wp-json\/wp\/v2\/comments?post=4183"}],"version-history":[{"count":4,"href":"https:\/\/ramib.org\/oficial\/index.php\/wp-json\/wp\/v2\/posts\/4183\/revisions"}],"predecessor-version":[{"id":4195,"href":"https:\/\/ramib.org\/oficial\/index.php\/wp-json\/wp\/v2\/posts\/4183\/revisions\/4195"}],"wp:featuredmedia":[{"embeddable":true,"href":"https:\/\/ramib.org\/oficial\/index.php\/wp-json\/wp\/v2\/media\/4184"}],"wp:attachment":[{"href":"https:\/\/ramib.org\/oficial\/index.php\/wp-json\/wp\/v2\/media?parent=4183"}],"wp:term":[{"taxonomy":"category","embeddable":true,"href":"https:\/\/ramib.org\/oficial\/index.php\/wp-json\/wp\/v2\/categories?post=4183"},{"taxonomy":"post_tag","embeddable":true,"href":"https:\/\/ramib.org\/oficial\/index.php\/wp-json\/wp\/v2\/tags?post=4183"}],"curies":[{"name":"wp","href":"https:\/\/api.w.org\/{rel}","templated":true}]}}