{"id":4012,"date":"2022-09-25T14:48:43","date_gmt":"2022-09-25T14:48:43","guid":{"rendered":"https:\/\/ramib.org\/oficial\/?p=4012"},"modified":"2022-10-16T10:55:00","modified_gmt":"2022-10-16T10:55:00","slug":"4012","status":"publish","type":"post","link":"https:\/\/ramib.org\/oficial\/index.php\/2022\/09\/25\/4012\/","title":{"rendered":"Salut, c\u00e0ncer i envelliment en l&#8217;era gen\u00f2mica"},"content":{"rendered":"\n<p>El passat 4 d&#8217;octubre 2022, es va celebrar en la seu de la Reial Acad\u00e8mia de Medicina dels Illes Balears la sessi\u00f3 cient\u00edfica \u201cSalut, c\u00e0ncer i envelliment en l&#8217;era gen\u00f2mica\u201d.<br><\/p>\n\n\n\n<div class=\"wp-block-image\"><figure class=\"aligncenter size-large\"><img loading=\"lazy\" decoding=\"async\" width=\"1024\" height=\"683\" src=\"https:\/\/ramib.org\/oficial\/wp-content\/uploads\/2022\/10\/otin0.jpg\" alt=\"\" class=\"wp-image-4032\" srcset=\"https:\/\/ramib.org\/oficial\/wp-content\/uploads\/2022\/10\/otin0.jpg 1024w, https:\/\/ramib.org\/oficial\/wp-content\/uploads\/2022\/10\/otin0-300x200.jpg 300w, https:\/\/ramib.org\/oficial\/wp-content\/uploads\/2022\/10\/otin0-768x512.jpg 768w, https:\/\/ramib.org\/oficial\/wp-content\/uploads\/2022\/10\/otin0-696x464.jpg 696w, https:\/\/ramib.org\/oficial\/wp-content\/uploads\/2022\/10\/otin0-630x420.jpg 630w\" sizes=\"(max-width: 1024px) 100vw, 1024px\" \/><\/figure><\/div>\n\n\n\n<p>El president de la corporaci\u00f3, Joan Besalduch Vidal va obrir l&#8217;acte agraint al conferenciant, a les autoritats i a l p\u00fablic la seva assist\u00e8ncia i va presentar al ponent el M. Il\u00b7ltre. Sr. Joan Benejam Gual.<\/p>\n\n\n\n<div class=\"wp-block-image\"><figure class=\"aligncenter size-large\"><img loading=\"lazy\" decoding=\"async\" width=\"1024\" height=\"683\" src=\"https:\/\/ramib.org\/oficial\/wp-content\/uploads\/2022\/10\/otin1.jpg\" alt=\"\" class=\"wp-image-4034\" srcset=\"https:\/\/ramib.org\/oficial\/wp-content\/uploads\/2022\/10\/otin1.jpg 1024w, https:\/\/ramib.org\/oficial\/wp-content\/uploads\/2022\/10\/otin1-300x200.jpg 300w, https:\/\/ramib.org\/oficial\/wp-content\/uploads\/2022\/10\/otin1-768x512.jpg 768w, https:\/\/ramib.org\/oficial\/wp-content\/uploads\/2022\/10\/otin1-696x464.jpg 696w, https:\/\/ramib.org\/oficial\/wp-content\/uploads\/2022\/10\/otin1-630x420.jpg 630w\" sizes=\"(max-width: 1024px) 100vw, 1024px\" \/><\/figure><\/div>\n\n\n\n<div class=\"wp-block-image\"><figure class=\"aligncenter size-large\"><img loading=\"lazy\" decoding=\"async\" width=\"1024\" height=\"683\" src=\"https:\/\/ramib.org\/oficial\/wp-content\/uploads\/2022\/10\/otin2.jpg\" alt=\"\" class=\"wp-image-4036\" srcset=\"https:\/\/ramib.org\/oficial\/wp-content\/uploads\/2022\/10\/otin2.jpg 1024w, https:\/\/ramib.org\/oficial\/wp-content\/uploads\/2022\/10\/otin2-300x200.jpg 300w, https:\/\/ramib.org\/oficial\/wp-content\/uploads\/2022\/10\/otin2-768x512.jpg 768w, https:\/\/ramib.org\/oficial\/wp-content\/uploads\/2022\/10\/otin2-696x464.jpg 696w, https:\/\/ramib.org\/oficial\/wp-content\/uploads\/2022\/10\/otin2-630x420.jpg 630w\" sizes=\"(max-width: 1024px) 100vw, 1024px\" \/><\/figure><\/div>\n\n\n\n<p>La sessi\u00f3 cient\u00edfica va ser duta a terme pel professor Carlos L\u00f3pez-Ot\u00edn, Catedr\u00e0tic en l&#8217;\u00e0rea de bioqu\u00edmica i biologia molecular de la Universitat d&#8217;Oviedo, Carlos L\u00f3pez-Ot\u00edn destaca pels seus treballs de recerca en el c\u00e0ncer, l&#8217;artritis o malalties heredit\u00e0ries. Aquest dimarts va ser el protagonista de la sessi\u00f3 cient\u00edfica amb la qual la Reial Acad\u00e8mia de Medicina dels Illes Balears (RAMIB) represa el seu cicle de confer\u00e8ncies despr\u00e9s de l&#8217;estiu. El doctor Joan Maria Benejam li va definir com \u00abel poeta de la ci\u00e8ncia\u00bb, durant la seva presentaci\u00f3 i, certament, la seva reflexi\u00f3 sobre la Salut, c\u00e0ncer i envelliment en l&#8217;era gen\u00f2mica, no va estar exempta de poesia, ni d&#8217;optimisme.\u2006 \u2006 \u2006<\/p>\n\n\n\n<div class=\"wp-block-image\"><figure class=\"aligncenter size-large\"><img loading=\"lazy\" decoding=\"async\" width=\"1024\" height=\"683\" src=\"https:\/\/ramib.org\/oficial\/wp-content\/uploads\/2022\/10\/otin8.jpg\" alt=\"\" class=\"wp-image-4046\" srcset=\"https:\/\/ramib.org\/oficial\/wp-content\/uploads\/2022\/10\/otin8.jpg 1024w, https:\/\/ramib.org\/oficial\/wp-content\/uploads\/2022\/10\/otin8-300x200.jpg 300w, https:\/\/ramib.org\/oficial\/wp-content\/uploads\/2022\/10\/otin8-768x512.jpg 768w, https:\/\/ramib.org\/oficial\/wp-content\/uploads\/2022\/10\/otin8-696x464.jpg 696w, https:\/\/ramib.org\/oficial\/wp-content\/uploads\/2022\/10\/otin8-630x420.jpg 630w\" sizes=\"(max-width: 1024px) 100vw, 1024px\" \/><\/figure><\/div>\n\n\n\n<div class=\"wp-block-image\"><figure class=\"aligncenter size-large\"><img loading=\"lazy\" decoding=\"async\" width=\"1024\" height=\"683\" src=\"https:\/\/ramib.org\/oficial\/wp-content\/uploads\/2022\/10\/otin3.jpg\" alt=\"\" class=\"wp-image-4038\" srcset=\"https:\/\/ramib.org\/oficial\/wp-content\/uploads\/2022\/10\/otin3.jpg 1024w, https:\/\/ramib.org\/oficial\/wp-content\/uploads\/2022\/10\/otin3-300x200.jpg 300w, https:\/\/ramib.org\/oficial\/wp-content\/uploads\/2022\/10\/otin3-768x512.jpg 768w, https:\/\/ramib.org\/oficial\/wp-content\/uploads\/2022\/10\/otin3-696x464.jpg 696w, https:\/\/ramib.org\/oficial\/wp-content\/uploads\/2022\/10\/otin3-630x420.jpg 630w\" sizes=\"(max-width: 1024px) 100vw, 1024px\" \/><\/figure><\/div>\n\n\n\n<p>El profesor L\u00f3pez-Ot\u00edn va dir que va ser als 16 quan es va adonar que la vida \u00ab\u00e9s una espiral de complexitats\u00bb. Sabent que l&#8217;\u00e9sser hum\u00e0 \u00e9s \u00abimperfecte\u00bb i \u00abvulnerable\u00bb, i que les malalties es nodreixen d&#8217;aquesta imperfecci\u00f3, va comen\u00e7ar la seva particular croada. \u00abLa mort \u00e9s una conseq\u00fc\u00e8ncia necess\u00e0ria de la vida per\u00f2 m&#8217;aclapara que sigui a destemps i aix\u00f2 li vaig demanar a la medicina\u00bb, va explicar. Des de llavors ha participat en canvis molt rellevants en l&#8217;estudi del genoma que han facilitat nous tipus de ter\u00e0pies.<br>Si b\u00e9 \u00abl&#8217;envelliment \u00e9s universal i el c\u00e0ncer afectar\u00e0 a un de cada dos homes i a una de cada tres dones d&#8217;aqu\u00ed a una mica\u00bb, va assenyalar l&#8217;expert, tamb\u00e9 existeixen nous coneixements per a frenar-lo, com mai abans s&#8217;havia vist. Carlos L\u00f3pez-Ot\u00edn ha participat en el descobriment i recerca de m\u00e9s de 60 nous gens humans codificants de prote\u00efnes associats a malalties com el c\u00e0ncer. I aquest dimarts va posar negre sobre blanc: \u00abm\u00e9s del 50% dels tumors es curen, uns altres es controlen per\u00f2 no ens conformem, cal con\u00e8ixer m\u00e9s per a curar\u00bb, va afegir. La ci\u00e8ncia ha avan\u00e7at en tractaments personalitzats en oncologia gr\u00e0cies a agents inhibidors, anticossos i agents inmunoterap\u00e8utics.<\/p>\n\n\n\n<div class=\"wp-block-image\"><figure class=\"aligncenter size-large\"><img loading=\"lazy\" decoding=\"async\" width=\"1024\" height=\"683\" src=\"https:\/\/ramib.org\/oficial\/wp-content\/uploads\/2022\/10\/otin4.jpg\" alt=\"\" class=\"wp-image-4040\" srcset=\"https:\/\/ramib.org\/oficial\/wp-content\/uploads\/2022\/10\/otin4.jpg 1024w, https:\/\/ramib.org\/oficial\/wp-content\/uploads\/2022\/10\/otin4-300x200.jpg 300w, https:\/\/ramib.org\/oficial\/wp-content\/uploads\/2022\/10\/otin4-768x512.jpg 768w, https:\/\/ramib.org\/oficial\/wp-content\/uploads\/2022\/10\/otin4-696x464.jpg 696w, https:\/\/ramib.org\/oficial\/wp-content\/uploads\/2022\/10\/otin4-630x420.jpg 630w\" sizes=\"(max-width: 1024px) 100vw, 1024px\" \/><\/figure><\/div>\n\n\n\n<p>\u00abLes c\u00e8l\u00b7lules CAR-T, limf\u00f2cits modificats fora del pacient perqu\u00e8 siguin m\u00e9s actius contra les seves c\u00e8l\u00b7lules tumorals, ja s&#8217;estan assajant en el c\u00e0ncer del pulm\u00f3\u00bb, va posar per exemple. I \u00e9s que \u00abl&#8217;oncologia personalitzada de la qual tant es parla no est\u00e0 tan lluny\u00bb, va advertir. Encara que \u00abcal aprovar, validar i ser conscient del que val per a cada pacient. No es pot accelerar el ritme per a no tornar enrere\u00bb, tamb\u00e9 va dir. El missatge de la sessi\u00f3 cient\u00edfica va ser del tot positiu apel\u00b7lant, fins i tot, als \u00abmiracles immunol\u00f2gics\u00bb o a la possibilitat que, algun dia, l&#8217;envelliment sigui reversible.<\/p>\n\n\n\n<div class=\"wp-block-image\"><figure class=\"aligncenter size-large\"><img loading=\"lazy\" decoding=\"async\" width=\"1024\" height=\"683\" src=\"https:\/\/ramib.org\/oficial\/wp-content\/uploads\/2022\/10\/otin9.jpg\" alt=\"\" class=\"wp-image-4048\" srcset=\"https:\/\/ramib.org\/oficial\/wp-content\/uploads\/2022\/10\/otin9.jpg 1024w, https:\/\/ramib.org\/oficial\/wp-content\/uploads\/2022\/10\/otin9-300x200.jpg 300w, https:\/\/ramib.org\/oficial\/wp-content\/uploads\/2022\/10\/otin9-768x512.jpg 768w, https:\/\/ramib.org\/oficial\/wp-content\/uploads\/2022\/10\/otin9-696x464.jpg 696w, https:\/\/ramib.org\/oficial\/wp-content\/uploads\/2022\/10\/otin9-630x420.jpg 630w\" sizes=\"(max-width: 1024px) 100vw, 1024px\" \/><\/figure><\/div>\n\n\n\n<div class=\"wp-block-image\"><figure class=\"aligncenter size-large\"><img loading=\"lazy\" decoding=\"async\" width=\"1024\" height=\"576\" src=\"https:\/\/ramib.org\/oficial\/wp-content\/uploads\/2022\/10\/otin6.jpg\" alt=\"\" class=\"wp-image-4042\" srcset=\"https:\/\/ramib.org\/oficial\/wp-content\/uploads\/2022\/10\/otin6.jpg 1024w, https:\/\/ramib.org\/oficial\/wp-content\/uploads\/2022\/10\/otin6-300x169.jpg 300w, https:\/\/ramib.org\/oficial\/wp-content\/uploads\/2022\/10\/otin6-768x432.jpg 768w, https:\/\/ramib.org\/oficial\/wp-content\/uploads\/2022\/10\/otin6-696x392.jpg 696w, https:\/\/ramib.org\/oficial\/wp-content\/uploads\/2022\/10\/otin6-747x420.jpg 747w\" sizes=\"(max-width: 1024px) 100vw, 1024px\" \/><\/figure><\/div>\n\n\n\n<p>La pon\u00e8ncia va ser seguida amb gran inter\u00e8s pel p\u00fablic assistent finalitzant amb l\u2019habitual debat posterior a les pon\u00e8ncies.<\/p>\n","protected":false},"excerpt":{"rendered":"<p>El passat 4 d&#8217;octubre 2022, es va celebrar en la seu de la Reial Acad\u00e8mia de Medicina dels Illes Balears la sessi\u00f3 cient\u00edfica \u201cSalut, c\u00e0ncer i envelliment en l&#8217;era gen\u00f2mica\u201d. [&hellip;]<\/p>\n","protected":false},"author":3,"featured_media":4042,"comment_status":"open","ping_status":"closed","sticky":false,"template":"","format":"standard","meta":{"_monsterinsights_skip_tracking":false,"_monsterinsights_sitenote_active":false,"_monsterinsights_sitenote_note":"","_monsterinsights_sitenote_category":0,"footnotes":""},"categories":[24,269,17],"tags":[266],"_links":{"self":[{"href":"https:\/\/ramib.org\/oficial\/index.php\/wp-json\/wp\/v2\/posts\/4012"}],"collection":[{"href":"https:\/\/ramib.org\/oficial\/index.php\/wp-json\/wp\/v2\/posts"}],"about":[{"href":"https:\/\/ramib.org\/oficial\/index.php\/wp-json\/wp\/v2\/types\/post"}],"author":[{"embeddable":true,"href":"https:\/\/ramib.org\/oficial\/index.php\/wp-json\/wp\/v2\/users\/3"}],"replies":[{"embeddable":true,"href":"https:\/\/ramib.org\/oficial\/index.php\/wp-json\/wp\/v2\/comments?post=4012"}],"version-history":[{"count":2,"href":"https:\/\/ramib.org\/oficial\/index.php\/wp-json\/wp\/v2\/posts\/4012\/revisions"}],"predecessor-version":[{"id":4057,"href":"https:\/\/ramib.org\/oficial\/index.php\/wp-json\/wp\/v2\/posts\/4012\/revisions\/4057"}],"wp:featuredmedia":[{"embeddable":true,"href":"https:\/\/ramib.org\/oficial\/index.php\/wp-json\/wp\/v2\/media\/4042"}],"wp:attachment":[{"href":"https:\/\/ramib.org\/oficial\/index.php\/wp-json\/wp\/v2\/media?parent=4012"}],"wp:term":[{"taxonomy":"category","embeddable":true,"href":"https:\/\/ramib.org\/oficial\/index.php\/wp-json\/wp\/v2\/categories?post=4012"},{"taxonomy":"post_tag","embeddable":true,"href":"https:\/\/ramib.org\/oficial\/index.php\/wp-json\/wp\/v2\/tags?post=4012"}],"curies":[{"name":"wp","href":"https:\/\/api.w.org\/{rel}","templated":true}]}}