{"id":4,"date":"2014-07-24T00:00:00","date_gmt":"2014-07-24T00:00:00","guid":{"rendered":"https:\/\/ramib.org\/oficial\/index.php\/guardo-tolo-gueell-a-la-mallorquinitat\/?lang=es"},"modified":"2019-10-11T07:10:05","modified_gmt":"2019-10-11T07:10:05","slug":"guardo-tolo-gueell-a-la-mallorquinitat","status":"publish","type":"post","link":"https:\/\/ramib.org\/oficial\/index.php\/2014\/07\/24\/guardo-tolo-gueell-a-la-mallorquinitat\/?lang=es","title":{"rendered":"Guard\u00f3 Tolo G\u00fcell a la mallorquinitat"},"content":{"rendered":"<p style=\"text-align: justify;\"><img decoding=\"async\" src=\"images\/Arx597484.bmp\" alt=\"\" \/><\/p>\n<p style=\"text-align: justify;\">El passat dia 24 de juliol es va celebrar a la seu de &#8220;Sa nostra&#8221; la segona edici\u00f3 dels guardons &#8220;Tolo G\u00fcell a la mallorquinitat&#8221;. El president de la Reial Acad\u00e8mia de Medicina de les Illes Balears va recollir, de mans del president de Sa Nostra &#8211; Caixa de Balears Sr Fernando Alzamora, el guard\u00f3 amb el qual ha estat premiada la nostra Reial Acad\u00e8mia.<\/p>\n<p>  <!--more-->  <\/p>\n<p class=\"MsoNormal\" style=\"margin: 0cm 0cm 0pt; line-height: normal; text-align: justify;\">El passat\u00a0dia 24 de juliol\u00a0es va celebrar a\u00a0la seu de &#8220;<span lang=\"CA\">Sa <\/span>nostra&#8221;\u00a0la segona\u00a0edici\u00f3 dels\u00a0guardons\u00a0&#8220;<span lang=\"CA\">Tolo <\/span>G\u00fcell\u00a0a\u00a0la\u00a0mallorquinitat<span lang=\"CA\">&#8220;. <\/span>El\u00a0president\u00a0de la Reial\u00a0Acad\u00e8mia de\u00a0Medicina\u00a0de les\u00a0Illes\u00a0Balears\u00a0va recollir<span lang=\"CA\">, <\/span>de mans del\u00a0president\u00a0de Sa\u00a0Nostra\u00a0&#8211;\u00a0Caixa de Balears\u00a0Sr\u00a0Fernando\u00a0Alzamora<span lang=\"CA\">, <\/span>el guard\u00f3\u00a0amb el qual ha\u00a0estat premiada\u00a0la nostra\u00a0Reial\u00a0Acad\u00e8mia<span lang=\"CA\">.<\/span><\/p>\n<p class=\"MsoNormal\" style=\"margin: 0cm 0cm 0pt; line-height: normal; text-align: justify;\"><span style=\"line-height: 150%;\">L&#8217;<\/span><span lang=\"CA\" style=\"line-height: 150%;\">acte va ser <\/span><span style=\"line-height: 150%;\">presidit<\/span><span style=\"line-height: 150%;\">\u00a0<\/span><span style=\"line-height: 150%;\">pel president<\/span><span style=\"line-height: 150%;\">\u00a0<\/span><span style=\"line-height: 150%;\">de les Illes<\/span><span style=\"line-height: 150%;\">\u00a0<\/span><span style=\"line-height: 150%;\">Balears<\/span><span style=\"line-height: 150%;\">\u00a0<\/span><span style=\"line-height: 150%;\">Jos\u00e9<\/span><span style=\"line-height: 150%;\">\u00a0<\/span><span style=\"line-height: 150%;\">Ram\u00f3n<\/span><span style=\"line-height: 150%;\">\u00a0<\/span><span style=\"line-height: 150%;\">Bauz\u00e0<\/span><span style=\"line-height: 150%;\">\u00a0<\/span><span style=\"line-height: 150%;\">acompanyat<\/span><span style=\"line-height: 150%;\">\u00a0<\/span><span style=\"line-height: 150%;\">de la presidenta<\/span><span style=\"line-height: 150%;\">\u00a0<\/span><span style=\"line-height: 150%;\">del Consell<\/span><span style=\"line-height: 150%;\">\u00a0<\/span><span style=\"line-height: 150%;\">de Mallorca<\/span><span lang=\"CA\" style=\"line-height: 150%;\">, <\/span><span style=\"line-height: 150%;\">Maria<\/span><span style=\"line-height: 150%;\">\u00a0<\/span><span style=\"line-height: 150%;\">Salom<\/span><span lang=\"CA\" style=\"line-height: 150%;\">.<\/span><\/p>\n<p class=\"MsoNormal\" style=\"margin: 0cm 0cm 0pt; line-height: normal; text-align: justify;\"><span style=\"line-height: 150%;\">Aquests<\/span><span style=\"line-height: 150%;\">\u00a0<\/span><span style=\"line-height: 150%;\">premis<\/span><span style=\"line-height: 150%;\">\u00a0<\/span><span style=\"line-height: 150%;\">a<\/span><span style=\"line-height: 150%;\">\u00a0<\/span><span style=\"line-height: 150%;\">la<\/span><span style=\"line-height: 150%;\">\u00a0<\/span><span style=\"line-height: 150%;\">mallorquinitat<\/span><span style=\"line-height: 150%;\">\u00a0<\/span><span style=\"line-height: 150%;\">simbolitzen<\/span><span style=\"line-height: 150%;\">\u00a0<\/span><span style=\"line-height: 150%;\">l&#8217;esperit del seu<\/span><span style=\"line-height: 150%;\">\u00a0<\/span><span style=\"line-height: 150%;\">fundador<\/span><span lang=\"CA\" style=\"line-height: 150%;\">, <\/span><span style=\"line-height: 150%;\">Tolo<\/span><span style=\"line-height: 150%;\">\u00a0<\/span><span style=\"line-height: 150%;\">G\u00fcell<\/span><span lang=\"CA\" style=\"line-height: 150%;\">, <\/span><span style=\"line-height: 150%;\">un home<\/span><span style=\"line-height: 150%;\">\u00a0<\/span><span style=\"line-height: 150%;\">decidit<\/span><span style=\"line-height: 150%;\">\u00a0<\/span><span style=\"line-height: 150%;\">i <\/span><span style=\"line-height: 150%;\">comprom\u00e8s<\/span><span style=\"line-height: 150%;\">\u00a0<\/span><span style=\"line-height: 150%;\">amb<\/span><span style=\"line-height: 150%;\">\u00a0<\/span><span style=\"line-height: 150%;\">les<\/span><span style=\"line-height: 150%;\">\u00a0<\/span><span style=\"line-height: 150%;\">tradicions<\/span><span style=\"line-height: 150%;\">\u00a0<\/span><span style=\"line-height: 150%;\">i<\/span><span style=\"line-height: 150%;\">\u00a0<\/span><span style=\"line-height: 150%;\">la<\/span><span style=\"line-height: 150%;\">\u00a0<\/span><span style=\"line-height: 150%;\">societat<\/span><span lang=\"CA\" style=\"line-height: 150%;\">.<\/span><\/p>\n","protected":false},"excerpt":{"rendered":"<p>El passat dia 24 de juliol es va celebrar a la seu de &#8220;Sa nostra&#8221; la segona edici\u00f3 dels guardons &#8220;Tolo G\u00fcell a la mallorquinitat&#8221;. El president de la Reial [&hellip;]<\/p>\n","protected":false},"author":1,"featured_media":0,"comment_status":"closed","ping_status":"closed","sticky":false,"template":"","format":"standard","meta":{"_monsterinsights_skip_tracking":false,"_monsterinsights_sitenote_active":false,"_monsterinsights_sitenote_note":"","_monsterinsights_sitenote_category":0,"footnotes":""},"categories":[24,7],"tags":[],"_links":{"self":[{"href":"https:\/\/ramib.org\/oficial\/index.php\/wp-json\/wp\/v2\/posts\/4"}],"collection":[{"href":"https:\/\/ramib.org\/oficial\/index.php\/wp-json\/wp\/v2\/posts"}],"about":[{"href":"https:\/\/ramib.org\/oficial\/index.php\/wp-json\/wp\/v2\/types\/post"}],"author":[{"embeddable":true,"href":"https:\/\/ramib.org\/oficial\/index.php\/wp-json\/wp\/v2\/users\/1"}],"replies":[{"embeddable":true,"href":"https:\/\/ramib.org\/oficial\/index.php\/wp-json\/wp\/v2\/comments?post=4"}],"version-history":[{"count":1,"href":"https:\/\/ramib.org\/oficial\/index.php\/wp-json\/wp\/v2\/posts\/4\/revisions"}],"predecessor-version":[{"id":612,"href":"https:\/\/ramib.org\/oficial\/index.php\/wp-json\/wp\/v2\/posts\/4\/revisions\/612"}],"wp:attachment":[{"href":"https:\/\/ramib.org\/oficial\/index.php\/wp-json\/wp\/v2\/media?parent=4"}],"wp:term":[{"taxonomy":"category","embeddable":true,"href":"https:\/\/ramib.org\/oficial\/index.php\/wp-json\/wp\/v2\/categories?post=4"},{"taxonomy":"post_tag","embeddable":true,"href":"https:\/\/ramib.org\/oficial\/index.php\/wp-json\/wp\/v2\/tags?post=4"}],"curies":[{"name":"wp","href":"https:\/\/api.w.org\/{rel}","templated":true}]}}