{"id":397,"date":"2019-07-03T12:42:42","date_gmt":"2019-07-03T12:42:42","guid":{"rendered":"https:\/\/ramib.org\/oficial\/index.php\/sesion-cientifica-02-07-2019-analizando-los-circuitos-neuronales-de-la-memoria-desde-una-perspectiva-interdisciplinar\/"},"modified":"2020-02-23T12:38:15","modified_gmt":"2020-02-23T12:38:15","slug":"sesion-cientifica-02-07-2019-analizando-los-circuitos-neuronales-de-la-memoria-desde-una-perspectiva-interdisciplinar","status":"publish","type":"post","link":"https:\/\/ramib.org\/oficial\/index.php\/2019\/07\/03\/sesion-cientifica-02-07-2019-analizando-los-circuitos-neuronales-de-la-memoria-desde-una-perspectiva-interdisciplinar\/?lang=es","title":{"rendered":"Sesi\u00f3n cient\u00edfica 02\/07\/2019: \u201cAnalizando los circuitos neuronales de la memoria desde una perspectiva interdisciplinar\u201d"},"content":{"rendered":"<p>El pasado 2 de julio de 2019 se celebr\u00f3 en la sede de la Reial Acad\u00e8mia de Medicina de les Illes Balears la sesi\u00f3n cient\u00edfica titulada \u201cAnalizando los circuitos neuronales de la memoria desde una perspectiva interdisciplinar\u201d en la sede de la Reial Acad\u00e8mia de Medicina de les Illes Balears.<\/p>\n<p><img decoding=\"async\" class=\"aligncenter\" src=\"https:\/\/ramib.org\/oficial\/wp-content\/uploads\/2019\/06\/canals1.jpg\" \/><\/p>\n<p>Present\u00f3 a los conferenciantes el acad\u00e9mico numerario Dr. F\u00e9lix Grases Freixedas y moder\u00f3 el coloquio el Sr. presidente de la RAMIB.<\/p>\n<p><img loading=\"lazy\" decoding=\"async\" class=\"aligncenter size-full wp-image-2159\" src=\"https:\/\/ramib.org\/oficial\/wp-content\/uploads\/2019\/06\/canals2.jpg\" alt=\"\" width=\"500\" height=\"333\" srcset=\"https:\/\/ramib.org\/oficial\/wp-content\/uploads\/2019\/06\/canals2.jpg 500w, https:\/\/ramib.org\/oficial\/wp-content\/uploads\/2019\/06\/canals2-300x200.jpg 300w\" sizes=\"(max-width: 500px) 100vw, 500px\" \/><\/p>\n<p>A cargo de la sesi\u00f3n estuvieron el Dr. Santiago Canals Gamoneda, Investigador Cient\u00edfico CSIC y miembro del Instituto de Neurociencias de Alicante y del Dr. Claudio R. Mirasso Santos, Catedr\u00e1tico de F\u00edsica de la Universitat de les Illes Balears y miembro del Instituto de F\u00edsica Interdisciplinar y Sistemas Complejos (CSIC-UIB). Ambos ofrecieron un acercamiento a los circuitos neuronales encargados de producir y almacenar la memoria, cada uno desde la perspectiva de su campo de trabajo.<\/p>\n<p><img loading=\"lazy\" decoding=\"async\" class=\"aligncenter size-full wp-image-2163\" src=\"https:\/\/ramib.org\/oficial\/wp-content\/uploads\/2019\/06\/canals4.jpg\" alt=\"\" width=\"500\" height=\"333\" srcset=\"https:\/\/ramib.org\/oficial\/wp-content\/uploads\/2019\/06\/canals4.jpg 500w, https:\/\/ramib.org\/oficial\/wp-content\/uploads\/2019\/06\/canals4-300x200.jpg 300w\" sizes=\"(max-width: 500px) 100vw, 500px\" \/> <img loading=\"lazy\" decoding=\"async\" class=\"aligncenter size-full wp-image-2161\" src=\"https:\/\/ramib.org\/oficial\/wp-content\/uploads\/2019\/06\/canals3.jpg\" alt=\"\" width=\"500\" height=\"333\" srcset=\"https:\/\/ramib.org\/oficial\/wp-content\/uploads\/2019\/06\/canals3.jpg 500w, https:\/\/ramib.org\/oficial\/wp-content\/uploads\/2019\/06\/canals3-300x200.jpg 300w\" sizes=\"(max-width: 500px) 100vw, 500px\" \/> <img loading=\"lazy\" decoding=\"async\" class=\"aligncenter size-full wp-image-2165\" src=\"https:\/\/ramib.org\/oficial\/wp-content\/uploads\/2019\/06\/canals5.jpg\" alt=\"\" width=\"500\" height=\"333\" srcset=\"https:\/\/ramib.org\/oficial\/wp-content\/uploads\/2019\/06\/canals5.jpg 500w, https:\/\/ramib.org\/oficial\/wp-content\/uploads\/2019\/06\/canals5-300x200.jpg 300w\" sizes=\"(max-width: 500px) 100vw, 500px\" \/> <img loading=\"lazy\" decoding=\"async\" class=\"aligncenter size-full wp-image-2167\" src=\"https:\/\/ramib.org\/oficial\/wp-content\/uploads\/2019\/06\/canals6.jpg\" alt=\"\" width=\"500\" height=\"333\" srcset=\"https:\/\/ramib.org\/oficial\/wp-content\/uploads\/2019\/06\/canals6.jpg 500w, https:\/\/ramib.org\/oficial\/wp-content\/uploads\/2019\/06\/canals6-300x200.jpg 300w\" sizes=\"(max-width: 500px) 100vw, 500px\" \/><\/p>\n<p>El cerebro es el ejemplo paradigm\u00e1tico de sistema complejo: miles de millones de elementos se encuentran interconectados y se producen fen\u00f3menos emergentes tan ricos como la memoria o la consciencia. Aproximarse al estudio del cerebro desde la perspectiva de las diferentes ramas cient\u00edficas es imprescindible para contar con el m\u00e1ximo de herramientas posibles y tener mayor versatilidad.<\/p>\n<p>La ponencia fue seguida con gran inter\u00e9s por el p\u00fablico asistente finalizando con el habitual debate posterior a las ponencias.<\/p>\n<p><img loading=\"lazy\" decoding=\"async\" class=\"aligncenter size-full wp-image-2173\" src=\"https:\/\/ramib.org\/oficial\/wp-content\/uploads\/2019\/06\/canals9.jpg\" alt=\"\" width=\"500\" height=\"333\" srcset=\"https:\/\/ramib.org\/oficial\/wp-content\/uploads\/2019\/06\/canals9.jpg 500w, https:\/\/ramib.org\/oficial\/wp-content\/uploads\/2019\/06\/canals9-300x200.jpg 300w\" sizes=\"(max-width: 500px) 100vw, 500px\" \/><\/p>\n<p>La sesi\u00f3n se encuentra disponible en el canal de YouTube de la Reial Acad\u00e8mia de Medicina de les Illes Balears. <a href=\"https:\/\/www.youtube.com\/watch?v=wj4lrfcAKrk&amp;t=2212s\">https:\/\/www.youtube.com\/watch?v=wj4lrfcAKrk&amp;t=2212s<\/a><\/p>\n","protected":false},"excerpt":{"rendered":"<p>El pasado 2 de julio de 2019 se celebr\u00f3 en la sede de la Reial Acad\u00e8mia de Medicina de les Illes Balears la sesi\u00f3n cient\u00edfica titulada \u201cAnalizando los circuitos neuronales [&hellip;]<\/p>\n","protected":false},"author":3,"featured_media":2177,"comment_status":"closed","ping_status":"closed","sticky":false,"template":"","format":"standard","meta":{"_monsterinsights_skip_tracking":false,"_monsterinsights_sitenote_active":false,"_monsterinsights_sitenote_note":"","_monsterinsights_sitenote_category":0,"footnotes":""},"categories":[],"tags":[],"_links":{"self":[{"href":"https:\/\/ramib.org\/oficial\/index.php\/wp-json\/wp\/v2\/posts\/397"}],"collection":[{"href":"https:\/\/ramib.org\/oficial\/index.php\/wp-json\/wp\/v2\/posts"}],"about":[{"href":"https:\/\/ramib.org\/oficial\/index.php\/wp-json\/wp\/v2\/types\/post"}],"author":[{"embeddable":true,"href":"https:\/\/ramib.org\/oficial\/index.php\/wp-json\/wp\/v2\/users\/3"}],"replies":[{"embeddable":true,"href":"https:\/\/ramib.org\/oficial\/index.php\/wp-json\/wp\/v2\/comments?post=397"}],"version-history":[{"count":4,"href":"https:\/\/ramib.org\/oficial\/index.php\/wp-json\/wp\/v2\/posts\/397\/revisions"}],"predecessor-version":[{"id":2183,"href":"https:\/\/ramib.org\/oficial\/index.php\/wp-json\/wp\/v2\/posts\/397\/revisions\/2183"}],"wp:featuredmedia":[{"embeddable":true,"href":"https:\/\/ramib.org\/oficial\/index.php\/wp-json\/wp\/v2\/media\/2177"}],"wp:attachment":[{"href":"https:\/\/ramib.org\/oficial\/index.php\/wp-json\/wp\/v2\/media?parent=397"}],"wp:term":[{"taxonomy":"category","embeddable":true,"href":"https:\/\/ramib.org\/oficial\/index.php\/wp-json\/wp\/v2\/categories?post=397"},{"taxonomy":"post_tag","embeddable":true,"href":"https:\/\/ramib.org\/oficial\/index.php\/wp-json\/wp\/v2\/tags?post=397"}],"curies":[{"name":"wp","href":"https:\/\/api.w.org\/{rel}","templated":true}]}}