{"id":392,"date":"2019-06-06T10:13:51","date_gmt":"2019-06-06T10:13:51","guid":{"rendered":"https:\/\/ramib.org\/oficial\/index.php\/sessio-cientifica-10-06-2019-presentacio-de-l-arxiu-historic-de-la-reial-academia-de-medicina\/?lang=es"},"modified":"2020-02-03T00:48:48","modified_gmt":"2020-02-03T00:48:48","slug":"sessio-cientifica-10-06-2019-presentacio-de-l-arxiu-historic-de-la-reial-academia-de-medicina","status":"publish","type":"post","link":"https:\/\/ramib.org\/oficial\/index.php\/2019\/06\/06\/sessio-cientifica-10-06-2019-presentacio-de-l-arxiu-historic-de-la-reial-academia-de-medicina\/","title":{"rendered":"Sessi\u00f3 cient\u00edfica 10\/06\/2019: &#8220;Presentaci\u00f3 de l&#8217;Arxiu hist\u00f2ric de la Reial Acad\u00e8mia de Medicina&#8221;"},"content":{"rendered":"<p style=\"text-align: justify\"><span style=\"font-family: verdana, geneva\">Sessi\u00f3 cient\u00edfica.- Ens complau recordar-vos que el dilluns, dia 10 de juny de 2019, a les 19:30 h., est\u00e0 prevista a la seu de Can Campaner n\u00ba 4 de la Conselleria de Salut i de la nostra Reial Acad\u00e8mia de Medicina, la sessi\u00f3 cient\u00edfica amb la confer\u00e8ncia \u201cPresentaci\u00f3 de l\u2019Arxiu hist\u00f2ric de la Reial Acad\u00e8mia de Medicina\u201d.<\/span><\/p>\n\n\n<figure class=\"wp-block-image\"><img loading=\"lazy\" decoding=\"async\" width=\"700\" height=\"500\" src=\"https:\/\/ramib.org\/oficial\/wp-content\/uploads\/2019\/09\/archiu-historic.jpg\" alt=\"\" class=\"wp-image-1105\" srcset=\"https:\/\/ramib.org\/oficial\/wp-content\/uploads\/2019\/09\/archiu-historic.jpg 700w, https:\/\/ramib.org\/oficial\/wp-content\/uploads\/2019\/09\/archiu-historic-300x214.jpg 300w, https:\/\/ramib.org\/oficial\/wp-content\/uploads\/2019\/09\/archiu-historic-100x70.jpg 100w, https:\/\/ramib.org\/oficial\/wp-content\/uploads\/2019\/09\/archiu-historic-696x497.jpg 696w, https:\/\/ramib.org\/oficial\/wp-content\/uploads\/2019\/09\/archiu-historic-588x420.jpg 588w\" sizes=\"(max-width: 700px) 100vw, 700px\" \/><\/figure>\n\n\n\n<p>A c\u00e0rrec del Sr. Miquel Pastor Tous, director i el Sr. Miquel Amengual Bibiloni, responsable de la catalogaci\u00f3 i digitalitzaci\u00f3 de l\u2019Arxiu. <\/p>\n","protected":false},"excerpt":{"rendered":"<p>Sessi\u00f3 cient\u00edfica.- Ens complau recordar-vos que el dilluns, dia 10 de juny de 2019, a les 19:30 h., est\u00e0 prevista a la seu de Can Campaner n\u00ba 4 de la [&hellip;]<\/p>\n","protected":false},"author":3,"featured_media":1105,"comment_status":"closed","ping_status":"closed","sticky":false,"template":"","format":"standard","meta":{"_monsterinsights_skip_tracking":false,"_monsterinsights_sitenote_active":false,"_monsterinsights_sitenote_note":"","_monsterinsights_sitenote_category":0,"footnotes":""},"categories":[14,24,165,17],"tags":[],"_links":{"self":[{"href":"https:\/\/ramib.org\/oficial\/index.php\/wp-json\/wp\/v2\/posts\/392"}],"collection":[{"href":"https:\/\/ramib.org\/oficial\/index.php\/wp-json\/wp\/v2\/posts"}],"about":[{"href":"https:\/\/ramib.org\/oficial\/index.php\/wp-json\/wp\/v2\/types\/post"}],"author":[{"embeddable":true,"href":"https:\/\/ramib.org\/oficial\/index.php\/wp-json\/wp\/v2\/users\/3"}],"replies":[{"embeddable":true,"href":"https:\/\/ramib.org\/oficial\/index.php\/wp-json\/wp\/v2\/comments?post=392"}],"version-history":[{"count":3,"href":"https:\/\/ramib.org\/oficial\/index.php\/wp-json\/wp\/v2\/posts\/392\/revisions"}],"predecessor-version":[{"id":1979,"href":"https:\/\/ramib.org\/oficial\/index.php\/wp-json\/wp\/v2\/posts\/392\/revisions\/1979"}],"wp:featuredmedia":[{"embeddable":true,"href":"https:\/\/ramib.org\/oficial\/index.php\/wp-json\/wp\/v2\/media\/1105"}],"wp:attachment":[{"href":"https:\/\/ramib.org\/oficial\/index.php\/wp-json\/wp\/v2\/media?parent=392"}],"wp:term":[{"taxonomy":"category","embeddable":true,"href":"https:\/\/ramib.org\/oficial\/index.php\/wp-json\/wp\/v2\/categories?post=392"},{"taxonomy":"post_tag","embeddable":true,"href":"https:\/\/ramib.org\/oficial\/index.php\/wp-json\/wp\/v2\/tags?post=392"}],"curies":[{"name":"wp","href":"https:\/\/api.w.org\/{rel}","templated":true}]}}