{"id":391,"date":"2019-06-03T10:05:12","date_gmt":"2019-06-03T10:05:12","guid":{"rendered":"https:\/\/ramib.org\/oficial\/index.php\/sesion-cientifica-04-06-2019-microcirurgia-vascular-en-la-cirurgia-plastica-i-reparadora\/"},"modified":"2020-02-03T00:13:25","modified_gmt":"2020-02-03T00:13:25","slug":"sesion-cientifica-04-06-2019-microcirurgia-vascular-en-la-cirurgia-plastica-i-reparadora","status":"publish","type":"post","link":"https:\/\/ramib.org\/oficial\/index.php\/2019\/06\/03\/sesion-cientifica-04-06-2019-microcirurgia-vascular-en-la-cirurgia-plastica-i-reparadora\/?lang=es","title":{"rendered":"Sesi\u00f3n cient\u00edfica 04\/06\/2019: \u201cMicrocirurgia vascular en la Cirurgia Pl\u00e0stica i Reparadora\u201d"},"content":{"rendered":"<p style=\"text-align: justify;\"><span style=\"font-family: verdana, geneva;\">Sesi\u00f3n cient\u00edfica.- Nos complace recordarles que el martes, d\u00eda 4 de junio de 2019, a las 19:30 h., est\u00e1 prevista en la sede de Can Campaner n\u00ba 4 de la Conseller\u00eda de Salud y de nuestra Reial Academia de Medicina, la sesi\u00f3n cient\u00edfica con la conferencia<strong> \u201cMicrocirurgia vascular en la Cirurgia Pl\u00e0stica i Reparadora\u201d<\/strong><\/span><\/p>\n\n\n<figure class=\"wp-block-image\"><img loading=\"lazy\" decoding=\"async\" width=\"700\" height=\"500\" src=\"https:\/\/ramib.org\/oficial\/wp-content\/uploads\/2019\/09\/cirujia-reparadora.jpg\" alt=\"\" class=\"wp-image-1108\" srcset=\"https:\/\/ramib.org\/oficial\/wp-content\/uploads\/2019\/09\/cirujia-reparadora.jpg 700w, https:\/\/ramib.org\/oficial\/wp-content\/uploads\/2019\/09\/cirujia-reparadora-300x214.jpg 300w, https:\/\/ramib.org\/oficial\/wp-content\/uploads\/2019\/09\/cirujia-reparadora-100x70.jpg 100w, https:\/\/ramib.org\/oficial\/wp-content\/uploads\/2019\/09\/cirujia-reparadora-696x497.jpg 696w, https:\/\/ramib.org\/oficial\/wp-content\/uploads\/2019\/09\/cirujia-reparadora-588x420.jpg 588w\" sizes=\"(max-width: 700px) 100vw, 700px\" \/><\/figure>\n\n\n\n<p>A cargo del Dr. Jaume Estrada Cuxart, Jefe del Servicio de Cirurg\u00eda Pl\u00e1stica y Reparadora. Hospital Universitari Son Espases. <\/p>\n","protected":false},"excerpt":{"rendered":"<p>Sesi\u00f3n cient\u00edfica.- Nos complace recordarles que el martes, d\u00eda 4 de junio de 2019, a las 19:30 h., est\u00e1 prevista en la sede de Can Campaner n\u00ba 4 de la [&hellip;]<\/p>\n","protected":false},"author":3,"featured_media":1108,"comment_status":"closed","ping_status":"closed","sticky":false,"template":"","format":"standard","meta":{"_monsterinsights_skip_tracking":false,"_monsterinsights_sitenote_active":false,"_monsterinsights_sitenote_note":"","_monsterinsights_sitenote_category":0,"footnotes":""},"categories":[14,24,165,17],"tags":[],"_links":{"self":[{"href":"https:\/\/ramib.org\/oficial\/index.php\/wp-json\/wp\/v2\/posts\/391"}],"collection":[{"href":"https:\/\/ramib.org\/oficial\/index.php\/wp-json\/wp\/v2\/posts"}],"about":[{"href":"https:\/\/ramib.org\/oficial\/index.php\/wp-json\/wp\/v2\/types\/post"}],"author":[{"embeddable":true,"href":"https:\/\/ramib.org\/oficial\/index.php\/wp-json\/wp\/v2\/users\/3"}],"replies":[{"embeddable":true,"href":"https:\/\/ramib.org\/oficial\/index.php\/wp-json\/wp\/v2\/comments?post=391"}],"version-history":[{"count":2,"href":"https:\/\/ramib.org\/oficial\/index.php\/wp-json\/wp\/v2\/posts\/391\/revisions"}],"predecessor-version":[{"id":1110,"href":"https:\/\/ramib.org\/oficial\/index.php\/wp-json\/wp\/v2\/posts\/391\/revisions\/1110"}],"wp:featuredmedia":[{"embeddable":true,"href":"https:\/\/ramib.org\/oficial\/index.php\/wp-json\/wp\/v2\/media\/1108"}],"wp:attachment":[{"href":"https:\/\/ramib.org\/oficial\/index.php\/wp-json\/wp\/v2\/media?parent=391"}],"wp:term":[{"taxonomy":"category","embeddable":true,"href":"https:\/\/ramib.org\/oficial\/index.php\/wp-json\/wp\/v2\/categories?post=391"},{"taxonomy":"post_tag","embeddable":true,"href":"https:\/\/ramib.org\/oficial\/index.php\/wp-json\/wp\/v2\/tags?post=391"}],"curies":[{"name":"wp","href":"https:\/\/api.w.org\/{rel}","templated":true}]}}