{"id":3905,"date":"2022-09-14T21:04:25","date_gmt":"2022-09-14T21:04:25","guid":{"rendered":"https:\/\/ramib.org\/oficial\/?p=3905"},"modified":"2022-09-24T17:48:42","modified_gmt":"2022-09-24T17:48:42","slug":"3905","status":"publish","type":"post","link":"https:\/\/ramib.org\/oficial\/index.php\/2022\/09\/14\/3905\/","title":{"rendered":"Serveix l&#8217;instrumental d&#8217;avaluaci\u00f3 econ\u00f2mica convencional per a la innovaci\u00f3 actual i futura?"},"content":{"rendered":"\n<p>El passat dia 19 de setembre de 2022 va tenir lloc a la seu de la RAMIB la confer\u00e8ncia oberta \u201c\u00bfSirve el instrumental de evaluaci\u00f3n econ\u00f3mica convencional para la innovaci\u00f3n actual y futura?\u201d.&nbsp;<\/p>\n\n\n\n<p>Aquesta confer\u00e8ncia forma part del VII Programa Expert en Pol\u00edtica Sanit\u00e0ria i Farmacoeconomia que es va dur a terme a Mallorca durant els dies 18, 19 i 20 de setembre amb el t\u00edtol de \u201cLes noves ter\u00e0pies. Coneixement. Avaluaci\u00f3\u201d.<\/p>\n\n\n\n<div class=\"wp-block-image\"><figure class=\"aligncenter size-large\"><img loading=\"lazy\" decoding=\"async\" width=\"1024\" height=\"576\" src=\"https:\/\/ramib.org\/oficial\/wp-content\/uploads\/2022\/09\/ORTUN1.jpg\" alt=\"\" class=\"wp-image-3982\" srcset=\"https:\/\/ramib.org\/oficial\/wp-content\/uploads\/2022\/09\/ORTUN1.jpg 1024w, https:\/\/ramib.org\/oficial\/wp-content\/uploads\/2022\/09\/ORTUN1-300x169.jpg 300w, https:\/\/ramib.org\/oficial\/wp-content\/uploads\/2022\/09\/ORTUN1-768x432.jpg 768w, https:\/\/ramib.org\/oficial\/wp-content\/uploads\/2022\/09\/ORTUN1-696x392.jpg 696w, https:\/\/ramib.org\/oficial\/wp-content\/uploads\/2022\/09\/ORTUN1-747x420.jpg 747w\" sizes=\"(max-width: 1024px) 100vw, 1024px\" \/><\/figure><\/div>\n\n\n\n<div class=\"wp-block-image\"><figure class=\"aligncenter size-large\"><img loading=\"lazy\" decoding=\"async\" width=\"1024\" height=\"576\" src=\"https:\/\/ramib.org\/oficial\/wp-content\/uploads\/2022\/09\/ORTUN2-1.jpg\" alt=\"\" class=\"wp-image-3996\" srcset=\"https:\/\/ramib.org\/oficial\/wp-content\/uploads\/2022\/09\/ORTUN2-1.jpg 1024w, https:\/\/ramib.org\/oficial\/wp-content\/uploads\/2022\/09\/ORTUN2-1-300x169.jpg 300w, https:\/\/ramib.org\/oficial\/wp-content\/uploads\/2022\/09\/ORTUN2-1-768x432.jpg 768w, https:\/\/ramib.org\/oficial\/wp-content\/uploads\/2022\/09\/ORTUN2-1-696x392.jpg 696w, https:\/\/ramib.org\/oficial\/wp-content\/uploads\/2022\/09\/ORTUN2-1-747x420.jpg 747w\" sizes=\"(max-width: 1024px) 100vw, 1024px\" \/><\/figure><\/div>\n\n\n\n<p>L\u2019acte va ser presidit per l\u2019Excm. Sr. President de la corporaci\u00f3 Joan Besalduch Vidal; la consellera de Salut i Consum Patricia G\u00f3mez Picard; la directora d\u2019Assumptes Corporatius de Novartis Natividad Caldente y el Director del programa Guillem L\u00f3pez Casasnovas, Catedr\u00e0tic d\u2019Econom\u00eda de la Universitat Pompeu Fabra de Barcelona i director del CRES.<\/p>\n\n\n\n<div class=\"wp-block-image\"><figure class=\"aligncenter size-large\"><img loading=\"lazy\" decoding=\"async\" width=\"1024\" height=\"576\" src=\"https:\/\/ramib.org\/oficial\/wp-content\/uploads\/2022\/09\/ORTUN3-1024x576.jpg\" alt=\"\" class=\"wp-image-3986\" srcset=\"https:\/\/ramib.org\/oficial\/wp-content\/uploads\/2022\/09\/ORTUN3-1024x576.jpg 1024w, https:\/\/ramib.org\/oficial\/wp-content\/uploads\/2022\/09\/ORTUN3-300x169.jpg 300w, https:\/\/ramib.org\/oficial\/wp-content\/uploads\/2022\/09\/ORTUN3-768x432.jpg 768w, https:\/\/ramib.org\/oficial\/wp-content\/uploads\/2022\/09\/ORTUN3-1536x864.jpg 1536w, https:\/\/ramib.org\/oficial\/wp-content\/uploads\/2022\/09\/ORTUN3-2048x1152.jpg 2048w, https:\/\/ramib.org\/oficial\/wp-content\/uploads\/2022\/09\/ORTUN3-696x392.jpg 696w, https:\/\/ramib.org\/oficial\/wp-content\/uploads\/2022\/09\/ORTUN3-1068x601.jpg 1068w, https:\/\/ramib.org\/oficial\/wp-content\/uploads\/2022\/09\/ORTUN3-747x420.jpg 747w, https:\/\/ramib.org\/oficial\/wp-content\/uploads\/2022\/09\/ORTUN3-1920x1080.jpg 1920w\" sizes=\"(max-width: 1024px) 100vw, 1024px\" \/><\/figure><\/div>\n\n\n\n<figure class=\"wp-block-image size-large\"><img loading=\"lazy\" decoding=\"async\" width=\"1024\" height=\"683\" src=\"https:\/\/ramib.org\/oficial\/wp-content\/uploads\/2022\/09\/ORTUN6.jpg\" alt=\"\" class=\"wp-image-3992\" srcset=\"https:\/\/ramib.org\/oficial\/wp-content\/uploads\/2022\/09\/ORTUN6.jpg 1024w, https:\/\/ramib.org\/oficial\/wp-content\/uploads\/2022\/09\/ORTUN6-300x200.jpg 300w, https:\/\/ramib.org\/oficial\/wp-content\/uploads\/2022\/09\/ORTUN6-768x512.jpg 768w, https:\/\/ramib.org\/oficial\/wp-content\/uploads\/2022\/09\/ORTUN6-696x464.jpg 696w, https:\/\/ramib.org\/oficial\/wp-content\/uploads\/2022\/09\/ORTUN6-630x420.jpg 630w\" sizes=\"(max-width: 1024px) 100vw, 1024px\" \/><\/figure>\n\n\n\n<p>La confer\u00e8ncia va ser portada a c\u00e0rrec pel professor Vicente Ort\u00fan, fundador e investigador principal del centre de recerca en economia i salut (cres).<\/p>\n\n\n\n<div class=\"wp-block-image\"><figure class=\"aligncenter size-large\"><img loading=\"lazy\" decoding=\"async\" width=\"1024\" height=\"576\" src=\"https:\/\/ramib.org\/oficial\/wp-content\/uploads\/2022\/09\/ORTUN7.jpg\" alt=\"\" class=\"wp-image-3994\" srcset=\"https:\/\/ramib.org\/oficial\/wp-content\/uploads\/2022\/09\/ORTUN7.jpg 1024w, https:\/\/ramib.org\/oficial\/wp-content\/uploads\/2022\/09\/ORTUN7-300x169.jpg 300w, https:\/\/ramib.org\/oficial\/wp-content\/uploads\/2022\/09\/ORTUN7-768x432.jpg 768w, https:\/\/ramib.org\/oficial\/wp-content\/uploads\/2022\/09\/ORTUN7-696x392.jpg 696w, https:\/\/ramib.org\/oficial\/wp-content\/uploads\/2022\/09\/ORTUN7-747x420.jpg 747w\" sizes=\"(max-width: 1024px) 100vw, 1024px\" \/><\/figure><\/div>\n\n\n\n<div class=\"wp-block-image\"><figure class=\"aligncenter size-large\"><img loading=\"lazy\" decoding=\"async\" width=\"1024\" height=\"683\" src=\"https:\/\/ramib.org\/oficial\/wp-content\/uploads\/2022\/09\/ORTUN8.jpg\" alt=\"\" class=\"wp-image-3998\" srcset=\"https:\/\/ramib.org\/oficial\/wp-content\/uploads\/2022\/09\/ORTUN8.jpg 1024w, https:\/\/ramib.org\/oficial\/wp-content\/uploads\/2022\/09\/ORTUN8-300x200.jpg 300w, https:\/\/ramib.org\/oficial\/wp-content\/uploads\/2022\/09\/ORTUN8-768x512.jpg 768w, https:\/\/ramib.org\/oficial\/wp-content\/uploads\/2022\/09\/ORTUN8-696x464.jpg 696w, https:\/\/ramib.org\/oficial\/wp-content\/uploads\/2022\/09\/ORTUN8-630x420.jpg 630w\" sizes=\"(max-width: 1024px) 100vw, 1024px\" \/><\/figure><\/div>\n\n\n\n<div class=\"wp-block-image\"><figure class=\"aligncenter size-large\"><img loading=\"lazy\" decoding=\"async\" width=\"1024\" height=\"683\" src=\"https:\/\/ramib.org\/oficial\/wp-content\/uploads\/2022\/09\/ORTUN5.jpg\" alt=\"\" class=\"wp-image-3990\" srcset=\"https:\/\/ramib.org\/oficial\/wp-content\/uploads\/2022\/09\/ORTUN5.jpg 1024w, https:\/\/ramib.org\/oficial\/wp-content\/uploads\/2022\/09\/ORTUN5-300x200.jpg 300w, https:\/\/ramib.org\/oficial\/wp-content\/uploads\/2022\/09\/ORTUN5-768x512.jpg 768w, https:\/\/ramib.org\/oficial\/wp-content\/uploads\/2022\/09\/ORTUN5-696x464.jpg 696w, https:\/\/ramib.org\/oficial\/wp-content\/uploads\/2022\/09\/ORTUN5-630x420.jpg 630w\" sizes=\"(max-width: 1024px) 100vw, 1024px\" \/><\/figure><\/div>\n\n\n\n<p>La pon\u00e8ncia va ser seguida amb gran inter\u00e8s pel p\u00fablic assistent finalitzant amb l\u2019habitual debat posterior a les pon\u00e8ncies.<\/p>\n\n\n\n<div class=\"wp-block-image\"><figure class=\"aligncenter size-large\"><img loading=\"lazy\" decoding=\"async\" width=\"1024\" height=\"576\" src=\"https:\/\/ramib.org\/oficial\/wp-content\/uploads\/2022\/09\/ORTUN9.jpg\" alt=\"\" class=\"wp-image-4000\" srcset=\"https:\/\/ramib.org\/oficial\/wp-content\/uploads\/2022\/09\/ORTUN9.jpg 1024w, https:\/\/ramib.org\/oficial\/wp-content\/uploads\/2022\/09\/ORTUN9-300x169.jpg 300w, https:\/\/ramib.org\/oficial\/wp-content\/uploads\/2022\/09\/ORTUN9-768x432.jpg 768w, https:\/\/ramib.org\/oficial\/wp-content\/uploads\/2022\/09\/ORTUN9-696x392.jpg 696w, https:\/\/ramib.org\/oficial\/wp-content\/uploads\/2022\/09\/ORTUN9-747x420.jpg 747w\" sizes=\"(max-width: 1024px) 100vw, 1024px\" \/><\/figure><\/div>\n","protected":false},"excerpt":{"rendered":"<p>El passat dia 19 de setembre de 2022 va tenir lloc a la seu de la RAMIB la confer\u00e8ncia oberta \u201c\u00bfSirve el instrumental de evaluaci\u00f3n econ\u00f3mica convencional para la innovaci\u00f3n [&hellip;]<\/p>\n","protected":false},"author":3,"featured_media":4002,"comment_status":"open","ping_status":"closed","sticky":false,"template":"","format":"standard","meta":{"_monsterinsights_skip_tracking":false,"_monsterinsights_sitenote_active":false,"_monsterinsights_sitenote_note":"","_monsterinsights_sitenote_category":0,"footnotes":""},"categories":[14,24,269,17],"tags":[348,349],"_links":{"self":[{"href":"https:\/\/ramib.org\/oficial\/index.php\/wp-json\/wp\/v2\/posts\/3905"}],"collection":[{"href":"https:\/\/ramib.org\/oficial\/index.php\/wp-json\/wp\/v2\/posts"}],"about":[{"href":"https:\/\/ramib.org\/oficial\/index.php\/wp-json\/wp\/v2\/types\/post"}],"author":[{"embeddable":true,"href":"https:\/\/ramib.org\/oficial\/index.php\/wp-json\/wp\/v2\/users\/3"}],"replies":[{"embeddable":true,"href":"https:\/\/ramib.org\/oficial\/index.php\/wp-json\/wp\/v2\/comments?post=3905"}],"version-history":[{"count":2,"href":"https:\/\/ramib.org\/oficial\/index.php\/wp-json\/wp\/v2\/posts\/3905\/revisions"}],"predecessor-version":[{"id":4004,"href":"https:\/\/ramib.org\/oficial\/index.php\/wp-json\/wp\/v2\/posts\/3905\/revisions\/4004"}],"wp:featuredmedia":[{"embeddable":true,"href":"https:\/\/ramib.org\/oficial\/index.php\/wp-json\/wp\/v2\/media\/4002"}],"wp:attachment":[{"href":"https:\/\/ramib.org\/oficial\/index.php\/wp-json\/wp\/v2\/media?parent=3905"}],"wp:term":[{"taxonomy":"category","embeddable":true,"href":"https:\/\/ramib.org\/oficial\/index.php\/wp-json\/wp\/v2\/categories?post=3905"},{"taxonomy":"post_tag","embeddable":true,"href":"https:\/\/ramib.org\/oficial\/index.php\/wp-json\/wp\/v2\/tags?post=3905"}],"curies":[{"name":"wp","href":"https:\/\/api.w.org\/{rel}","templated":true}]}}