{"id":390,"date":"2019-06-03T10:01:17","date_gmt":"2019-06-03T10:01:17","guid":{"rendered":"https:\/\/ramib.org\/oficial\/index.php\/sessio-cientifica-04-06-2019-microcirurgia-vascular-en-la-cirurgia-plastica-i-reparadora-2\/"},"modified":"2020-02-03T00:48:57","modified_gmt":"2020-02-03T00:48:57","slug":"sessio-cientifica-04-06-2019-microcirurgia-vascular-en-la-cirurgia-plastica-i-reparadora-2","status":"publish","type":"post","link":"https:\/\/ramib.org\/oficial\/index.php\/2019\/06\/03\/sessio-cientifica-04-06-2019-microcirurgia-vascular-en-la-cirurgia-plastica-i-reparadora-2\/","title":{"rendered":"Sessi\u00f3 cient\u00edfica 04\/06\/2019: \u201cMicrocirurgia vascular en la Cirurgia Pl\u00e0stica i Reparadora\u201d"},"content":{"rendered":"<p style=\"text-align: justify\"><span style=\"font-family: verdana, geneva\">Sessi\u00f3 cient\u00edfica. &#8211; Dia 4 de juny es va celebrar a la seu acad\u00e8mica de Can Campaner la sessi\u00f3 cient\u00edfica <strong>\u201cMicrocirurgia vascular en la Cirurgia Pl\u00e0stica i Reparadora\u201d.<\/strong><\/span><\/p>\n<p style=\"text-align: justify\"><span style=\"font-family: verdana, geneva\">Va presentar al conferenciant l&#8217;acad\u00e8mic numerari Dr. Alfonso Ballesteros Fern\u00e1ndez i va moderar el col\u00b7loqui el Sr. president de la RAMIB.<\/span><span style=\"font-family: verdana, geneva\"><br><\/span><\/p>\n\n\n<ul class=\"wp-block-gallery columns-2 is-cropped wp-block-gallery-1 is-layout-flex wp-block-gallery-is-layout-flex\"><li class=\"blocks-gallery-item\"><figure><img loading=\"lazy\" decoding=\"async\" width=\"500\" height=\"333\" src=\"https:\/\/ramib.org\/oficial\/wp-content\/uploads\/2019\/09\/ESTRADA1.jpg\" alt=\"\" data-id=\"1121\" data-link=\"https:\/\/ramib.org\/oficial\/index.php\/2019\/06\/03\/sessio-cientifica-04-06-2019-microcirurgia-vascular-en-la-cirurgia-plastica-i-reparadora-2\/estrada1\/\" class=\"wp-image-1121\" srcset=\"https:\/\/ramib.org\/oficial\/wp-content\/uploads\/2019\/09\/ESTRADA1.jpg 500w, https:\/\/ramib.org\/oficial\/wp-content\/uploads\/2019\/09\/ESTRADA1-300x200.jpg 300w\" sizes=\"(max-width: 500px) 100vw, 500px\" \/><\/figure><\/li><li class=\"blocks-gallery-item\"><figure><img loading=\"lazy\" decoding=\"async\" width=\"500\" height=\"333\" src=\"https:\/\/ramib.org\/oficial\/wp-content\/uploads\/2019\/09\/ESTRADA2.jpg\" alt=\"\" data-id=\"1123\" data-link=\"https:\/\/ramib.org\/oficial\/index.php\/2019\/06\/03\/sessio-cientifica-04-06-2019-microcirurgia-vascular-en-la-cirurgia-plastica-i-reparadora-2\/estrada2\/\" class=\"wp-image-1123\" srcset=\"https:\/\/ramib.org\/oficial\/wp-content\/uploads\/2019\/09\/ESTRADA2.jpg 500w, https:\/\/ramib.org\/oficial\/wp-content\/uploads\/2019\/09\/ESTRADA2-300x200.jpg 300w\" sizes=\"(max-width: 500px) 100vw, 500px\" \/><\/figure><\/li><\/ul>\n\n\n\n<p>La  pon\u00e8ncia va ser portada a c\u00e0rrec del Dr. Jaume Estrada Cuxart, Cap del Servei de Cirurgia Pl\u00e0stica i Reparadora. Hospital Universitari Son Espases. <\/p>\n\n\n\n<ul class=\"wp-block-gallery columns-2 is-cropped wp-block-gallery-2 is-layout-flex wp-block-gallery-is-layout-flex\"><li class=\"blocks-gallery-item\"><figure><img loading=\"lazy\" decoding=\"async\" width=\"500\" height=\"333\" src=\"https:\/\/ramib.org\/oficial\/wp-content\/uploads\/2019\/09\/ESTRADA3.jpg\" alt=\"\" data-id=\"1125\" data-link=\"https:\/\/ramib.org\/oficial\/index.php\/2019\/06\/03\/sessio-cientifica-04-06-2019-microcirurgia-vascular-en-la-cirurgia-plastica-i-reparadora-2\/estrada3\/\" class=\"wp-image-1125\" srcset=\"https:\/\/ramib.org\/oficial\/wp-content\/uploads\/2019\/09\/ESTRADA3.jpg 500w, https:\/\/ramib.org\/oficial\/wp-content\/uploads\/2019\/09\/ESTRADA3-300x200.jpg 300w\" sizes=\"(max-width: 500px) 100vw, 500px\" \/><\/figure><\/li><li class=\"blocks-gallery-item\"><figure><img loading=\"lazy\" decoding=\"async\" width=\"500\" height=\"333\" src=\"https:\/\/ramib.org\/oficial\/wp-content\/uploads\/2019\/09\/ESTRADA4.jpg\" alt=\"\" data-id=\"1127\" data-link=\"https:\/\/ramib.org\/oficial\/index.php\/2019\/06\/03\/sessio-cientifica-04-06-2019-microcirurgia-vascular-en-la-cirurgia-plastica-i-reparadora-2\/estrada4\/\" class=\"wp-image-1127\" srcset=\"https:\/\/ramib.org\/oficial\/wp-content\/uploads\/2019\/09\/ESTRADA4.jpg 500w, https:\/\/ramib.org\/oficial\/wp-content\/uploads\/2019\/09\/ESTRADA4-300x200.jpg 300w\" sizes=\"(max-width: 500px) 100vw, 500px\" \/><\/figure><\/li><\/ul>\n\n\n\n<p>\n\nLa pon\u00e8ncia va ser seguida amb gran inter\u00e8s pel p\u00fablic assistent finalitzant amb l&#8217;habitual debat posterior a les pon\u00e8ncies.\n\n<\/p>\n\n\n\n<ul class=\"wp-block-gallery columns-3 is-cropped wp-block-gallery-3 is-layout-flex wp-block-gallery-is-layout-flex\"><li class=\"blocks-gallery-item\"><figure><img loading=\"lazy\" decoding=\"async\" width=\"500\" height=\"333\" src=\"https:\/\/ramib.org\/oficial\/wp-content\/uploads\/2019\/09\/ESTRADA7.jpg\" alt=\"\" data-id=\"1129\" data-link=\"https:\/\/ramib.org\/oficial\/index.php\/2019\/06\/03\/sessio-cientifica-04-06-2019-microcirurgia-vascular-en-la-cirurgia-plastica-i-reparadora-2\/estrada7\/\" class=\"wp-image-1129\" srcset=\"https:\/\/ramib.org\/oficial\/wp-content\/uploads\/2019\/09\/ESTRADA7.jpg 500w, https:\/\/ramib.org\/oficial\/wp-content\/uploads\/2019\/09\/ESTRADA7-300x200.jpg 300w\" sizes=\"(max-width: 500px) 100vw, 500px\" \/><\/figure><\/li><li class=\"blocks-gallery-item\"><figure><img loading=\"lazy\" decoding=\"async\" width=\"500\" height=\"333\" src=\"https:\/\/ramib.org\/oficial\/wp-content\/uploads\/2019\/09\/ESTRADA6.jpg\" alt=\"\" data-id=\"1131\" data-link=\"https:\/\/ramib.org\/oficial\/index.php\/2019\/06\/03\/sessio-cientifica-04-06-2019-microcirurgia-vascular-en-la-cirurgia-plastica-i-reparadora-2\/estrada6\/\" class=\"wp-image-1131\" srcset=\"https:\/\/ramib.org\/oficial\/wp-content\/uploads\/2019\/09\/ESTRADA6.jpg 500w, https:\/\/ramib.org\/oficial\/wp-content\/uploads\/2019\/09\/ESTRADA6-300x200.jpg 300w\" sizes=\"(max-width: 500px) 100vw, 500px\" \/><\/figure><\/li><li class=\"blocks-gallery-item\"><figure><img loading=\"lazy\" decoding=\"async\" width=\"500\" height=\"333\" src=\"https:\/\/ramib.org\/oficial\/wp-content\/uploads\/2019\/09\/ESTRADA5.jpg\" alt=\"\" data-id=\"1133\" data-link=\"https:\/\/ramib.org\/oficial\/index.php\/2019\/06\/03\/sessio-cientifica-04-06-2019-microcirurgia-vascular-en-la-cirurgia-plastica-i-reparadora-2\/estrada5\/\" class=\"wp-image-1133\" srcset=\"https:\/\/ramib.org\/oficial\/wp-content\/uploads\/2019\/09\/ESTRADA5.jpg 500w, https:\/\/ramib.org\/oficial\/wp-content\/uploads\/2019\/09\/ESTRADA5-300x200.jpg 300w\" sizes=\"(max-width: 500px) 100vw, 500px\" \/><\/figure><\/li><\/ul>\n","protected":false},"excerpt":{"rendered":"<p>Sessi\u00f3 cient\u00edfica. &#8211; Dia 4 de juny es va celebrar a la seu acad\u00e8mica de Can Campaner la sessi\u00f3 cient\u00edfica \u201cMicrocirurgia vascular en la Cirurgia Pl\u00e0stica i Reparadora\u201d. Va presentar [&hellip;]<\/p>\n","protected":false},"author":3,"featured_media":1108,"comment_status":"closed","ping_status":"closed","sticky":false,"template":"","format":"standard","meta":{"_monsterinsights_skip_tracking":false,"_monsterinsights_sitenote_active":false,"_monsterinsights_sitenote_note":"","_monsterinsights_sitenote_category":0,"footnotes":""},"categories":[14,24,165,17],"tags":[],"_links":{"self":[{"href":"https:\/\/ramib.org\/oficial\/index.php\/wp-json\/wp\/v2\/posts\/390"}],"collection":[{"href":"https:\/\/ramib.org\/oficial\/index.php\/wp-json\/wp\/v2\/posts"}],"about":[{"href":"https:\/\/ramib.org\/oficial\/index.php\/wp-json\/wp\/v2\/types\/post"}],"author":[{"embeddable":true,"href":"https:\/\/ramib.org\/oficial\/index.php\/wp-json\/wp\/v2\/users\/3"}],"replies":[{"embeddable":true,"href":"https:\/\/ramib.org\/oficial\/index.php\/wp-json\/wp\/v2\/comments?post=390"}],"version-history":[{"count":5,"href":"https:\/\/ramib.org\/oficial\/index.php\/wp-json\/wp\/v2\/posts\/390\/revisions"}],"predecessor-version":[{"id":1980,"href":"https:\/\/ramib.org\/oficial\/index.php\/wp-json\/wp\/v2\/posts\/390\/revisions\/1980"}],"wp:featuredmedia":[{"embeddable":true,"href":"https:\/\/ramib.org\/oficial\/index.php\/wp-json\/wp\/v2\/media\/1108"}],"wp:attachment":[{"href":"https:\/\/ramib.org\/oficial\/index.php\/wp-json\/wp\/v2\/media?parent=390"}],"wp:term":[{"taxonomy":"category","embeddable":true,"href":"https:\/\/ramib.org\/oficial\/index.php\/wp-json\/wp\/v2\/categories?post=390"},{"taxonomy":"post_tag","embeddable":true,"href":"https:\/\/ramib.org\/oficial\/index.php\/wp-json\/wp\/v2\/tags?post=390"}],"curies":[{"name":"wp","href":"https:\/\/api.w.org\/{rel}","templated":true}]}}