{"id":3888,"date":"2022-09-08T16:01:22","date_gmt":"2022-09-08T16:01:22","guid":{"rendered":"https:\/\/ramib.org\/oficial\/?p=3888"},"modified":"2022-09-24T16:49:46","modified_gmt":"2022-09-24T16:49:46","slug":"3888","status":"publish","type":"post","link":"https:\/\/ramib.org\/oficial\/index.php\/2022\/09\/08\/3888\/","title":{"rendered":"13\/09\/2022: Charla &#8211; coloqui: La informaci\u00f3 en salud, la necess\u00e0ria qualitat"},"content":{"rendered":"\n<p>El passat dia 13 de setembre de 2022 va tenir lloc en la seu de la RAMIB el col\u00b7loqui: La informaci\u00f3 en salut, la necess\u00e0ria qualitat.<\/p>\n\n\n\n<p>El col\u00b7loqui va ser organitzat pel Club Ultima Hora i la Reial Acad\u00e8mia de Medicina dels Illes Balears (RAMIB)amb motiu del conveni de col\u00b7laboraci\u00f3 signat entre ambdues institucions i va comptar com a ponents a la Sra. Elvira Lindo, escriptora i periodista i el M. Il\u00b7ltre. Sr. Javier Cort\u00e9s Bordoy, secretari general de la corporaci\u00f3.<\/p>\n\n\n\n<p>Varen signar el conveni la presidenta del Grup Serra, Sra. Carme Serra i el president de la RAMIB Dr. Joan Besalduch, els quals varen pronunciar unes paraules referents a aquest nou acord de col\u00b7laboraci\u00f3.<\/p>\n\n\n\n<figure class=\"wp-block-image size-large\"><img loading=\"lazy\" decoding=\"async\" width=\"640\" height=\"360\" src=\"https:\/\/ramib.org\/oficial\/wp-content\/uploads\/2022\/09\/CONVENIO1-1.jpg\" alt=\"\" class=\"wp-image-3945\" srcset=\"https:\/\/ramib.org\/oficial\/wp-content\/uploads\/2022\/09\/CONVENIO1-1.jpg 640w, https:\/\/ramib.org\/oficial\/wp-content\/uploads\/2022\/09\/CONVENIO1-1-300x169.jpg 300w\" sizes=\"(max-width: 640px) 100vw, 640px\" \/><\/figure>\n\n\n\n<figure class=\"wp-block-image size-large\"><img loading=\"lazy\" decoding=\"async\" width=\"640\" height=\"360\" src=\"https:\/\/ramib.org\/oficial\/wp-content\/uploads\/2022\/09\/CONVENIO2-1.jpg\" alt=\"\" class=\"wp-image-3947\" srcset=\"https:\/\/ramib.org\/oficial\/wp-content\/uploads\/2022\/09\/CONVENIO2-1.jpg 640w, https:\/\/ramib.org\/oficial\/wp-content\/uploads\/2022\/09\/CONVENIO2-1-300x169.jpg 300w\" sizes=\"(max-width: 640px) 100vw, 640px\" \/><\/figure>\n\n\n\n<figure class=\"wp-block-image size-large\"><img loading=\"lazy\" decoding=\"async\" width=\"640\" height=\"360\" src=\"https:\/\/ramib.org\/oficial\/wp-content\/uploads\/2022\/09\/CONVENIO2-2.jpg\" alt=\"\" class=\"wp-image-3949\" srcset=\"https:\/\/ramib.org\/oficial\/wp-content\/uploads\/2022\/09\/CONVENIO2-2.jpg 640w, https:\/\/ramib.org\/oficial\/wp-content\/uploads\/2022\/09\/CONVENIO2-2-300x169.jpg 300w\" sizes=\"(max-width: 640px) 100vw, 640px\" \/><\/figure>\n\n\n\n<figure class=\"wp-block-image size-large\"><img loading=\"lazy\" decoding=\"async\" width=\"640\" height=\"360\" src=\"https:\/\/ramib.org\/oficial\/wp-content\/uploads\/2022\/09\/CONVENIO3-1.jpg\" alt=\"\" class=\"wp-image-3951\" srcset=\"https:\/\/ramib.org\/oficial\/wp-content\/uploads\/2022\/09\/CONVENIO3-1.jpg 640w, https:\/\/ramib.org\/oficial\/wp-content\/uploads\/2022\/09\/CONVENIO3-1-300x169.jpg 300w\" sizes=\"(max-width: 640px) 100vw, 640px\" \/><\/figure>\n\n\n\n<figure class=\"wp-block-image size-large\"><img loading=\"lazy\" decoding=\"async\" width=\"640\" height=\"360\" src=\"https:\/\/ramib.org\/oficial\/wp-content\/uploads\/2022\/09\/CONVENIO4-1.jpg\" alt=\"\" class=\"wp-image-3953\" srcset=\"https:\/\/ramib.org\/oficial\/wp-content\/uploads\/2022\/09\/CONVENIO4-1.jpg 640w, https:\/\/ramib.org\/oficial\/wp-content\/uploads\/2022\/09\/CONVENIO4-1-300x169.jpg 300w\" sizes=\"(max-width: 640px) 100vw, 640px\" \/><\/figure>\n\n\n\n<p>Una vegada finalitzat l&#8217;acte de signatura del conveni de col\u00b7laboraci\u00f3 els dos ponents van debatre sobre la informaci\u00f3 i la desinformaci\u00f3 actual, sobre el paper distorsionant de les xarxes socials i sobre el futur que ve de la m\u00e0 de les noves generacions que han deixat d&#8217;informar-se amb les fonts m\u00e9s cl\u00e0ssiques i fiables, els mitjans de comunicaci\u00f3.<\/p>\n\n\n\n<figure class=\"wp-block-image size-large\"><img loading=\"lazy\" decoding=\"async\" width=\"640\" height=\"427\" src=\"https:\/\/ramib.org\/oficial\/wp-content\/uploads\/2022\/09\/ELVIRA1-1.jpg\" alt=\"\" class=\"wp-image-3955\" srcset=\"https:\/\/ramib.org\/oficial\/wp-content\/uploads\/2022\/09\/ELVIRA1-1.jpg 640w, https:\/\/ramib.org\/oficial\/wp-content\/uploads\/2022\/09\/ELVIRA1-1-300x200.jpg 300w, https:\/\/ramib.org\/oficial\/wp-content\/uploads\/2022\/09\/ELVIRA1-1-630x420.jpg 630w\" sizes=\"(max-width: 640px) 100vw, 640px\" \/><\/figure>\n\n\n\n<p>Segons Elvira Lindo s\u00f3n molts els factors que han pogut influir en el canvi del panorama actual. La crisi dels mitjans, especialment el complex escenari de la premsa escrita, i les diferents entrades de publicitat, o la defensa de la gratu\u00eftat dels continguts haurien abocat a la precarietat dels seus professionals. \u00abL&#8217;opini\u00f3 ha substitu\u00eft moltes vegades a la informaci\u00f3\u00bb, va defensar d&#8217;una banda. \u00abA pesar que es paga, \u00e9s m\u00e9s barat opinar que investigar\u00bb, va dir. I a m\u00e9s \u00abhem acostumat als lectors a no informar-se, sin\u00f3 a buscar l&#8217;opini\u00f3 que corrobori el que ell pensa\u00bb, va afegir.<\/p>\n\n\n\n<figure class=\"wp-block-image size-large\"><img loading=\"lazy\" decoding=\"async\" width=\"640\" height=\"427\" src=\"https:\/\/ramib.org\/oficial\/wp-content\/uploads\/2022\/09\/ELVIRA2-1.jpg\" alt=\"\" class=\"wp-image-3957\" srcset=\"https:\/\/ramib.org\/oficial\/wp-content\/uploads\/2022\/09\/ELVIRA2-1.jpg 640w, https:\/\/ramib.org\/oficial\/wp-content\/uploads\/2022\/09\/ELVIRA2-1-300x200.jpg 300w, https:\/\/ramib.org\/oficial\/wp-content\/uploads\/2022\/09\/ELVIRA2-1-630x420.jpg 630w\" sizes=\"(max-width: 640px) 100vw, 640px\" \/><\/figure>\n\n\n\n<p>\u00abAix\u00f2 \u00e9s perillos\u00edssim\u00bb, reaccionava al seu costat el doctor Cort\u00e8s, qui es va animar a exemplificar amb una recerca les declaracions de la periodista. \u00abFa sis anys publiquem un treball sobre on feien les consultes sanit\u00e0ries unes 6.000 dones. El 70% acudia a Google, el 20% a una ve\u00efna o una amiga i el 10% restant al metge\u00bb, va subratllar. \u00abLa conclusi\u00f3 \u00e9s dram\u00e0tica perqu\u00e8 en Google les webs oficials surten en el lloc 14 o 15&#8230;\u00bb.<\/p>\n\n\n\n<figure class=\"wp-block-image size-large\"><img loading=\"lazy\" decoding=\"async\" width=\"640\" height=\"427\" src=\"https:\/\/ramib.org\/oficial\/wp-content\/uploads\/2022\/09\/ELVIRA6-1.jpg\" alt=\"\" class=\"wp-image-3959\" srcset=\"https:\/\/ramib.org\/oficial\/wp-content\/uploads\/2022\/09\/ELVIRA6-1.jpg 640w, https:\/\/ramib.org\/oficial\/wp-content\/uploads\/2022\/09\/ELVIRA6-1-300x200.jpg 300w, https:\/\/ramib.org\/oficial\/wp-content\/uploads\/2022\/09\/ELVIRA6-1-630x420.jpg 630w\" sizes=\"(max-width: 640px) 100vw, 640px\" \/><\/figure>\n\n\n\n<p>I \u00e9s que en mat\u00e8ria de sanitat les conseq\u00fc\u00e8ncies poden ser encara m\u00e9s greus, com s&#8217;ha vist per exemple en la pand\u00e8mia. Durant la xerrada es va recordar com va proliferar el discurs antivacunes i el fet que tingu\u00e9s \u00abm\u00e9s for\u00e7a informativa\u00bb Novak Djokovic per negar-se a protegir-se de la COVID que una carta d&#8217;un grup investigador defensant la seva efectivitat.<\/p>\n\n\n\n<figure class=\"wp-block-image size-large\"><img loading=\"lazy\" decoding=\"async\" width=\"640\" height=\"361\" src=\"https:\/\/ramib.org\/oficial\/wp-content\/uploads\/2022\/09\/ELVIRA3-1.jpg\" alt=\"\" class=\"wp-image-3961\" srcset=\"https:\/\/ramib.org\/oficial\/wp-content\/uploads\/2022\/09\/ELVIRA3-1.jpg 640w, https:\/\/ramib.org\/oficial\/wp-content\/uploads\/2022\/09\/ELVIRA3-1-300x169.jpg 300w\" sizes=\"(max-width: 640px) 100vw, 640px\" \/><\/figure>\n\n\n\n<p>La famosa escriptora, tamb\u00e9 columnista, va defensar que fins i tot els tertulians o opinadors, col\u00b7lectiu entre el qual s&#8217;inclou, han de ser responsables: \u00abJo, categoria de cient\u00edfica no tinc, per\u00f2 s\u00ed \u00e8tica i la divulgaci\u00f3 de la mentida t\u00e9 fins molt clars\u00bb, va apuntar. En aquest sentit \u00abcal no confondre la llibertat d&#8217;expressi\u00f3 amb la mentida perqu\u00e8 en cap cas la llibertat pot perjudicar als altres\u00bb, va subratllar Lindo.<\/p>\n\n\n\n<figure class=\"wp-block-image size-large\"><img loading=\"lazy\" decoding=\"async\" width=\"640\" height=\"427\" src=\"https:\/\/ramib.org\/oficial\/wp-content\/uploads\/2022\/09\/ELVIRA5-1.jpg\" alt=\"\" class=\"wp-image-3963\" srcset=\"https:\/\/ramib.org\/oficial\/wp-content\/uploads\/2022\/09\/ELVIRA5-1.jpg 640w, https:\/\/ramib.org\/oficial\/wp-content\/uploads\/2022\/09\/ELVIRA5-1-300x200.jpg 300w, https:\/\/ramib.org\/oficial\/wp-content\/uploads\/2022\/09\/ELVIRA5-1-630x420.jpg 630w\" sizes=\"(max-width: 640px) 100vw, 640px\" \/><\/figure>\n\n\n\n<p>Per a prevenir la desinformaci\u00f3, en el col\u00b7loqui no van faltar refer\u00e8ncies a l&#8217;educaci\u00f3 de la poblaci\u00f3, sobretot en edat escolar. El doctor Javier Cort\u00e9s va advertir que \u00abels h\u00e0bits de vida saludables han de saber-se com el codi de circulaci\u00f3\u00bb i Lindo va afegir que falten campanyes estatals en aquest sentit.<\/p>\n\n\n\n<p>Abans d&#8217;acabar, Elvira Lindo va defensar la pr\u00e0ctica del bon periodisme com la millor font d&#8217;informaci\u00f3 i va lamentar que \u00abla seva base sigui la m\u00e9s invisible per al lector\u00bb.<\/p>\n\n\n\n<figure class=\"wp-block-image size-large\"><img loading=\"lazy\" decoding=\"async\" width=\"640\" height=\"427\" src=\"https:\/\/ramib.org\/oficial\/wp-content\/uploads\/2022\/09\/ELVIRA4-1.jpg\" alt=\"\" class=\"wp-image-3965\" srcset=\"https:\/\/ramib.org\/oficial\/wp-content\/uploads\/2022\/09\/ELVIRA4-1.jpg 640w, https:\/\/ramib.org\/oficial\/wp-content\/uploads\/2022\/09\/ELVIRA4-1-300x200.jpg 300w, https:\/\/ramib.org\/oficial\/wp-content\/uploads\/2022\/09\/ELVIRA4-1-630x420.jpg 630w\" sizes=\"(max-width: 640px) 100vw, 640px\" \/><\/figure>\n\n\n\n<p>El col\u00b7loqui va ser seguit amb gran inter\u00e8s pel p\u00fablic assistent finalitzant amb l&#8217;habitual debat posterior a les pon\u00e8ncies.<\/p>\n\n\n\n<p>Una vegada acabat l\u2019acte el president va aixecar la sessi\u00f3 agraint l\u2019assist\u00e8ncia al p\u00fablic i les autoritats presents.<\/p>\n\n\n\n<figure class=\"wp-block-image size-large\"><img loading=\"lazy\" decoding=\"async\" width=\"1024\" height=\"578\" src=\"https:\/\/ramib.org\/oficial\/wp-content\/uploads\/2022\/09\/ELVIRA7-1-1024x578.jpg\" alt=\"\" class=\"wp-image-3967\" srcset=\"https:\/\/ramib.org\/oficial\/wp-content\/uploads\/2022\/09\/ELVIRA7-1-1024x578.jpg 1024w, https:\/\/ramib.org\/oficial\/wp-content\/uploads\/2022\/09\/ELVIRA7-1-300x169.jpg 300w, https:\/\/ramib.org\/oficial\/wp-content\/uploads\/2022\/09\/ELVIRA7-1-768x433.jpg 768w, https:\/\/ramib.org\/oficial\/wp-content\/uploads\/2022\/09\/ELVIRA7-1-1536x866.jpg 1536w, https:\/\/ramib.org\/oficial\/wp-content\/uploads\/2022\/09\/ELVIRA7-1-2048x1155.jpg 2048w, https:\/\/ramib.org\/oficial\/wp-content\/uploads\/2022\/09\/ELVIRA7-1-696x393.jpg 696w, https:\/\/ramib.org\/oficial\/wp-content\/uploads\/2022\/09\/ELVIRA7-1-1068x602.jpg 1068w, https:\/\/ramib.org\/oficial\/wp-content\/uploads\/2022\/09\/ELVIRA7-1-745x420.jpg 745w, https:\/\/ramib.org\/oficial\/wp-content\/uploads\/2022\/09\/ELVIRA7-1-1920x1083.jpg 1920w\" sizes=\"(max-width: 1024px) 100vw, 1024px\" \/><\/figure>\n\n\n\n<figure class=\"wp-block-image size-large\"><img loading=\"lazy\" decoding=\"async\" width=\"640\" height=\"360\" src=\"https:\/\/ramib.org\/oficial\/wp-content\/uploads\/2022\/09\/ELVIRA8-1.jpg\" alt=\"\" class=\"wp-image-3969\" srcset=\"https:\/\/ramib.org\/oficial\/wp-content\/uploads\/2022\/09\/ELVIRA8-1.jpg 640w, https:\/\/ramib.org\/oficial\/wp-content\/uploads\/2022\/09\/ELVIRA8-1-300x169.jpg 300w\" sizes=\"(max-width: 640px) 100vw, 640px\" \/><\/figure>\n\n\n\n<figure class=\"wp-block-embed is-type-video is-provider-youtube wp-block-embed-youtube wp-embed-aspect-16-9 wp-has-aspect-ratio\"><div class=\"wp-block-embed__wrapper\">\n<iframe loading=\"lazy\" title=\"Charla-Coloquio: La informaci\u00f3n en salud, la necesaria calidad\" width=\"696\" height=\"392\" src=\"https:\/\/www.youtube.com\/embed\/Pc81E78CqJM?feature=oembed\" frameborder=\"0\" allow=\"accelerometer; autoplay; clipboard-write; encrypted-media; gyroscope; picture-in-picture\" allowfullscreen><\/iframe>\n<\/div><\/figure>\n","protected":false},"excerpt":{"rendered":"<p>El passat dia 13 de setembre de 2022 va tenir lloc en la seu de la RAMIB el col\u00b7loqui: La informaci\u00f3 en salut, la necess\u00e0ria qualitat. El col\u00b7loqui va ser [&hellip;]<\/p>\n","protected":false},"author":3,"featured_media":3941,"comment_status":"open","ping_status":"closed","sticky":false,"template":"","format":"standard","meta":{"_monsterinsights_skip_tracking":false,"_monsterinsights_sitenote_active":false,"_monsterinsights_sitenote_note":"","_monsterinsights_sitenote_category":0,"footnotes":""},"categories":[14,24,269,17],"tags":[341,344,339,199,340,343],"_links":{"self":[{"href":"https:\/\/ramib.org\/oficial\/index.php\/wp-json\/wp\/v2\/posts\/3888"}],"collection":[{"href":"https:\/\/ramib.org\/oficial\/index.php\/wp-json\/wp\/v2\/posts"}],"about":[{"href":"https:\/\/ramib.org\/oficial\/index.php\/wp-json\/wp\/v2\/types\/post"}],"author":[{"embeddable":true,"href":"https:\/\/ramib.org\/oficial\/index.php\/wp-json\/wp\/v2\/users\/3"}],"replies":[{"embeddable":true,"href":"https:\/\/ramib.org\/oficial\/index.php\/wp-json\/wp\/v2\/comments?post=3888"}],"version-history":[{"count":5,"href":"https:\/\/ramib.org\/oficial\/index.php\/wp-json\/wp\/v2\/posts\/3888\/revisions"}],"predecessor-version":[{"id":3980,"href":"https:\/\/ramib.org\/oficial\/index.php\/wp-json\/wp\/v2\/posts\/3888\/revisions\/3980"}],"wp:featuredmedia":[{"embeddable":true,"href":"https:\/\/ramib.org\/oficial\/index.php\/wp-json\/wp\/v2\/media\/3941"}],"wp:attachment":[{"href":"https:\/\/ramib.org\/oficial\/index.php\/wp-json\/wp\/v2\/media?parent=3888"}],"wp:term":[{"taxonomy":"category","embeddable":true,"href":"https:\/\/ramib.org\/oficial\/index.php\/wp-json\/wp\/v2\/categories?post=3888"},{"taxonomy":"post_tag","embeddable":true,"href":"https:\/\/ramib.org\/oficial\/index.php\/wp-json\/wp\/v2\/tags?post=3888"}],"curies":[{"name":"wp","href":"https:\/\/api.w.org\/{rel}","templated":true}]}}