{"id":3808,"date":"2022-06-30T07:41:00","date_gmt":"2022-06-30T07:41:00","guid":{"rendered":"https:\/\/ramib.org\/oficial\/?p=3808"},"modified":"2022-07-08T07:45:39","modified_gmt":"2022-07-08T07:45:39","slug":"30-06-2022-sessio-de-presentacio-de-projectes-de-tesis-2022","status":"publish","type":"post","link":"https:\/\/ramib.org\/oficial\/index.php\/2022\/06\/30\/30-06-2022-sessio-de-presentacio-de-projectes-de-tesis-2022\/","title":{"rendered":"30\/06\/2022: sessi\u00f3 de presentaci\u00f3 de projectes de tesis 2022"},"content":{"rendered":"<p>Dia 30 de juny de 2022 es va celebrar a la seu acad\u00e8mica de Can Campaner la sessi\u00f3 de presentaci\u00f3 de projectes de tesis.<\/p>\n<p>Els projectes de tesis presentats varen ser els seg\u00fcents:<\/p>\n<p><strong>T\u00edtol del projecte de tesis:<\/strong> El entorno educativo y el docente claves para el aumento de poblaci\u00f3n formada en SVB y manejo de DESA<\/p>\n<p><strong>Doctorant:<\/strong> Lourdes Luque L\u00f3pez<\/p>\n<p><strong>Directors:<\/strong> Jes\u00fas Molina Mula<\/p>\n<p><img loading=\"lazy\" decoding=\"async\" class=\"aligncenter size-full wp-image-3784\" src=\"https:\/\/ramib.org\/oficial\/wp-content\/uploads\/2022\/07\/tesis2.jpg\" alt=\"\" width=\"1024\" height=\"683\" srcset=\"https:\/\/ramib.org\/oficial\/wp-content\/uploads\/2022\/07\/tesis2.jpg 1024w, https:\/\/ramib.org\/oficial\/wp-content\/uploads\/2022\/07\/tesis2-300x200.jpg 300w, https:\/\/ramib.org\/oficial\/wp-content\/uploads\/2022\/07\/tesis2-768x512.jpg 768w, https:\/\/ramib.org\/oficial\/wp-content\/uploads\/2022\/07\/tesis2-696x464.jpg 696w, https:\/\/ramib.org\/oficial\/wp-content\/uploads\/2022\/07\/tesis2-630x420.jpg 630w\" sizes=\"(max-width: 1024px) 100vw, 1024px\" \/> <img loading=\"lazy\" decoding=\"async\" class=\"aligncenter size-full wp-image-3782\" src=\"https:\/\/ramib.org\/oficial\/wp-content\/uploads\/2022\/07\/tesis1.jpg\" alt=\"\" width=\"1024\" height=\"683\" srcset=\"https:\/\/ramib.org\/oficial\/wp-content\/uploads\/2022\/07\/tesis1.jpg 1024w, https:\/\/ramib.org\/oficial\/wp-content\/uploads\/2022\/07\/tesis1-300x200.jpg 300w, https:\/\/ramib.org\/oficial\/wp-content\/uploads\/2022\/07\/tesis1-768x512.jpg 768w, https:\/\/ramib.org\/oficial\/wp-content\/uploads\/2022\/07\/tesis1-696x464.jpg 696w, https:\/\/ramib.org\/oficial\/wp-content\/uploads\/2022\/07\/tesis1-630x420.jpg 630w\" sizes=\"(max-width: 1024px) 100vw, 1024px\" \/><\/p>\n<p><strong>T\u00edtol del projecte de tesis:<\/strong> Metabolisme i autof\u00e0gia en limf\u00f2cits B de pacients amb Immunodefici\u00e8ncia Variable Comuna (IVC) i complicacions no infeccioses.<\/p>\n<p><strong>Doctorant:<\/strong> Maria Berman Riu<\/p>\n<p><strong>Directors:<\/strong> Joana Maria Ferrer Balaguer<\/p>\n<p><img loading=\"lazy\" decoding=\"async\" class=\"aligncenter size-full wp-image-3786\" src=\"https:\/\/ramib.org\/oficial\/wp-content\/uploads\/2022\/07\/tesis3.jpg\" alt=\"\" width=\"1024\" height=\"683\" srcset=\"https:\/\/ramib.org\/oficial\/wp-content\/uploads\/2022\/07\/tesis3.jpg 1024w, https:\/\/ramib.org\/oficial\/wp-content\/uploads\/2022\/07\/tesis3-300x200.jpg 300w, https:\/\/ramib.org\/oficial\/wp-content\/uploads\/2022\/07\/tesis3-768x512.jpg 768w, https:\/\/ramib.org\/oficial\/wp-content\/uploads\/2022\/07\/tesis3-696x464.jpg 696w, https:\/\/ramib.org\/oficial\/wp-content\/uploads\/2022\/07\/tesis3-630x420.jpg 630w\" sizes=\"(max-width: 1024px) 100vw, 1024px\" \/> <img loading=\"lazy\" decoding=\"async\" class=\"aligncenter size-full wp-image-3788\" src=\"https:\/\/ramib.org\/oficial\/wp-content\/uploads\/2022\/07\/tesis4.jpg\" alt=\"\" width=\"1024\" height=\"683\" srcset=\"https:\/\/ramib.org\/oficial\/wp-content\/uploads\/2022\/07\/tesis4.jpg 1024w, https:\/\/ramib.org\/oficial\/wp-content\/uploads\/2022\/07\/tesis4-300x200.jpg 300w, https:\/\/ramib.org\/oficial\/wp-content\/uploads\/2022\/07\/tesis4-768x512.jpg 768w, https:\/\/ramib.org\/oficial\/wp-content\/uploads\/2022\/07\/tesis4-696x464.jpg 696w, https:\/\/ramib.org\/oficial\/wp-content\/uploads\/2022\/07\/tesis4-630x420.jpg 630w\" sizes=\"(max-width: 1024px) 100vw, 1024px\" \/><\/p>\n<p><strong>T\u00edtol del projecte de tesis:<\/strong> : Conocimientos sobre Pr\u00e1ctica Basada en la Evidencia (PBE): Una dimensi\u00f3n de validaci\u00f3n en el cuestionario Health Science Evidence-Based Practice (HS-EBP).<\/p>\n<p><strong>Doctorant:<\/strong> Clara Carbonell Cresp\u00ed<\/p>\n<p><strong>Directors:<\/strong> Alberto Jos\u00e9 Ses\u00e9 Abad y Juan Carlos Fern\u00e1ndez Dom\u00ednguez<\/p>\n<p><img loading=\"lazy\" decoding=\"async\" class=\"aligncenter size-full wp-image-3790\" src=\"https:\/\/ramib.org\/oficial\/wp-content\/uploads\/2022\/07\/tesis5.jpg\" alt=\"\" width=\"1024\" height=\"683\" srcset=\"https:\/\/ramib.org\/oficial\/wp-content\/uploads\/2022\/07\/tesis5.jpg 1024w, https:\/\/ramib.org\/oficial\/wp-content\/uploads\/2022\/07\/tesis5-300x200.jpg 300w, https:\/\/ramib.org\/oficial\/wp-content\/uploads\/2022\/07\/tesis5-768x512.jpg 768w, https:\/\/ramib.org\/oficial\/wp-content\/uploads\/2022\/07\/tesis5-696x464.jpg 696w, https:\/\/ramib.org\/oficial\/wp-content\/uploads\/2022\/07\/tesis5-630x420.jpg 630w\" sizes=\"(max-width: 1024px) 100vw, 1024px\" \/> <img loading=\"lazy\" decoding=\"async\" class=\"aligncenter size-full wp-image-3792\" src=\"https:\/\/ramib.org\/oficial\/wp-content\/uploads\/2022\/07\/tesis6.jpg\" alt=\"\" width=\"1024\" height=\"683\" srcset=\"https:\/\/ramib.org\/oficial\/wp-content\/uploads\/2022\/07\/tesis6.jpg 1024w, https:\/\/ramib.org\/oficial\/wp-content\/uploads\/2022\/07\/tesis6-300x200.jpg 300w, https:\/\/ramib.org\/oficial\/wp-content\/uploads\/2022\/07\/tesis6-768x512.jpg 768w, https:\/\/ramib.org\/oficial\/wp-content\/uploads\/2022\/07\/tesis6-696x464.jpg 696w, https:\/\/ramib.org\/oficial\/wp-content\/uploads\/2022\/07\/tesis6-630x420.jpg 630w\" sizes=\"(max-width: 1024px) 100vw, 1024px\" \/><\/p>\n<p><strong>T\u00edtol del projecte de tesis:<\/strong> Efectos de la inflamaci\u00f3n sobre las mitocondrias en el c\u00e1ncer. Estr\u00e9s oxidativo y resistencia al tratamiento<\/p>\n<p>Efectos de la inflamaci\u00f3n sobre las mitocondrias y el estr\u00e9s oxidativo en el c\u00e1ncer y su relaci\u00f3n con la resistencia al tratamiento.<\/p>\n<p><strong>Doctorant:<\/strong> Toni Mart\u00ednez Bernab\u00e9<\/p>\n<p><strong>Directors:<\/strong> Dr. Jorge Sastre Serra y Dr. Jordi Oliver Oliver<\/p>\n<p><img loading=\"lazy\" decoding=\"async\" class=\"aligncenter size-full wp-image-3796\" src=\"https:\/\/ramib.org\/oficial\/wp-content\/uploads\/2022\/07\/tesis8.jpg\" alt=\"\" width=\"1024\" height=\"683\" srcset=\"https:\/\/ramib.org\/oficial\/wp-content\/uploads\/2022\/07\/tesis8.jpg 1024w, https:\/\/ramib.org\/oficial\/wp-content\/uploads\/2022\/07\/tesis8-300x200.jpg 300w, https:\/\/ramib.org\/oficial\/wp-content\/uploads\/2022\/07\/tesis8-768x512.jpg 768w, https:\/\/ramib.org\/oficial\/wp-content\/uploads\/2022\/07\/tesis8-696x464.jpg 696w, https:\/\/ramib.org\/oficial\/wp-content\/uploads\/2022\/07\/tesis8-630x420.jpg 630w\" sizes=\"(max-width: 1024px) 100vw, 1024px\" \/> <img loading=\"lazy\" decoding=\"async\" class=\"aligncenter size-full wp-image-3794\" src=\"https:\/\/ramib.org\/oficial\/wp-content\/uploads\/2022\/07\/tesis7.jpg\" alt=\"\" width=\"1024\" height=\"683\" srcset=\"https:\/\/ramib.org\/oficial\/wp-content\/uploads\/2022\/07\/tesis7.jpg 1024w, https:\/\/ramib.org\/oficial\/wp-content\/uploads\/2022\/07\/tesis7-300x200.jpg 300w, https:\/\/ramib.org\/oficial\/wp-content\/uploads\/2022\/07\/tesis7-768x512.jpg 768w, https:\/\/ramib.org\/oficial\/wp-content\/uploads\/2022\/07\/tesis7-696x464.jpg 696w, https:\/\/ramib.org\/oficial\/wp-content\/uploads\/2022\/07\/tesis7-630x420.jpg 630w\" sizes=\"(max-width: 1024px) 100vw, 1024px\" \/><\/p>\n<p><strong>T\u00edtol del projecte de tesis:<\/strong> Prevalencia de factores psicol\u00f3gicos asociados a par\u00e1metros endocrino-metab\u00f3licos y la evoluci\u00f3n materno-fetal en mujeres gestantes.<\/p>\n<p><strong>Doctorant:<\/strong> Aina Bonet Manresa<\/p>\n<p><strong>Directors:<\/strong> Irene Rodr\u00edguez Rodr\u00edguez y Llu\u00eds Masmiquel Comas<\/p>\n<p><img loading=\"lazy\" decoding=\"async\" class=\"aligncenter size-full wp-image-3798\" src=\"https:\/\/ramib.org\/oficial\/wp-content\/uploads\/2022\/07\/tesis9.jpg\" alt=\"\" width=\"1024\" height=\"683\" srcset=\"https:\/\/ramib.org\/oficial\/wp-content\/uploads\/2022\/07\/tesis9.jpg 1024w, https:\/\/ramib.org\/oficial\/wp-content\/uploads\/2022\/07\/tesis9-300x200.jpg 300w, https:\/\/ramib.org\/oficial\/wp-content\/uploads\/2022\/07\/tesis9-768x512.jpg 768w, https:\/\/ramib.org\/oficial\/wp-content\/uploads\/2022\/07\/tesis9-696x464.jpg 696w, https:\/\/ramib.org\/oficial\/wp-content\/uploads\/2022\/07\/tesis9-630x420.jpg 630w\" sizes=\"(max-width: 1024px) 100vw, 1024px\" \/> <img loading=\"lazy\" decoding=\"async\" class=\"aligncenter size-full wp-image-3804\" src=\"https:\/\/ramib.org\/oficial\/wp-content\/uploads\/2022\/07\/tesis12.jpg\" alt=\"\" width=\"1024\" height=\"683\" srcset=\"https:\/\/ramib.org\/oficial\/wp-content\/uploads\/2022\/07\/tesis12.jpg 1024w, https:\/\/ramib.org\/oficial\/wp-content\/uploads\/2022\/07\/tesis12-300x200.jpg 300w, https:\/\/ramib.org\/oficial\/wp-content\/uploads\/2022\/07\/tesis12-768x512.jpg 768w, https:\/\/ramib.org\/oficial\/wp-content\/uploads\/2022\/07\/tesis12-696x464.jpg 696w, https:\/\/ramib.org\/oficial\/wp-content\/uploads\/2022\/07\/tesis12-630x420.jpg 630w\" sizes=\"(max-width: 1024px) 100vw, 1024px\" \/><\/p>\n<p><strong>T\u00edtol del projecte de tesis:<\/strong> \u201cDesarrollo de nuevas indicaciones del SNF 472 para el tratamiento de enfermedades relacionadas con la calcificaci\u00f3n vascular\u201d<\/p>\n<p><strong>Doctorant:<\/strong> Marc Blasco Ferrer<\/p>\n<p><strong>Directors:<\/strong> Joan Perell\u00f3 Bestard; Carolina Salcedo Roca; Firas Bassissi<\/p>\n<p><img loading=\"lazy\" decoding=\"async\" class=\"aligncenter size-full wp-image-3802\" src=\"https:\/\/ramib.org\/oficial\/wp-content\/uploads\/2022\/07\/tesis11.jpg\" alt=\"\" width=\"1024\" height=\"683\" srcset=\"https:\/\/ramib.org\/oficial\/wp-content\/uploads\/2022\/07\/tesis11.jpg 1024w, https:\/\/ramib.org\/oficial\/wp-content\/uploads\/2022\/07\/tesis11-300x200.jpg 300w, https:\/\/ramib.org\/oficial\/wp-content\/uploads\/2022\/07\/tesis11-768x512.jpg 768w, https:\/\/ramib.org\/oficial\/wp-content\/uploads\/2022\/07\/tesis11-696x464.jpg 696w, https:\/\/ramib.org\/oficial\/wp-content\/uploads\/2022\/07\/tesis11-630x420.jpg 630w\" sizes=\"(max-width: 1024px) 100vw, 1024px\" \/> <img loading=\"lazy\" decoding=\"async\" class=\"aligncenter size-full wp-image-3800\" src=\"https:\/\/ramib.org\/oficial\/wp-content\/uploads\/2022\/07\/tesis10.jpg\" alt=\"\" width=\"1024\" height=\"683\" srcset=\"https:\/\/ramib.org\/oficial\/wp-content\/uploads\/2022\/07\/tesis10.jpg 1024w, https:\/\/ramib.org\/oficial\/wp-content\/uploads\/2022\/07\/tesis10-300x200.jpg 300w, https:\/\/ramib.org\/oficial\/wp-content\/uploads\/2022\/07\/tesis10-768x512.jpg 768w, https:\/\/ramib.org\/oficial\/wp-content\/uploads\/2022\/07\/tesis10-696x464.jpg 696w, https:\/\/ramib.org\/oficial\/wp-content\/uploads\/2022\/07\/tesis10-630x420.jpg 630w\" sizes=\"(max-width: 1024px) 100vw, 1024px\" \/><\/p>\n<p>Els acad\u00e8mics numeraris que varen assistir a la sessi\u00f3 varen felicitar els ponents per l\u2019alt nivell dels projectes presentats.<\/p>\n","protected":false},"excerpt":{"rendered":"<p>Dia 30 de juny de 2022 es va celebrar a la seu acad\u00e8mica de Can Campaner la sessi\u00f3 de presentaci\u00f3 de projectes de tesis. Els projectes de tesis presentats varen [&hellip;]<\/p>\n","protected":false},"author":3,"featured_media":3806,"comment_status":"open","ping_status":"closed","sticky":false,"template":"","format":"standard","meta":{"_monsterinsights_skip_tracking":false,"_monsterinsights_sitenote_active":false,"_monsterinsights_sitenote_note":"","_monsterinsights_sitenote_category":0,"footnotes":""},"categories":[14,24,269,17],"tags":[],"_links":{"self":[{"href":"https:\/\/ramib.org\/oficial\/index.php\/wp-json\/wp\/v2\/posts\/3808"}],"collection":[{"href":"https:\/\/ramib.org\/oficial\/index.php\/wp-json\/wp\/v2\/posts"}],"about":[{"href":"https:\/\/ramib.org\/oficial\/index.php\/wp-json\/wp\/v2\/types\/post"}],"author":[{"embeddable":true,"href":"https:\/\/ramib.org\/oficial\/index.php\/wp-json\/wp\/v2\/users\/3"}],"replies":[{"embeddable":true,"href":"https:\/\/ramib.org\/oficial\/index.php\/wp-json\/wp\/v2\/comments?post=3808"}],"version-history":[{"count":1,"href":"https:\/\/ramib.org\/oficial\/index.php\/wp-json\/wp\/v2\/posts\/3808\/revisions"}],"predecessor-version":[{"id":3809,"href":"https:\/\/ramib.org\/oficial\/index.php\/wp-json\/wp\/v2\/posts\/3808\/revisions\/3809"}],"wp:featuredmedia":[{"embeddable":true,"href":"https:\/\/ramib.org\/oficial\/index.php\/wp-json\/wp\/v2\/media\/3806"}],"wp:attachment":[{"href":"https:\/\/ramib.org\/oficial\/index.php\/wp-json\/wp\/v2\/media?parent=3808"}],"wp:term":[{"taxonomy":"category","embeddable":true,"href":"https:\/\/ramib.org\/oficial\/index.php\/wp-json\/wp\/v2\/categories?post=3808"},{"taxonomy":"post_tag","embeddable":true,"href":"https:\/\/ramib.org\/oficial\/index.php\/wp-json\/wp\/v2\/tags?post=3808"}],"curies":[{"name":"wp","href":"https:\/\/api.w.org\/{rel}","templated":true}]}}